{"id":935,"date":"2012-10-27T18:21:29","date_gmt":"2012-10-27T17:21:29","guid":{"rendered":"http:\/\/www.tecnos.cat\/ampa\/?p=935"},"modified":"2018-02-27T10:09:25","modified_gmt":"2018-02-27T09:09:25","slug":"confirmem-excursio-al-cim-del-sui-al-pla-de-la-calma","status":"publish","type":"post","link":"http:\/\/www.tecnos.cat\/ampa\/confirmem-excursio-al-cim-del-sui-al-pla-de-la-calma\/","title":{"rendered":"confirmem excursi\u00f3 al Cim del Sui al Pla de La Calma"},"content":{"rendered":"<p>CONFIRMADA l\u2019excursi\u00f3 de dem\u00e0 al Cim del Sui al Pla de La Calma, tota la informaci\u00f3 d&#8217;horaris i sortides aqu\u00ed:<\/p>\n<p><a href=\"http:\/\/www.tecnos.cat\/ampa\/sortida-el-sui-28-1-12-treskatecnos\/\" target=\"_blank\">http:\/\/www.tecnos.cat\/ampa\/sortida-el-sui-28-1-12-treskatecnos\/<\/a><\/p>\n<p>\u00b7 Recordeu que l&#8217;hora s&#8217;atrassa aquesta nit (a les 3 seran les 2)<\/p>\n<p>\u00b7 La previsi\u00f3 meteorol\u00f2gica \u00e9s bon temps per\u00f2 temperatures baixes: consulteu el <a href=\"http:\/\/www.meteo.cat\/servmet\/prediccio\/mtermini\/municipal\/valles_oriental1.html\" target=\"_blank\">meteocat<\/a><\/p>\n<div class=\"sharedaddy sd-sharing-enabled\"><div class=\"robots-nocontent sd-block sd-social sd-social-icon sd-sharing\"><h3 class=\"sd-title\">Share this:<\/h3><div class=\"sd-content\"><ul><li class=\"share-print\"><a rel=\"nofollow noopener noreferrer\" data-shared=\"\" class=\"share-print sd-button share-icon no-text\" href=\"http:\/\/www.tecnos.cat\/ampa\/confirmem-excursio-al-cim-del-sui-al-pla-de-la-calma\/\" target=\"_blank\" title=\"Click to print\" ><span><\/span><span class=\"sharing-screen-reader-text\">Click to print (Opens in new window)<\/span><\/a><\/li><li class=\"share-email\"><a rel=\"nofollow noopener noreferrer\" data-shared=\"\" class=\"share-email sd-button share-icon no-text\" href=\"mailto:?subject=%5BShared%20Post%5D%20confirmem%20excursi%C3%B3%20al%20Cim%20del%20Sui%20al%20Pla%20de%20La%20Calma&body=http%3A%2F%2Fwww.tecnos.cat%2Fampa%2Fconfirmem-excursio-al-cim-del-sui-al-pla-de-la-calma%2F&share=email\" target=\"_blank\" title=\"Click to email a link to a friend\" data-email-share-error-title=\"Do you have email set up?\" data-email-share-error-text=\"If you&#039;re having problems sharing via email, you might not have email set up for your browser. You may need to create a new email yourself.\" data-email-share-nonce=\"43b2f47514\" data-email-share-track-url=\"http:\/\/www.tecnos.cat\/ampa\/confirmem-excursio-al-cim-del-sui-al-pla-de-la-calma\/?share=email\"><span><\/span><span class=\"sharing-screen-reader-text\">Click to email a link to a friend (Opens in new window)<\/span><\/a><\/li><li class=\"share-facebook\"><a rel=\"nofollow noopener noreferrer\" data-shared=\"sharing-facebook-935\" class=\"share-facebook sd-button share-icon no-text\" href=\"http:\/\/www.tecnos.cat\/ampa\/confirmem-excursio-al-cim-del-sui-al-pla-de-la-calma\/?share=facebook\" target=\"_blank\" title=\"Click to share on Facebook\" ><span><\/span><span class=\"sharing-screen-reader-text\">Click to share on Facebook (Opens in new window)<\/span><\/a><\/li><li class=\"share-linkedin\"><a rel=\"nofollow noopener noreferrer\" data-shared=\"sharing-linkedin-935\" class=\"share-linkedin sd-button share-icon no-text\" href=\"http:\/\/www.tecnos.cat\/ampa\/confirmem-excursio-al-cim-del-sui-al-pla-de-la-calma\/?share=linkedin\" target=\"_blank\" title=\"Click to share on LinkedIn\" ><span><\/span><span class=\"sharing-screen-reader-text\">Click to share on LinkedIn (Opens in new window)<\/span><\/a><\/li><li class=\"share-twitter\"><a rel=\"nofollow noopener noreferrer\" data-shared=\"sharing-twitter-935\" class=\"share-twitter sd-button share-icon no-text\" href=\"http:\/\/www.tecnos.cat\/ampa\/confirmem-excursio-al-cim-del-sui-al-pla-de-la-calma\/?share=twitter\" target=\"_blank\" title=\"Click to share on Twitter\" ><span><\/span><span class=\"sharing-screen-reader-text\">Click to share on Twitter (Opens in new window)<\/span><\/a><\/li><li class=\"share-end\"><\/li><\/ul><\/div><\/div><\/div>","protected":false},"excerpt":{"rendered":"<p>CONFIRMADA l\u2019excursi\u00f3 de dem\u00e0 al Cim del Sui al Pla de La Calma, tota la informaci\u00f3 d&#8217;horaris i sortides aqu\u00ed: http:\/\/www.tecnos.cat\/ampa\/sortida-el-sui-28-1-12-treskatecnos\/ \u00b7 Recordeu que l&#8217;hora s&#8217;atrassa aquesta nit (a les 3 seran les 2) \u00b7 La previsi\u00f3 meteorol\u00f2gica \u00e9s bon temps per\u00f2 temperatures baixes: consulteu el meteocat<\/p>\n<div class=\"sharedaddy sd-sharing-enabled\"><div class=\"robots-nocontent sd-block sd-social sd-social-icon sd-sharing\"><h3 class=\"sd-title\">Share this:<\/h3><div class=\"sd-content\"><ul><li class=\"share-print\"><a rel=\"nofollow noopener noreferrer\" data-shared=\"\" class=\"share-print sd-button share-icon no-text\" href=\"http:\/\/www.tecnos.cat\/ampa\/confirmem-excursio-al-cim-del-sui-al-pla-de-la-calma\/\" target=\"_blank\" title=\"Click to print\" ><span><\/span><span class=\"sharing-screen-reader-text\">Click to print (Opens in new window)<\/span><\/a><\/li><li class=\"share-email\"><a rel=\"nofollow noopener noreferrer\" data-shared=\"\" class=\"share-email sd-button share-icon no-text\" href=\"mailto:?subject=%5BShared%20Post%5D%20confirmem%20excursi%C3%B3%20al%20Cim%20del%20Sui%20al%20Pla%20de%20La%20Calma&body=http%3A%2F%2Fwww.tecnos.cat%2Fampa%2Fconfirmem-excursio-al-cim-del-sui-al-pla-de-la-calma%2F&share=email\" target=\"_blank\" title=\"Click to email a link to a friend\" data-email-share-error-title=\"Do you have email set up?\" data-email-share-error-text=\"If you&#039;re having problems sharing via email, you might not have email set up for your browser. You may need to create a new email yourself.\" data-email-share-nonce=\"43b2f47514\" data-email-share-track-url=\"http:\/\/www.tecnos.cat\/ampa\/confirmem-excursio-al-cim-del-sui-al-pla-de-la-calma\/?share=email\"><span><\/span><span class=\"sharing-screen-reader-text\">Click to email a link to a friend (Opens in new window)<\/span><\/a><\/li><li class=\"share-facebook\"><a rel=\"nofollow noopener noreferrer\" data-shared=\"sharing-facebook-935\" class=\"share-facebook sd-button share-icon no-text\" href=\"http:\/\/www.tecnos.cat\/ampa\/confirmem-excursio-al-cim-del-sui-al-pla-de-la-calma\/?share=facebook\" target=\"_blank\" title=\"Click to share on Facebook\" ><span><\/span><span class=\"sharing-screen-reader-text\">Click to share on Facebook (Opens in new window)<\/span><\/a><\/li><li class=\"share-linkedin\"><a rel=\"nofollow noopener noreferrer\" data-shared=\"sharing-linkedin-935\" class=\"share-linkedin sd-button share-icon no-text\" href=\"http:\/\/www.tecnos.cat\/ampa\/confirmem-excursio-al-cim-del-sui-al-pla-de-la-calma\/?share=linkedin\" target=\"_blank\" title=\"Click to share on LinkedIn\" ><span><\/span><span class=\"sharing-screen-reader-text\">Click to share on LinkedIn (Opens in new window)<\/span><\/a><\/li><li class=\"share-twitter\"><a rel=\"nofollow noopener noreferrer\" data-shared=\"sharing-twitter-935\" class=\"share-twitter sd-button share-icon no-text\" href=\"http:\/\/www.tecnos.cat\/ampa\/confirmem-excursio-al-cim-del-sui-al-pla-de-la-calma\/?share=twitter\" target=\"_blank\" title=\"Click to share on Twitter\" ><span><\/span><span class=\"sharing-screen-reader-text\">Click to share on Twitter (Opens in new window)<\/span><\/a><\/li><li class=\"share-end\"><\/li><\/ul><\/div><\/div><\/div>","protected":false},"author":1,"featured_media":0,"comment_status":"open","ping_status":"open","sticky":false,"template":"","format":"standard","meta":{"jetpack_post_was_ever_published":false,"jetpack_publicize_message":"","jetpack_is_tweetstorm":false,"jetpack_publicize_feature_enabled":true},"categories":[33],"tags":[244,225,35],"jetpack_publicize_connections":[],"jetpack_featured_media_url":"","jetpack_sharing_enabled":true,"jetpack_shortlink":"https:\/\/wp.me\/p3fByE-f5","_links":{"self":[{"href":"http:\/\/www.tecnos.cat\/ampa\/wp-json\/wp\/v2\/posts\/935"}],"collection":[{"href":"http:\/\/www.tecnos.cat\/ampa\/wp-json\/wp\/v2\/posts"}],"about":[{"href":"http:\/\/www.tecnos.cat\/ampa\/wp-json\/wp\/v2\/types\/post"}],"author":[{"embeddable":true,"href":"http:\/\/www.tecnos.cat\/ampa\/wp-json\/wp\/v2\/users\/1"}],"replies":[{"embeddable":true,"href":"http:\/\/www.tecnos.cat\/ampa\/wp-json\/wp\/v2\/comments?post=935"}],"version-history":[{"count":3,"href":"http:\/\/www.tecnos.cat\/ampa\/wp-json\/wp\/v2\/posts\/935\/revisions"}],"predecessor-version":[{"id":938,"href":"http:\/\/www.tecnos.cat\/ampa\/wp-json\/wp\/v2\/posts\/935\/revisions\/938"}],"wp:attachment":[{"href":"http:\/\/www.tecnos.cat\/ampa\/wp-json\/wp\/v2\/media?parent=935"}],"wp:term":[{"taxonomy":"category","embeddable":true,"href":"http:\/\/www.tecnos.cat\/ampa\/wp-json\/wp\/v2\/categories?post=935"},{"taxonomy":"post_tag","embeddable":true,"href":"http:\/\/www.tecnos.cat\/ampa\/wp-json\/wp\/v2\/tags?post=935"}],"curies":[{"name":"wp","href":"https:\/\/api.w.org\/{rel}","templated":true}]}}