{"id":916,"date":"2012-10-16T06:37:11","date_gmt":"2012-10-16T05:37:11","guid":{"rendered":"http:\/\/www.tecnos.cat\/ampa\/?p=916"},"modified":"2018-02-23T16:11:57","modified_gmt":"2018-02-23T15:11:57","slug":"victor-kuppers-ampa-tecnos-novembre-2012","status":"publish","type":"post","link":"http:\/\/www.tecnos.cat\/ampa\/victor-kuppers-ampa-tecnos-novembre-2012\/","title":{"rendered":"Victor K\u00fcppers: xerrada Ampa\/Escola de Pares novembre 2012"},"content":{"rendered":"<p style=\"text-align: left;\" align=\"center\">El p<a href=\"http:\/\/www.tecnos.cat\/ampa\/wp-content\/uploads\/2012\/10\/199947_421289224586780_2116668859_n.jpg\"><img loading=\"lazy\" class=\"size-medium wp-image-924 alignleft\" style=\"border: 10px solid white;\" title=\"199947_421289224586780_2116668859_n\" src=\"http:\/\/www.tecnos.cat\/ampa\/wp-content\/uploads\/2012\/10\/199947_421289224586780_2116668859_n-210x300.jpg\" alt=\"\" width=\"210\" height=\"300\" srcset=\"http:\/\/www.tecnos.cat\/ampa\/wp-content\/uploads\/2012\/10\/199947_421289224586780_2116668859_n-210x300.jpg 210w, http:\/\/www.tecnos.cat\/ampa\/wp-content\/uploads\/2012\/10\/199947_421289224586780_2116668859_n.jpg 473w\" sizes=\"(max-width: 210px) 100vw, 210px\" \/><\/a>roper dimecres 21 de novembre a les 20.30h al Col\u00b7legi Santa Teresa de Jes\u00fas:<\/p>\n<blockquote>\n<p style=\"text-align: left;\" align=\"center\">\n<strong>\u2018Gesti\u00f3 de l\u2019e<\/strong><strong>ntusiasme a la fam\u00edlia\u2019<\/strong> amb<strong> Victor K\u00fcppers<\/strong><\/p>\n<\/blockquote>\n<p>En <span style=\"text-decoration: underline;\"><strong><a href=\"http:\/\/www.kuppers.com\/victor_kuppers.html\" target=\"_blank\">Victor K\u00fappers<\/a><\/strong><\/span><strong> <\/strong>\u00e9s un conferenciant de primera, tot un luxe tenir-ho amb nosaltres. Articulista i autor del llibre \u2018<strong><a href=\"http:\/\/www.kuppers.com\/pdf\/libro_el_efecto_actitud.pdf\" target=\"_blank\">El efecto actitud<\/a><\/strong>\u2019, ha treballat per les mes grans empreses i \u00e9s professor a diverses universitats.<br \/>\nEs d\u2019aquelles persones que val la pena escoltar-se, capa\u00e7 com ning\u00fa de treure de dintre nostre tota la passi\u00f3, entusiasme i optimisme possibles.<\/p>\n<p>Oi que \u00e9s aix\u00f2 el que sovint necessitem a les nostres cases?<\/p>\n<p>La xerrada s\u2019organitza de forma conjunta amb l\u2019Escola Santa Teresa de Jes\u00fas (c\/Major de Sant Pere, 19) i es far\u00e0 a les seves instal\u00b7lacions, \u00e9s oberta a tothom i es difondr\u00e0 tamb\u00e9 des de l\u2019Ajuntament de Terrassa.<\/p>\n<p>Donat el poder de convocat\u00f2ria d\u2019en Victor K\u00fcppers i per tal de poder controlar l\u2019aforament de la sala, <strong><span style=\"text-decoration: underline;\">\u00e9s necessari que ens confirmeu la vostra assist\u00e8ncia enviant un mail a<\/span><\/strong><span style=\"text-decoration: underline;\"> <strong><a href=\"mailto:xerrades@tecnos.cat\">xerrades@tecnos.cat<\/a><\/strong><\/span><strong> indicant:\u00a0 nom, cognoms i\u00a0 n\u00famero d\u2019assistents<\/strong><\/p>\n<p>&nbsp;<\/p>\n<div class=\"sharedaddy sd-sharing-enabled\"><div class=\"robots-nocontent sd-block sd-social sd-social-icon sd-sharing\"><h3 class=\"sd-title\">Share this:<\/h3><div class=\"sd-content\"><ul><li class=\"share-print\"><a rel=\"nofollow noopener noreferrer\" data-shared=\"\" class=\"share-print sd-button share-icon no-text\" href=\"http:\/\/www.tecnos.cat\/ampa\/victor-kuppers-ampa-tecnos-novembre-2012\/\" target=\"_blank\" title=\"Click to print\" ><span><\/span><span class=\"sharing-screen-reader-text\">Click to print (Opens in new window)<\/span><\/a><\/li><li class=\"share-email\"><a rel=\"nofollow noopener noreferrer\" data-shared=\"\" class=\"share-email sd-button share-icon no-text\" href=\"mailto:?subject=%5BShared%20Post%5D%20Victor%20K%C3%BCppers%3A%20xerrada%20Ampa%2FEscola%20de%20Pares%20novembre%202012&body=http%3A%2F%2Fwww.tecnos.cat%2Fampa%2Fvictor-kuppers-ampa-tecnos-novembre-2012%2F&share=email\" target=\"_blank\" title=\"Click to email a link to a friend\" data-email-share-error-title=\"Do you have email set up?\" data-email-share-error-text=\"If you&#039;re having problems sharing via email, you might not have email set up for your browser. You may need to create a new email yourself.\" data-email-share-nonce=\"c62e7318c1\" data-email-share-track-url=\"http:\/\/www.tecnos.cat\/ampa\/victor-kuppers-ampa-tecnos-novembre-2012\/?share=email\"><span><\/span><span class=\"sharing-screen-reader-text\">Click to email a link to a friend (Opens in new window)<\/span><\/a><\/li><li class=\"share-facebook\"><a rel=\"nofollow noopener noreferrer\" data-shared=\"sharing-facebook-916\" class=\"share-facebook sd-button share-icon no-text\" href=\"http:\/\/www.tecnos.cat\/ampa\/victor-kuppers-ampa-tecnos-novembre-2012\/?share=facebook\" target=\"_blank\" title=\"Click to share on Facebook\" ><span><\/span><span class=\"sharing-screen-reader-text\">Click to share on Facebook (Opens in new window)<\/span><\/a><\/li><li class=\"share-linkedin\"><a rel=\"nofollow noopener noreferrer\" data-shared=\"sharing-linkedin-916\" class=\"share-linkedin sd-button share-icon no-text\" href=\"http:\/\/www.tecnos.cat\/ampa\/victor-kuppers-ampa-tecnos-novembre-2012\/?share=linkedin\" target=\"_blank\" title=\"Click to share on LinkedIn\" ><span><\/span><span class=\"sharing-screen-reader-text\">Click to share on LinkedIn (Opens in new window)<\/span><\/a><\/li><li class=\"share-twitter\"><a rel=\"nofollow noopener noreferrer\" data-shared=\"sharing-twitter-916\" class=\"share-twitter sd-button share-icon no-text\" href=\"http:\/\/www.tecnos.cat\/ampa\/victor-kuppers-ampa-tecnos-novembre-2012\/?share=twitter\" target=\"_blank\" title=\"Click to share on Twitter\" ><span><\/span><span class=\"sharing-screen-reader-text\">Click to share on Twitter (Opens in new window)<\/span><\/a><\/li><li class=\"share-end\"><\/li><\/ul><\/div><\/div><\/div>","protected":false},"excerpt":{"rendered":"<p>El proper dimecres 21 de novembre a les 20.30h al Col\u00b7legi Santa Teresa de Jes\u00fas: \u2018Gesti\u00f3 de l\u2019entusiasme a la fam\u00edlia\u2019 amb Victor K\u00fcppers En Victor K\u00fappers \u00e9s un conferenciant de primera, tot un luxe tenir-ho amb nosaltres. Articulista i autor del llibre \u2018El efecto actitud\u2019, ha treballat per les mes grans empreses i \u00e9s &hellip; <a href=\"http:\/\/www.tecnos.cat\/ampa\/victor-kuppers-ampa-tecnos-novembre-2012\/\" class=\"more-link\">Continua la lectura de <span class=\"screen-reader-text\">Victor K\u00fcppers: xerrada Ampa\/Escola de Pares novembre 2012<\/span><\/a><\/p>\n<div class=\"sharedaddy sd-sharing-enabled\"><div class=\"robots-nocontent sd-block sd-social sd-social-icon sd-sharing\"><h3 class=\"sd-title\">Share this:<\/h3><div class=\"sd-content\"><ul><li class=\"share-print\"><a rel=\"nofollow noopener noreferrer\" data-shared=\"\" class=\"share-print sd-button share-icon no-text\" href=\"http:\/\/www.tecnos.cat\/ampa\/victor-kuppers-ampa-tecnos-novembre-2012\/\" target=\"_blank\" title=\"Click to print\" ><span><\/span><span class=\"sharing-screen-reader-text\">Click to print (Opens in new window)<\/span><\/a><\/li><li class=\"share-email\"><a rel=\"nofollow noopener noreferrer\" data-shared=\"\" class=\"share-email sd-button share-icon no-text\" href=\"mailto:?subject=%5BShared%20Post%5D%20Victor%20K%C3%BCppers%3A%20xerrada%20Ampa%2FEscola%20de%20Pares%20novembre%202012&body=http%3A%2F%2Fwww.tecnos.cat%2Fampa%2Fvictor-kuppers-ampa-tecnos-novembre-2012%2F&share=email\" target=\"_blank\" title=\"Click to email a link to a friend\" data-email-share-error-title=\"Do you have email set up?\" data-email-share-error-text=\"If you&#039;re having problems sharing via email, you might not have email set up for your browser. You may need to create a new email yourself.\" data-email-share-nonce=\"c62e7318c1\" data-email-share-track-url=\"http:\/\/www.tecnos.cat\/ampa\/victor-kuppers-ampa-tecnos-novembre-2012\/?share=email\"><span><\/span><span class=\"sharing-screen-reader-text\">Click to email a link to a friend (Opens in new window)<\/span><\/a><\/li><li class=\"share-facebook\"><a rel=\"nofollow noopener noreferrer\" data-shared=\"sharing-facebook-916\" class=\"share-facebook sd-button share-icon no-text\" href=\"http:\/\/www.tecnos.cat\/ampa\/victor-kuppers-ampa-tecnos-novembre-2012\/?share=facebook\" target=\"_blank\" title=\"Click to share on Facebook\" ><span><\/span><span class=\"sharing-screen-reader-text\">Click to share on Facebook (Opens in new window)<\/span><\/a><\/li><li class=\"share-linkedin\"><a rel=\"nofollow noopener noreferrer\" data-shared=\"sharing-linkedin-916\" class=\"share-linkedin sd-button share-icon no-text\" href=\"http:\/\/www.tecnos.cat\/ampa\/victor-kuppers-ampa-tecnos-novembre-2012\/?share=linkedin\" target=\"_blank\" title=\"Click to share on LinkedIn\" ><span><\/span><span class=\"sharing-screen-reader-text\">Click to share on LinkedIn (Opens in new window)<\/span><\/a><\/li><li class=\"share-twitter\"><a rel=\"nofollow noopener noreferrer\" data-shared=\"sharing-twitter-916\" class=\"share-twitter sd-button share-icon no-text\" href=\"http:\/\/www.tecnos.cat\/ampa\/victor-kuppers-ampa-tecnos-novembre-2012\/?share=twitter\" target=\"_blank\" title=\"Click to share on Twitter\" ><span><\/span><span class=\"sharing-screen-reader-text\">Click to share on Twitter (Opens in new window)<\/span><\/a><\/li><li class=\"share-end\"><\/li><\/ul><\/div><\/div><\/div>","protected":false},"author":1,"featured_media":0,"comment_status":"open","ping_status":"open","sticky":false,"template":"","format":"standard","meta":{"jetpack_post_was_ever_published":false,"jetpack_publicize_message":"","jetpack_is_tweetstorm":false,"jetpack_publicize_feature_enabled":true},"categories":[9],"tags":[244,37,56],"jetpack_publicize_connections":[],"jetpack_featured_media_url":"","jetpack_sharing_enabled":true,"jetpack_shortlink":"https:\/\/wp.me\/p3fByE-eM","_links":{"self":[{"href":"http:\/\/www.tecnos.cat\/ampa\/wp-json\/wp\/v2\/posts\/916"}],"collection":[{"href":"http:\/\/www.tecnos.cat\/ampa\/wp-json\/wp\/v2\/posts"}],"about":[{"href":"http:\/\/www.tecnos.cat\/ampa\/wp-json\/wp\/v2\/types\/post"}],"author":[{"embeddable":true,"href":"http:\/\/www.tecnos.cat\/ampa\/wp-json\/wp\/v2\/users\/1"}],"replies":[{"embeddable":true,"href":"http:\/\/www.tecnos.cat\/ampa\/wp-json\/wp\/v2\/comments?post=916"}],"version-history":[{"count":9,"href":"http:\/\/www.tecnos.cat\/ampa\/wp-json\/wp\/v2\/posts\/916\/revisions"}],"predecessor-version":[{"id":923,"href":"http:\/\/www.tecnos.cat\/ampa\/wp-json\/wp\/v2\/posts\/916\/revisions\/923"}],"wp:attachment":[{"href":"http:\/\/www.tecnos.cat\/ampa\/wp-json\/wp\/v2\/media?parent=916"}],"wp:term":[{"taxonomy":"category","embeddable":true,"href":"http:\/\/www.tecnos.cat\/ampa\/wp-json\/wp\/v2\/categories?post=916"},{"taxonomy":"post_tag","embeddable":true,"href":"http:\/\/www.tecnos.cat\/ampa\/wp-json\/wp\/v2\/tags?post=916"}],"curies":[{"name":"wp","href":"https:\/\/api.w.org\/{rel}","templated":true}]}}