{"id":792,"date":"2012-05-31T11:35:49","date_gmt":"2012-05-31T10:35:49","guid":{"rendered":"http:\/\/www.tecnos.cat\/ampa\/?p=792"},"modified":"2018-02-27T10:07:30","modified_gmt":"2018-02-27T09:07:30","slug":"marato-de-la-pobresa-tv3-2012-tecnos","status":"publish","type":"post","link":"http:\/\/www.tecnos.cat\/ampa\/marato-de-la-pobresa-tv3-2012-tecnos\/","title":{"rendered":"Gr\u00e0cies per la col\u00b7laboraci\u00f3 a la Marat\u00f3 de la Pobresa"},"content":{"rendered":"<p>Us volem fer arribar el nostre agra\u00efment com a AMPA per la col\u00b7laboraci\u00f3 dels\/les alumnes de les vostres classes en els berenars solidaris per recollir diners per a <strong>la Marat\u00f3 de la Pobresa <\/strong>celebrat el passat diumenge.<\/p>\n<p>El total recollit ha estat de <span style=\"color: #3366ff;\"><strong>385,50\u20ac<\/strong>,<\/span> est\u00e0 molt b\u00e9!!! \u00c9s una xifra important per contribuir a una necessitat social cada cop m\u00e9s creixent en els nostres dies, doncs la suma de petits gestos \u00e9s la clau per poder fer entre tots un m\u00f3n una mica millor per a tothom.<\/p>\n<p>Gr\u00e0cies per la implicaci\u00f3, ganes i responsabilitat amb la que tots i totes han treballat.<\/p>\n<p>Ha estat un plaer i esperem poder continuar col\u00b7laborant en altres ocasions.<\/p>\n<p>Agrair\u00edem que pogu\u00e9ssiu fer extensiva la felicitaci\u00f3 als\/les alumnes.<\/p>\n<p>&nbsp;<\/p>\n<div class=\"sharedaddy sd-sharing-enabled\"><div class=\"robots-nocontent sd-block sd-social sd-social-icon sd-sharing\"><h3 class=\"sd-title\">Share this:<\/h3><div class=\"sd-content\"><ul><li class=\"share-print\"><a rel=\"nofollow noopener noreferrer\" data-shared=\"\" class=\"share-print sd-button share-icon no-text\" href=\"http:\/\/www.tecnos.cat\/ampa\/marato-de-la-pobresa-tv3-2012-tecnos\/\" target=\"_blank\" title=\"Click to print\" ><span><\/span><span class=\"sharing-screen-reader-text\">Click to print (Opens in new window)<\/span><\/a><\/li><li class=\"share-email\"><a rel=\"nofollow noopener noreferrer\" data-shared=\"\" class=\"share-email sd-button share-icon no-text\" href=\"mailto:?subject=%5BShared%20Post%5D%20Gr%C3%A0cies%20per%20la%20col%C2%B7laboraci%C3%B3%20a%20la%20Marat%C3%B3%20de%20la%20Pobresa&body=http%3A%2F%2Fwww.tecnos.cat%2Fampa%2Fmarato-de-la-pobresa-tv3-2012-tecnos%2F&share=email\" target=\"_blank\" title=\"Click to email a link to a friend\" data-email-share-error-title=\"Do you have email set up?\" data-email-share-error-text=\"If you&#039;re having problems sharing via email, you might not have email set up for your browser. You may need to create a new email yourself.\" data-email-share-nonce=\"b89311f255\" data-email-share-track-url=\"http:\/\/www.tecnos.cat\/ampa\/marato-de-la-pobresa-tv3-2012-tecnos\/?share=email\"><span><\/span><span class=\"sharing-screen-reader-text\">Click to email a link to a friend (Opens in new window)<\/span><\/a><\/li><li class=\"share-facebook\"><a rel=\"nofollow noopener noreferrer\" data-shared=\"sharing-facebook-792\" class=\"share-facebook sd-button share-icon no-text\" href=\"http:\/\/www.tecnos.cat\/ampa\/marato-de-la-pobresa-tv3-2012-tecnos\/?share=facebook\" target=\"_blank\" title=\"Click to share on Facebook\" ><span><\/span><span class=\"sharing-screen-reader-text\">Click to share on Facebook (Opens in new window)<\/span><\/a><\/li><li class=\"share-linkedin\"><a rel=\"nofollow noopener noreferrer\" data-shared=\"sharing-linkedin-792\" class=\"share-linkedin sd-button share-icon no-text\" href=\"http:\/\/www.tecnos.cat\/ampa\/marato-de-la-pobresa-tv3-2012-tecnos\/?share=linkedin\" target=\"_blank\" title=\"Click to share on LinkedIn\" ><span><\/span><span class=\"sharing-screen-reader-text\">Click to share on LinkedIn (Opens in new window)<\/span><\/a><\/li><li class=\"share-twitter\"><a rel=\"nofollow noopener noreferrer\" data-shared=\"sharing-twitter-792\" class=\"share-twitter sd-button share-icon no-text\" href=\"http:\/\/www.tecnos.cat\/ampa\/marato-de-la-pobresa-tv3-2012-tecnos\/?share=twitter\" target=\"_blank\" title=\"Click to share on Twitter\" ><span><\/span><span class=\"sharing-screen-reader-text\">Click to share on Twitter (Opens in new window)<\/span><\/a><\/li><li class=\"share-end\"><\/li><\/ul><\/div><\/div><\/div>","protected":false},"excerpt":{"rendered":"<p>Us volem fer arribar el nostre agra\u00efment com a AMPA per la col\u00b7laboraci\u00f3 dels\/les alumnes de les vostres classes en els berenars solidaris per recollir diners per a la Marat\u00f3 de la Pobresa celebrat el passat diumenge. El total recollit ha estat de 385,50\u20ac, est\u00e0 molt b\u00e9!!! \u00c9s una xifra important per contribuir a una &hellip; <a href=\"http:\/\/www.tecnos.cat\/ampa\/marato-de-la-pobresa-tv3-2012-tecnos\/\" class=\"more-link\">Continua la lectura de <span class=\"screen-reader-text\">Gr\u00e0cies per la col\u00b7laboraci\u00f3 a la Marat\u00f3 de la Pobresa<\/span><\/a><\/p>\n<div class=\"sharedaddy sd-sharing-enabled\"><div class=\"robots-nocontent sd-block sd-social sd-social-icon sd-sharing\"><h3 class=\"sd-title\">Share this:<\/h3><div class=\"sd-content\"><ul><li class=\"share-print\"><a rel=\"nofollow noopener noreferrer\" data-shared=\"\" class=\"share-print sd-button share-icon no-text\" href=\"http:\/\/www.tecnos.cat\/ampa\/marato-de-la-pobresa-tv3-2012-tecnos\/\" target=\"_blank\" title=\"Click to print\" ><span><\/span><span class=\"sharing-screen-reader-text\">Click to print (Opens in new window)<\/span><\/a><\/li><li class=\"share-email\"><a rel=\"nofollow noopener noreferrer\" data-shared=\"\" class=\"share-email sd-button share-icon no-text\" href=\"mailto:?subject=%5BShared%20Post%5D%20Gr%C3%A0cies%20per%20la%20col%C2%B7laboraci%C3%B3%20a%20la%20Marat%C3%B3%20de%20la%20Pobresa&body=http%3A%2F%2Fwww.tecnos.cat%2Fampa%2Fmarato-de-la-pobresa-tv3-2012-tecnos%2F&share=email\" target=\"_blank\" title=\"Click to email a link to a friend\" data-email-share-error-title=\"Do you have email set up?\" data-email-share-error-text=\"If you&#039;re having problems sharing via email, you might not have email set up for your browser. You may need to create a new email yourself.\" data-email-share-nonce=\"b89311f255\" data-email-share-track-url=\"http:\/\/www.tecnos.cat\/ampa\/marato-de-la-pobresa-tv3-2012-tecnos\/?share=email\"><span><\/span><span class=\"sharing-screen-reader-text\">Click to email a link to a friend (Opens in new window)<\/span><\/a><\/li><li class=\"share-facebook\"><a rel=\"nofollow noopener noreferrer\" data-shared=\"sharing-facebook-792\" class=\"share-facebook sd-button share-icon no-text\" href=\"http:\/\/www.tecnos.cat\/ampa\/marato-de-la-pobresa-tv3-2012-tecnos\/?share=facebook\" target=\"_blank\" title=\"Click to share on Facebook\" ><span><\/span><span class=\"sharing-screen-reader-text\">Click to share on Facebook (Opens in new window)<\/span><\/a><\/li><li class=\"share-linkedin\"><a rel=\"nofollow noopener noreferrer\" data-shared=\"sharing-linkedin-792\" class=\"share-linkedin sd-button share-icon no-text\" href=\"http:\/\/www.tecnos.cat\/ampa\/marato-de-la-pobresa-tv3-2012-tecnos\/?share=linkedin\" target=\"_blank\" title=\"Click to share on LinkedIn\" ><span><\/span><span class=\"sharing-screen-reader-text\">Click to share on LinkedIn (Opens in new window)<\/span><\/a><\/li><li class=\"share-twitter\"><a rel=\"nofollow noopener noreferrer\" data-shared=\"sharing-twitter-792\" class=\"share-twitter sd-button share-icon no-text\" href=\"http:\/\/www.tecnos.cat\/ampa\/marato-de-la-pobresa-tv3-2012-tecnos\/?share=twitter\" target=\"_blank\" title=\"Click to share on Twitter\" ><span><\/span><span class=\"sharing-screen-reader-text\">Click to share on Twitter (Opens in new window)<\/span><\/a><\/li><li class=\"share-end\"><\/li><\/ul><\/div><\/div><\/div>","protected":false},"author":1,"featured_media":0,"comment_status":"open","ping_status":"open","sticky":false,"template":"","format":"standard","meta":{"jetpack_post_was_ever_published":false,"jetpack_publicize_message":"","jetpack_is_tweetstorm":false,"jetpack_publicize_feature_enabled":true},"categories":[8],"tags":[191,307,220],"jetpack_publicize_connections":[],"jetpack_featured_media_url":"","jetpack_sharing_enabled":true,"jetpack_shortlink":"https:\/\/wp.me\/p3fByE-cM","_links":{"self":[{"href":"http:\/\/www.tecnos.cat\/ampa\/wp-json\/wp\/v2\/posts\/792"}],"collection":[{"href":"http:\/\/www.tecnos.cat\/ampa\/wp-json\/wp\/v2\/posts"}],"about":[{"href":"http:\/\/www.tecnos.cat\/ampa\/wp-json\/wp\/v2\/types\/post"}],"author":[{"embeddable":true,"href":"http:\/\/www.tecnos.cat\/ampa\/wp-json\/wp\/v2\/users\/1"}],"replies":[{"embeddable":true,"href":"http:\/\/www.tecnos.cat\/ampa\/wp-json\/wp\/v2\/comments?post=792"}],"version-history":[{"count":7,"href":"http:\/\/www.tecnos.cat\/ampa\/wp-json\/wp\/v2\/posts\/792\/revisions"}],"predecessor-version":[{"id":799,"href":"http:\/\/www.tecnos.cat\/ampa\/wp-json\/wp\/v2\/posts\/792\/revisions\/799"}],"wp:attachment":[{"href":"http:\/\/www.tecnos.cat\/ampa\/wp-json\/wp\/v2\/media?parent=792"}],"wp:term":[{"taxonomy":"category","embeddable":true,"href":"http:\/\/www.tecnos.cat\/ampa\/wp-json\/wp\/v2\/categories?post=792"},{"taxonomy":"post_tag","embeddable":true,"href":"http:\/\/www.tecnos.cat\/ampa\/wp-json\/wp\/v2\/tags?post=792"}],"curies":[{"name":"wp","href":"https:\/\/api.w.org\/{rel}","templated":true}]}}