{"id":743,"date":"2012-05-15T12:28:22","date_gmt":"2012-05-15T11:28:22","guid":{"rendered":"http:\/\/www.tecnos.cat\/ampa\/?p=743"},"modified":"2018-02-23T12:45:44","modified_gmt":"2018-02-23T11:45:44","slug":"story-time-the-tiny-seed","status":"publish","type":"post","link":"http:\/\/www.tecnos.cat\/ampa\/story-time-the-tiny-seed\/","title":{"rendered":"Story Time: The Tiny Seed"},"content":{"rendered":"<div>S&#8217;acosta una nova sessi\u00f3 de l&#8217;Story Time. Aquest cop, es tracta del conte <strong><span style=\"color: #ff6600;\">The Tiny Seed<\/span><\/strong>, d&#8217;Eric Carle. L&#8217;explicaci\u00f3 anir\u00e0 a c\u00e0rrec del professorat de l&#8217;International House.<\/div>\n<div><\/div>\n<div><a href=\"http:\/\/www.tecnos.cat\/ampa\/wp-content\/uploads\/2012\/05\/THE-TINY-SEED-r\u00e8tol.jpg\"><img loading=\"lazy\" class=\"size-full wp-image-744 alignnone\" title=\"THE-TINY-SEED-r\u00e8tol\" src=\"http:\/\/www.tecnos.cat\/ampa\/wp-content\/uploads\/2012\/05\/THE-TINY-SEED-r\u00e8tol.jpg\" alt=\"\" width=\"450\" height=\"308\" srcset=\"http:\/\/www.tecnos.cat\/ampa\/wp-content\/uploads\/2012\/05\/THE-TINY-SEED-r\u00e8tol.jpg 450w, http:\/\/www.tecnos.cat\/ampa\/wp-content\/uploads\/2012\/05\/THE-TINY-SEED-r\u00e8tol-300x205.jpg 300w\" sizes=\"(max-width: 450px) 100vw, 450px\" \/><\/a><\/div>\n<div><\/div>\n<div><\/div>\n<div>Dia: <strong><span style=\"color: #3333ff;\">divendres 18 de maig<\/span><\/strong>.<\/div>\n<div><\/div>\n<div>Hora:<strong> <span style=\"color: #ff6600;\">5.15 de la tarda<\/span><\/strong>. Est\u00e0 previst que l&#8217;activitat tingui\u00a0una <span style=\"color: #ff6600;\"><strong>durada de 45 minuts<\/strong><\/span>.<\/div>\n<div><\/div>\n<div><\/div>\n<div>La sessi\u00f3 est\u00e0 pensada per a <strong><span style=\"color: #3333ff;\">nens i nenes de P-5 a 2n de Prim\u00e0ria, <\/span><\/strong><span style=\"color: #3333ff;\">per la qual cosa restringim l&#8217;assist\u00e8ncia a aquestes franges d&#8217;edat.<\/span><strong><span style=\"color: #3333ff;\"><br \/>\n<\/span><\/strong><\/div>\n<div><\/div>\n<div><\/div>\n<div>Com que es tracta d&#8217;una activitat en qu\u00e8 els nens i nenes han de poder participar activament, aquesta vegada <strong>hem limitat l&#8217;aforament a la sala<\/strong>.<\/div>\n<div><\/div>\n<div>Es repartiran les entrades el mateix <strong>divendres 18 de maig quan s&#8217;obri la porta a la tarda<\/strong>.\u00a0 Podreu recollir-les <strong>al pati de Prim\u00e0ria, al costat de la biblioteca<\/strong>.<\/div>\n<div><\/div>\n<p>Dins de la sala no s&#8217;hi podr\u00e0 berenar i els pares no podran accedir-hi.<\/p>\n<p><strong>Us hi esperem!!<\/strong><\/p>\n<div class=\"sharedaddy sd-sharing-enabled\"><div class=\"robots-nocontent sd-block sd-social sd-social-icon sd-sharing\"><h3 class=\"sd-title\">Share this:<\/h3><div class=\"sd-content\"><ul><li class=\"share-print\"><a rel=\"nofollow noopener noreferrer\" data-shared=\"\" class=\"share-print sd-button share-icon no-text\" href=\"http:\/\/www.tecnos.cat\/ampa\/story-time-the-tiny-seed\/\" target=\"_blank\" title=\"Click to print\" ><span><\/span><span class=\"sharing-screen-reader-text\">Click to print (Opens in new window)<\/span><\/a><\/li><li class=\"share-email\"><a rel=\"nofollow noopener noreferrer\" data-shared=\"\" class=\"share-email sd-button share-icon no-text\" href=\"mailto:?subject=%5BShared%20Post%5D%20Story%20Time%3A%20The%20Tiny%20Seed&body=http%3A%2F%2Fwww.tecnos.cat%2Fampa%2Fstory-time-the-tiny-seed%2F&share=email\" target=\"_blank\" title=\"Click to email a link to a friend\" data-email-share-error-title=\"Do you have email set up?\" data-email-share-error-text=\"If you&#039;re having problems sharing via email, you might not have email set up for your browser. You may need to create a new email yourself.\" data-email-share-nonce=\"9d20efb105\" data-email-share-track-url=\"http:\/\/www.tecnos.cat\/ampa\/story-time-the-tiny-seed\/?share=email\"><span><\/span><span class=\"sharing-screen-reader-text\">Click to email a link to a friend (Opens in new window)<\/span><\/a><\/li><li class=\"share-facebook\"><a rel=\"nofollow noopener noreferrer\" data-shared=\"sharing-facebook-743\" class=\"share-facebook sd-button share-icon no-text\" href=\"http:\/\/www.tecnos.cat\/ampa\/story-time-the-tiny-seed\/?share=facebook\" target=\"_blank\" title=\"Click to share on Facebook\" ><span><\/span><span class=\"sharing-screen-reader-text\">Click to share on Facebook (Opens in new window)<\/span><\/a><\/li><li class=\"share-linkedin\"><a rel=\"nofollow noopener noreferrer\" data-shared=\"sharing-linkedin-743\" class=\"share-linkedin sd-button share-icon no-text\" href=\"http:\/\/www.tecnos.cat\/ampa\/story-time-the-tiny-seed\/?share=linkedin\" target=\"_blank\" title=\"Click to share on LinkedIn\" ><span><\/span><span class=\"sharing-screen-reader-text\">Click to share on LinkedIn (Opens in new window)<\/span><\/a><\/li><li class=\"share-twitter\"><a rel=\"nofollow noopener noreferrer\" data-shared=\"sharing-twitter-743\" class=\"share-twitter sd-button share-icon no-text\" href=\"http:\/\/www.tecnos.cat\/ampa\/story-time-the-tiny-seed\/?share=twitter\" target=\"_blank\" title=\"Click to share on Twitter\" ><span><\/span><span class=\"sharing-screen-reader-text\">Click to share on Twitter (Opens in new window)<\/span><\/a><\/li><li class=\"share-end\"><\/li><\/ul><\/div><\/div><\/div>","protected":false},"excerpt":{"rendered":"<p>S&#8217;acosta una nova sessi\u00f3 de l&#8217;Story Time. Aquest cop, es tracta del conte The Tiny Seed, d&#8217;Eric Carle. L&#8217;explicaci\u00f3 anir\u00e0 a c\u00e0rrec del professorat de l&#8217;International House. Dia: divendres 18 de maig. Hora: 5.15 de la tarda. Est\u00e0 previst que l&#8217;activitat tingui\u00a0una durada de 45 minuts. La sessi\u00f3 est\u00e0 pensada per a nens i nenes &hellip; <a href=\"http:\/\/www.tecnos.cat\/ampa\/story-time-the-tiny-seed\/\" class=\"more-link\">Continua la lectura de <span class=\"screen-reader-text\">Story Time: The Tiny Seed<\/span><\/a><\/p>\n<div class=\"sharedaddy sd-sharing-enabled\"><div class=\"robots-nocontent sd-block sd-social sd-social-icon sd-sharing\"><h3 class=\"sd-title\">Share this:<\/h3><div class=\"sd-content\"><ul><li class=\"share-print\"><a rel=\"nofollow noopener noreferrer\" data-shared=\"\" class=\"share-print sd-button share-icon no-text\" href=\"http:\/\/www.tecnos.cat\/ampa\/story-time-the-tiny-seed\/\" target=\"_blank\" title=\"Click to print\" ><span><\/span><span class=\"sharing-screen-reader-text\">Click to print (Opens in new window)<\/span><\/a><\/li><li class=\"share-email\"><a rel=\"nofollow noopener noreferrer\" data-shared=\"\" class=\"share-email sd-button share-icon no-text\" href=\"mailto:?subject=%5BShared%20Post%5D%20Story%20Time%3A%20The%20Tiny%20Seed&body=http%3A%2F%2Fwww.tecnos.cat%2Fampa%2Fstory-time-the-tiny-seed%2F&share=email\" target=\"_blank\" title=\"Click to email a link to a friend\" data-email-share-error-title=\"Do you have email set up?\" data-email-share-error-text=\"If you&#039;re having problems sharing via email, you might not have email set up for your browser. You may need to create a new email yourself.\" data-email-share-nonce=\"9d20efb105\" data-email-share-track-url=\"http:\/\/www.tecnos.cat\/ampa\/story-time-the-tiny-seed\/?share=email\"><span><\/span><span class=\"sharing-screen-reader-text\">Click to email a link to a friend (Opens in new window)<\/span><\/a><\/li><li class=\"share-facebook\"><a rel=\"nofollow noopener noreferrer\" data-shared=\"sharing-facebook-743\" class=\"share-facebook sd-button share-icon no-text\" href=\"http:\/\/www.tecnos.cat\/ampa\/story-time-the-tiny-seed\/?share=facebook\" target=\"_blank\" title=\"Click to share on Facebook\" ><span><\/span><span class=\"sharing-screen-reader-text\">Click to share on Facebook (Opens in new window)<\/span><\/a><\/li><li class=\"share-linkedin\"><a rel=\"nofollow noopener noreferrer\" data-shared=\"sharing-linkedin-743\" class=\"share-linkedin sd-button share-icon no-text\" href=\"http:\/\/www.tecnos.cat\/ampa\/story-time-the-tiny-seed\/?share=linkedin\" target=\"_blank\" title=\"Click to share on LinkedIn\" ><span><\/span><span class=\"sharing-screen-reader-text\">Click to share on LinkedIn (Opens in new window)<\/span><\/a><\/li><li class=\"share-twitter\"><a rel=\"nofollow noopener noreferrer\" data-shared=\"sharing-twitter-743\" class=\"share-twitter sd-button share-icon no-text\" href=\"http:\/\/www.tecnos.cat\/ampa\/story-time-the-tiny-seed\/?share=twitter\" target=\"_blank\" title=\"Click to share on Twitter\" ><span><\/span><span class=\"sharing-screen-reader-text\">Click to share on Twitter (Opens in new window)<\/span><\/a><\/li><li class=\"share-end\"><\/li><\/ul><\/div><\/div><\/div>","protected":false},"author":1,"featured_media":0,"comment_status":"open","ping_status":"open","sticky":false,"template":"","format":"standard","meta":{"jetpack_post_was_ever_published":false,"jetpack_publicize_message":"","jetpack_is_tweetstorm":false,"jetpack_publicize_feature_enabled":true},"categories":[6],"tags":[191,58],"jetpack_publicize_connections":[],"jetpack_featured_media_url":"","jetpack_sharing_enabled":true,"jetpack_shortlink":"https:\/\/wp.me\/p3fByE-bZ","_links":{"self":[{"href":"http:\/\/www.tecnos.cat\/ampa\/wp-json\/wp\/v2\/posts\/743"}],"collection":[{"href":"http:\/\/www.tecnos.cat\/ampa\/wp-json\/wp\/v2\/posts"}],"about":[{"href":"http:\/\/www.tecnos.cat\/ampa\/wp-json\/wp\/v2\/types\/post"}],"author":[{"embeddable":true,"href":"http:\/\/www.tecnos.cat\/ampa\/wp-json\/wp\/v2\/users\/1"}],"replies":[{"embeddable":true,"href":"http:\/\/www.tecnos.cat\/ampa\/wp-json\/wp\/v2\/comments?post=743"}],"version-history":[{"count":4,"href":"http:\/\/www.tecnos.cat\/ampa\/wp-json\/wp\/v2\/posts\/743\/revisions"}],"predecessor-version":[{"id":2944,"href":"http:\/\/www.tecnos.cat\/ampa\/wp-json\/wp\/v2\/posts\/743\/revisions\/2944"}],"wp:attachment":[{"href":"http:\/\/www.tecnos.cat\/ampa\/wp-json\/wp\/v2\/media?parent=743"}],"wp:term":[{"taxonomy":"category","embeddable":true,"href":"http:\/\/www.tecnos.cat\/ampa\/wp-json\/wp\/v2\/categories?post=743"},{"taxonomy":"post_tag","embeddable":true,"href":"http:\/\/www.tecnos.cat\/ampa\/wp-json\/wp\/v2\/tags?post=743"}],"curies":[{"name":"wp","href":"https:\/\/api.w.org\/{rel}","templated":true}]}}