{"id":736,"date":"2012-10-08T20:42:10","date_gmt":"2012-10-08T19:42:10","guid":{"rendered":"http:\/\/www.tecnos.cat\/ampa\/?p=736"},"modified":"2018-02-27T10:09:03","modified_gmt":"2018-02-27T09:09:03","slug":"sortida-el-sui-28-1-12-treskatecnos","status":"publish","type":"post","link":"http:\/\/www.tecnos.cat\/ampa\/sortida-el-sui-28-1-12-treskatecnos\/","title":{"rendered":"Treskatecnos:  El Cim del Sui al Pla de La Calma, diumenge 28 d&#8217;octubre de 2012"},"content":{"rendered":"<p>Hola de nou <strong><em>treskaires<\/em><\/strong>, us volem convocar a una nova matinal a la muntanya. Aquest cop us proposem un itinerari molt f\u00e0cil per\u00f2 for\u00e7a desconegut i d\u2019una gran bellesa.<\/p>\n<p>Anirem al Montseny, a l\u2019altipl\u00e0 de la Calma que s\u2019est\u00e9n a m\u00e9s de 1.000 metres d\u2019altitud, entre Coll Formic i el Tagamanent. Un itinerari curt i planer especialment pensat pels m\u00e9s petits de l\u2019escola per\u00f2 que ens oferir\u00e0 fant\u00e0stiques vistes i bons espais de joc.<br \/>\n<strong><a href=\"http:\/\/www.tecnos.cat\/ampa\/wp-content\/uploads\/2012\/05\/sui_peque.jpg\"><img loading=\"lazy\" class=\"size-medium wp-image-737 alignleft\" title=\"sui_peque\" src=\"http:\/\/www.tecnos.cat\/ampa\/wp-content\/uploads\/2012\/05\/sui_peque-300x200.jpg\" alt=\"\" width=\"300\" height=\"200\" srcset=\"http:\/\/www.tecnos.cat\/ampa\/wp-content\/uploads\/2012\/05\/sui_peque-300x200.jpg 300w, http:\/\/www.tecnos.cat\/ampa\/wp-content\/uploads\/2012\/05\/sui_peque.jpg 900w\" sizes=\"(max-width: 300px) 100vw, 300px\" \/><\/a><\/strong><\/p>\n<p><strong>Dia: 28 d&#8217;octubre de 2012<\/strong><br \/>\n<strong>Hora d\u2019inici: 10 h (desde Terrassa)<\/strong><br \/>\n<strong>11:30 (inici itinerari a peu)<\/strong><br \/>\nEl punt de trobada a Terrassa ser\u00e0 l\u2019aparcament del Caprabo, al Parc Vall\u00e8s.<br \/>\n<a href=\"http:\/\/www.tecnos.cat\/ampa\/wp-content\/uploads\/2012\/10\/fitxa_28_10_2012_Montseny.pdf\" target=\"_blank\"><strong>\u00bbFITXA SORTIDA<\/strong><\/a><\/p>\n<p>&nbsp;<\/p>\n<p>Aquesta activitat no t\u00e9 inscripci\u00f3 pr\u00e8via. Farem el grup amb les fam\u00edlies que siguin al lloc i hora de la convocat\u00f2ria. Sigueu puntuals.<\/p>\n<p>Farem l\u2019excursi\u00f3 de pujada tots plegats i dinarem prop del cim (carmanyola o entrepans ja dep\u00e9n de cadasc\u00fa). La baixada \u00e9s lliure per\u00f2 aquells que vulgueu baixar en grup ho podreu fer a les 14:30h amb la organitzaci\u00f3. Aquest cop, donat que l\u2019itinerari \u00e9s molt f\u00e0cil, aquells que ho vulgueu, podeu afegir-vos a una tornada un p\u00e8l m\u00e9s llarga passant pel cim del Puig Drau.<\/p>\n<p>Si hi ha possibilitat de mal temps, el dia 27 d&#8217;octubre a les 20 hores es penjar\u00e0 una nota al blog de l\u2019Ampa tecnos.cat\/ampa per avisar si s\u2019anul\u2022la o mant\u00e9 l\u2019activitat.<\/p>\n<p>No oblideu imprimir-vos el tr\u00edptic de l\u2019itinerari on trobareu tots els detalls de la sortida i informaci\u00f3 d\u2019inter\u00e9s.<\/p>\n<p>El Treskatecnos l\u2019organitzem des del Grup d\u2019Activitats de l\u2019Ampa, si teniu propostes, idees, comentaris, o encara milor, si us voleu afegir al grup, nom\u00e9s cal que ens ho feu saber.<\/p>\n<p>Per qualsevol consulta o comentari, podeu contactar-nos a l\u2019adre\u00e7a <strong>activitats@tecnos.cat<\/strong> o als tel\u00e8fons 619807381 (S\u00f2nia), 619563093 (Rub\u00e9n) o 606666004 (S\u00edlvia).<\/p>\n<p><strong>Esperem ser una bona colla de nou, no hi falteu!<\/strong><\/p>\n<p>&nbsp;<\/p>\n<div class=\"sharedaddy sd-sharing-enabled\"><div class=\"robots-nocontent sd-block sd-social sd-social-icon sd-sharing\"><h3 class=\"sd-title\">Share this:<\/h3><div class=\"sd-content\"><ul><li class=\"share-print\"><a rel=\"nofollow noopener noreferrer\" data-shared=\"\" class=\"share-print sd-button share-icon no-text\" href=\"http:\/\/www.tecnos.cat\/ampa\/sortida-el-sui-28-1-12-treskatecnos\/\" target=\"_blank\" title=\"Click to print\" ><span><\/span><span class=\"sharing-screen-reader-text\">Click to print (Opens in new window)<\/span><\/a><\/li><li class=\"share-email\"><a rel=\"nofollow noopener noreferrer\" data-shared=\"\" class=\"share-email sd-button share-icon no-text\" href=\"mailto:?subject=%5BShared%20Post%5D%20Treskatecnos%3A%20%20El%20Cim%20del%20Sui%20al%20Pla%20de%20La%20Calma%2C%20diumenge%2028%20d%27octubre%20de%202012&body=http%3A%2F%2Fwww.tecnos.cat%2Fampa%2Fsortida-el-sui-28-1-12-treskatecnos%2F&share=email\" target=\"_blank\" title=\"Click to email a link to a friend\" data-email-share-error-title=\"Do you have email set up?\" data-email-share-error-text=\"If you&#039;re having problems sharing via email, you might not have email set up for your browser. You may need to create a new email yourself.\" data-email-share-nonce=\"71b5eef765\" data-email-share-track-url=\"http:\/\/www.tecnos.cat\/ampa\/sortida-el-sui-28-1-12-treskatecnos\/?share=email\"><span><\/span><span class=\"sharing-screen-reader-text\">Click to email a link to a friend (Opens in new window)<\/span><\/a><\/li><li class=\"share-facebook\"><a rel=\"nofollow noopener noreferrer\" data-shared=\"sharing-facebook-736\" class=\"share-facebook sd-button share-icon no-text\" href=\"http:\/\/www.tecnos.cat\/ampa\/sortida-el-sui-28-1-12-treskatecnos\/?share=facebook\" target=\"_blank\" title=\"Click to share on Facebook\" ><span><\/span><span class=\"sharing-screen-reader-text\">Click to share on Facebook (Opens in new window)<\/span><\/a><\/li><li class=\"share-linkedin\"><a rel=\"nofollow noopener noreferrer\" data-shared=\"sharing-linkedin-736\" class=\"share-linkedin sd-button share-icon no-text\" href=\"http:\/\/www.tecnos.cat\/ampa\/sortida-el-sui-28-1-12-treskatecnos\/?share=linkedin\" target=\"_blank\" title=\"Click to share on LinkedIn\" ><span><\/span><span class=\"sharing-screen-reader-text\">Click to share on LinkedIn (Opens in new window)<\/span><\/a><\/li><li class=\"share-twitter\"><a rel=\"nofollow noopener noreferrer\" data-shared=\"sharing-twitter-736\" class=\"share-twitter sd-button share-icon no-text\" href=\"http:\/\/www.tecnos.cat\/ampa\/sortida-el-sui-28-1-12-treskatecnos\/?share=twitter\" target=\"_blank\" title=\"Click to share on Twitter\" ><span><\/span><span class=\"sharing-screen-reader-text\">Click to share on Twitter (Opens in new window)<\/span><\/a><\/li><li class=\"share-end\"><\/li><\/ul><\/div><\/div><\/div>","protected":false},"excerpt":{"rendered":"<p>Hola de nou treskaires, us volem convocar a una nova matinal a la muntanya. Aquest cop us proposem un itinerari molt f\u00e0cil per\u00f2 for\u00e7a desconegut i d\u2019una gran bellesa. Anirem al Montseny, a l\u2019altipl\u00e0 de la Calma que s\u2019est\u00e9n a m\u00e9s de 1.000 metres d\u2019altitud, entre Coll Formic i el Tagamanent. Un itinerari curt i &hellip; <a href=\"http:\/\/www.tecnos.cat\/ampa\/sortida-el-sui-28-1-12-treskatecnos\/\" class=\"more-link\">Continua la lectura de <span class=\"screen-reader-text\">Treskatecnos:  El Cim del Sui al Pla de La Calma, diumenge 28 d&#8217;octubre de 2012<\/span><\/a><\/p>\n<div class=\"sharedaddy sd-sharing-enabled\"><div class=\"robots-nocontent sd-block sd-social sd-social-icon sd-sharing\"><h3 class=\"sd-title\">Share this:<\/h3><div class=\"sd-content\"><ul><li class=\"share-print\"><a rel=\"nofollow noopener noreferrer\" data-shared=\"\" class=\"share-print sd-button share-icon no-text\" href=\"http:\/\/www.tecnos.cat\/ampa\/sortida-el-sui-28-1-12-treskatecnos\/\" target=\"_blank\" title=\"Click to print\" ><span><\/span><span class=\"sharing-screen-reader-text\">Click to print (Opens in new window)<\/span><\/a><\/li><li class=\"share-email\"><a rel=\"nofollow noopener noreferrer\" data-shared=\"\" class=\"share-email sd-button share-icon no-text\" href=\"mailto:?subject=%5BShared%20Post%5D%20Treskatecnos%3A%20%20El%20Cim%20del%20Sui%20al%20Pla%20de%20La%20Calma%2C%20diumenge%2028%20d%27octubre%20de%202012&body=http%3A%2F%2Fwww.tecnos.cat%2Fampa%2Fsortida-el-sui-28-1-12-treskatecnos%2F&share=email\" target=\"_blank\" title=\"Click to email a link to a friend\" data-email-share-error-title=\"Do you have email set up?\" data-email-share-error-text=\"If you&#039;re having problems sharing via email, you might not have email set up for your browser. You may need to create a new email yourself.\" data-email-share-nonce=\"71b5eef765\" data-email-share-track-url=\"http:\/\/www.tecnos.cat\/ampa\/sortida-el-sui-28-1-12-treskatecnos\/?share=email\"><span><\/span><span class=\"sharing-screen-reader-text\">Click to email a link to a friend (Opens in new window)<\/span><\/a><\/li><li class=\"share-facebook\"><a rel=\"nofollow noopener noreferrer\" data-shared=\"sharing-facebook-736\" class=\"share-facebook sd-button share-icon no-text\" href=\"http:\/\/www.tecnos.cat\/ampa\/sortida-el-sui-28-1-12-treskatecnos\/?share=facebook\" target=\"_blank\" title=\"Click to share on Facebook\" ><span><\/span><span class=\"sharing-screen-reader-text\">Click to share on Facebook (Opens in new window)<\/span><\/a><\/li><li class=\"share-linkedin\"><a rel=\"nofollow noopener noreferrer\" data-shared=\"sharing-linkedin-736\" class=\"share-linkedin sd-button share-icon no-text\" href=\"http:\/\/www.tecnos.cat\/ampa\/sortida-el-sui-28-1-12-treskatecnos\/?share=linkedin\" target=\"_blank\" title=\"Click to share on LinkedIn\" ><span><\/span><span class=\"sharing-screen-reader-text\">Click to share on LinkedIn (Opens in new window)<\/span><\/a><\/li><li class=\"share-twitter\"><a rel=\"nofollow noopener noreferrer\" data-shared=\"sharing-twitter-736\" class=\"share-twitter sd-button share-icon no-text\" href=\"http:\/\/www.tecnos.cat\/ampa\/sortida-el-sui-28-1-12-treskatecnos\/?share=twitter\" target=\"_blank\" title=\"Click to share on Twitter\" ><span><\/span><span class=\"sharing-screen-reader-text\">Click to share on Twitter (Opens in new window)<\/span><\/a><\/li><li class=\"share-end\"><\/li><\/ul><\/div><\/div><\/div>","protected":false},"author":1,"featured_media":0,"comment_status":"open","ping_status":"open","sticky":false,"template":"","format":"standard","meta":{"jetpack_post_was_ever_published":false,"jetpack_publicize_message":"","jetpack_is_tweetstorm":false,"jetpack_publicize_feature_enabled":true},"categories":[33],"tags":[244,225,35],"jetpack_publicize_connections":[],"jetpack_featured_media_url":"","jetpack_sharing_enabled":true,"jetpack_shortlink":"https:\/\/wp.me\/p3fByE-bS","_links":{"self":[{"href":"http:\/\/www.tecnos.cat\/ampa\/wp-json\/wp\/v2\/posts\/736"}],"collection":[{"href":"http:\/\/www.tecnos.cat\/ampa\/wp-json\/wp\/v2\/posts"}],"about":[{"href":"http:\/\/www.tecnos.cat\/ampa\/wp-json\/wp\/v2\/types\/post"}],"author":[{"embeddable":true,"href":"http:\/\/www.tecnos.cat\/ampa\/wp-json\/wp\/v2\/users\/1"}],"replies":[{"embeddable":true,"href":"http:\/\/www.tecnos.cat\/ampa\/wp-json\/wp\/v2\/comments?post=736"}],"version-history":[{"count":11,"href":"http:\/\/www.tecnos.cat\/ampa\/wp-json\/wp\/v2\/posts\/736\/revisions"}],"predecessor-version":[{"id":905,"href":"http:\/\/www.tecnos.cat\/ampa\/wp-json\/wp\/v2\/posts\/736\/revisions\/905"}],"wp:attachment":[{"href":"http:\/\/www.tecnos.cat\/ampa\/wp-json\/wp\/v2\/media?parent=736"}],"wp:term":[{"taxonomy":"category","embeddable":true,"href":"http:\/\/www.tecnos.cat\/ampa\/wp-json\/wp\/v2\/categories?post=736"},{"taxonomy":"post_tag","embeddable":true,"href":"http:\/\/www.tecnos.cat\/ampa\/wp-json\/wp\/v2\/tags?post=736"}],"curies":[{"name":"wp","href":"https:\/\/api.w.org\/{rel}","templated":true}]}}