{"id":494,"date":"2012-02-07T22:41:58","date_gmt":"2012-02-07T21:41:58","guid":{"rendered":"http:\/\/www.tecnos.cat\/ampa\/?p=494"},"modified":"2018-02-27T10:00:54","modified_gmt":"2018-02-27T09:00:54","slug":"ajuntament-de-terrassa-xerrada","status":"publish","type":"post","link":"http:\/\/www.tecnos.cat\/ampa\/ajuntament-de-terrassa-xerrada\/","title":{"rendered":"Xerrada &#8220;El meu fill, \u00e9s un nen incompr\u00e8s?&#8221;"},"content":{"rendered":"<p><!--:ca-->Des del Patronat Municipal d&#8217;Educaci\u00f3, ens plau enviar-vos l&#8217;enlla\u00e7 amb el cartell de la propera xerrada per mares i pares: &#8220;EL MEU FILL, \u00c9S UN NEN INCOMPR\u00c8S?&#8221; el proper 14 de febrer.<br \/>\nEs tracta de clarificar criteris i en tot cas, detectar el trastorn davant del dubte.<br \/>\nEs tractar\u00e0 la hiperactivitat, desenvolupament motriu, d\u00e8ficit d&#8217;atenci\u00f3, disl\u00e8xia, discalculia, trastorn d&#8217;aprenentatge no verbal, s\u00edndrome,e de Tourette, etc.<\/p>\n<p><a href=\"http:\/\/www2.terrassa.cat\/educacio\/anuncis\/Xerrada_14_Febrer_2012_activitats_Pares_i_Mares.pdf\" target=\"_blank\">M\u00e9s informaci\u00f3 al seg\u00fcent enlla\u00e7<\/a><!--:--><\/p>\n<div class=\"sharedaddy sd-sharing-enabled\"><div class=\"robots-nocontent sd-block sd-social sd-social-icon sd-sharing\"><h3 class=\"sd-title\">Share this:<\/h3><div class=\"sd-content\"><ul><li class=\"share-print\"><a rel=\"nofollow noopener noreferrer\" data-shared=\"\" class=\"share-print sd-button share-icon no-text\" href=\"http:\/\/www.tecnos.cat\/ampa\/ajuntament-de-terrassa-xerrada\/\" target=\"_blank\" title=\"Click to print\" ><span><\/span><span class=\"sharing-screen-reader-text\">Click to print (Opens in new window)<\/span><\/a><\/li><li class=\"share-email\"><a rel=\"nofollow noopener noreferrer\" data-shared=\"\" class=\"share-email sd-button share-icon no-text\" href=\"mailto:?subject=%5BShared%20Post%5D%20Xerrada%20%22El%20meu%20fill%2C%20%C3%A9s%20un%20nen%20incompr%C3%A8s%3F%22&body=http%3A%2F%2Fwww.tecnos.cat%2Fampa%2Fajuntament-de-terrassa-xerrada%2F&share=email\" target=\"_blank\" title=\"Click to email a link to a friend\" data-email-share-error-title=\"Do you have email set up?\" data-email-share-error-text=\"If you&#039;re having problems sharing via email, you might not have email set up for your browser. You may need to create a new email yourself.\" data-email-share-nonce=\"7239140fa5\" data-email-share-track-url=\"http:\/\/www.tecnos.cat\/ampa\/ajuntament-de-terrassa-xerrada\/?share=email\"><span><\/span><span class=\"sharing-screen-reader-text\">Click to email a link to a friend (Opens in new window)<\/span><\/a><\/li><li class=\"share-facebook\"><a rel=\"nofollow noopener noreferrer\" data-shared=\"sharing-facebook-494\" class=\"share-facebook sd-button share-icon no-text\" href=\"http:\/\/www.tecnos.cat\/ampa\/ajuntament-de-terrassa-xerrada\/?share=facebook\" target=\"_blank\" title=\"Click to share on Facebook\" ><span><\/span><span class=\"sharing-screen-reader-text\">Click to share on Facebook (Opens in new window)<\/span><\/a><\/li><li class=\"share-linkedin\"><a rel=\"nofollow noopener noreferrer\" data-shared=\"sharing-linkedin-494\" class=\"share-linkedin sd-button share-icon no-text\" href=\"http:\/\/www.tecnos.cat\/ampa\/ajuntament-de-terrassa-xerrada\/?share=linkedin\" target=\"_blank\" title=\"Click to share on LinkedIn\" ><span><\/span><span class=\"sharing-screen-reader-text\">Click to share on LinkedIn (Opens in new window)<\/span><\/a><\/li><li class=\"share-twitter\"><a rel=\"nofollow noopener noreferrer\" data-shared=\"sharing-twitter-494\" class=\"share-twitter sd-button share-icon no-text\" href=\"http:\/\/www.tecnos.cat\/ampa\/ajuntament-de-terrassa-xerrada\/?share=twitter\" target=\"_blank\" title=\"Click to share on Twitter\" ><span><\/span><span class=\"sharing-screen-reader-text\">Click to share on Twitter (Opens in new window)<\/span><\/a><\/li><li class=\"share-end\"><\/li><\/ul><\/div><\/div><\/div>","protected":false},"excerpt":{"rendered":"<p>Des del Patronat Municipal d&#8217;Educaci\u00f3, ens plau enviar-vos l&#8217;enlla\u00e7 amb el cartell de la propera xerrada per mares i pares: &#8220;EL MEU FILL, \u00c9S UN NEN INCOMPR\u00c8S?&#8221; el proper 14 de febrer. Es tracta de clarificar criteris i en tot cas, detectar el trastorn davant del dubte. Es tractar\u00e0 la hiperactivitat, desenvolupament motriu, d\u00e8ficit d&#8217;atenci\u00f3, &hellip; <a href=\"http:\/\/www.tecnos.cat\/ampa\/ajuntament-de-terrassa-xerrada\/\" class=\"more-link\">Continua la lectura de <span class=\"screen-reader-text\">Xerrada &#8220;El meu fill, \u00e9s un nen incompr\u00e8s?&#8221;<\/span><\/a><\/p>\n<div class=\"sharedaddy sd-sharing-enabled\"><div class=\"robots-nocontent sd-block sd-social sd-social-icon sd-sharing\"><h3 class=\"sd-title\">Share this:<\/h3><div class=\"sd-content\"><ul><li class=\"share-print\"><a rel=\"nofollow noopener noreferrer\" data-shared=\"\" class=\"share-print sd-button share-icon no-text\" href=\"http:\/\/www.tecnos.cat\/ampa\/ajuntament-de-terrassa-xerrada\/\" target=\"_blank\" title=\"Click to print\" ><span><\/span><span class=\"sharing-screen-reader-text\">Click to print (Opens in new window)<\/span><\/a><\/li><li class=\"share-email\"><a rel=\"nofollow noopener noreferrer\" data-shared=\"\" class=\"share-email sd-button share-icon no-text\" href=\"mailto:?subject=%5BShared%20Post%5D%20Xerrada%20%22El%20meu%20fill%2C%20%C3%A9s%20un%20nen%20incompr%C3%A8s%3F%22&body=http%3A%2F%2Fwww.tecnos.cat%2Fampa%2Fajuntament-de-terrassa-xerrada%2F&share=email\" target=\"_blank\" title=\"Click to email a link to a friend\" data-email-share-error-title=\"Do you have email set up?\" data-email-share-error-text=\"If you&#039;re having problems sharing via email, you might not have email set up for your browser. You may need to create a new email yourself.\" data-email-share-nonce=\"7239140fa5\" data-email-share-track-url=\"http:\/\/www.tecnos.cat\/ampa\/ajuntament-de-terrassa-xerrada\/?share=email\"><span><\/span><span class=\"sharing-screen-reader-text\">Click to email a link to a friend (Opens in new window)<\/span><\/a><\/li><li class=\"share-facebook\"><a rel=\"nofollow noopener noreferrer\" data-shared=\"sharing-facebook-494\" class=\"share-facebook sd-button share-icon no-text\" href=\"http:\/\/www.tecnos.cat\/ampa\/ajuntament-de-terrassa-xerrada\/?share=facebook\" target=\"_blank\" title=\"Click to share on Facebook\" ><span><\/span><span class=\"sharing-screen-reader-text\">Click to share on Facebook (Opens in new window)<\/span><\/a><\/li><li class=\"share-linkedin\"><a rel=\"nofollow noopener noreferrer\" data-shared=\"sharing-linkedin-494\" class=\"share-linkedin sd-button share-icon no-text\" href=\"http:\/\/www.tecnos.cat\/ampa\/ajuntament-de-terrassa-xerrada\/?share=linkedin\" target=\"_blank\" title=\"Click to share on LinkedIn\" ><span><\/span><span class=\"sharing-screen-reader-text\">Click to share on LinkedIn (Opens in new window)<\/span><\/a><\/li><li class=\"share-twitter\"><a rel=\"nofollow noopener noreferrer\" data-shared=\"sharing-twitter-494\" class=\"share-twitter sd-button share-icon no-text\" href=\"http:\/\/www.tecnos.cat\/ampa\/ajuntament-de-terrassa-xerrada\/?share=twitter\" target=\"_blank\" title=\"Click to share on Twitter\" ><span><\/span><span class=\"sharing-screen-reader-text\">Click to share on Twitter (Opens in new window)<\/span><\/a><\/li><li class=\"share-end\"><\/li><\/ul><\/div><\/div><\/div>","protected":false},"author":1,"featured_media":0,"comment_status":"open","ping_status":"open","sticky":false,"template":"","format":"standard","meta":{"jetpack_post_was_ever_published":false,"jetpack_publicize_message":"","jetpack_is_tweetstorm":false,"jetpack_publicize_feature_enabled":true},"categories":[1,179],"tags":[191,56],"jetpack_publicize_connections":[],"jetpack_featured_media_url":"","jetpack_sharing_enabled":true,"jetpack_shortlink":"https:\/\/wp.me\/p3fByE-7Y","_links":{"self":[{"href":"http:\/\/www.tecnos.cat\/ampa\/wp-json\/wp\/v2\/posts\/494"}],"collection":[{"href":"http:\/\/www.tecnos.cat\/ampa\/wp-json\/wp\/v2\/posts"}],"about":[{"href":"http:\/\/www.tecnos.cat\/ampa\/wp-json\/wp\/v2\/types\/post"}],"author":[{"embeddable":true,"href":"http:\/\/www.tecnos.cat\/ampa\/wp-json\/wp\/v2\/users\/1"}],"replies":[{"embeddable":true,"href":"http:\/\/www.tecnos.cat\/ampa\/wp-json\/wp\/v2\/comments?post=494"}],"version-history":[{"count":4,"href":"http:\/\/www.tecnos.cat\/ampa\/wp-json\/wp\/v2\/posts\/494\/revisions"}],"predecessor-version":[{"id":2898,"href":"http:\/\/www.tecnos.cat\/ampa\/wp-json\/wp\/v2\/posts\/494\/revisions\/2898"}],"wp:attachment":[{"href":"http:\/\/www.tecnos.cat\/ampa\/wp-json\/wp\/v2\/media?parent=494"}],"wp:term":[{"taxonomy":"category","embeddable":true,"href":"http:\/\/www.tecnos.cat\/ampa\/wp-json\/wp\/v2\/categories?post=494"},{"taxonomy":"post_tag","embeddable":true,"href":"http:\/\/www.tecnos.cat\/ampa\/wp-json\/wp\/v2\/tags?post=494"}],"curies":[{"name":"wp","href":"https:\/\/api.w.org\/{rel}","templated":true}]}}