{"id":472,"date":"2012-02-07T20:22:11","date_gmt":"2012-02-07T19:22:11","guid":{"rendered":"http:\/\/www.tecnos.cat\/ampa\/?p=472"},"modified":"2018-02-23T09:19:58","modified_gmt":"2018-02-23T08:19:58","slug":"v-jornades-divulgacio-relativitat-mnactec","status":"publish","type":"post","link":"http:\/\/www.tecnos.cat\/ampa\/v-jornades-divulgacio-relativitat-mnactec\/","title":{"rendered":"V Jornades de Divulgaci\u00f3 de la Relativitat"},"content":{"rendered":"<p><!--:ca-->Us proposem una actividad organitzada juntament amb l&#8217;Agrupaci\u00f3 Astron\u00f2mica de Terrassa per al proper dissabte 25 de febrer al mNACTEC. Es tracta de divulgaci\u00f3 de f\u00edsica per\u00f2 enfocada a tots els p\u00fablics. Els adults tenen confer\u00e8ncies impartides per professors i investigadors i mentrestant els m\u00e9s petits tenen preparades activitats del museu. Consulteu els horaris i el programa en els seg\u00fcent enlla\u00e7: <a href=\"http:\/\/www.tecnos.cat\/ampa\/wp-content\/uploads\/2012\/02\/programaV.pdf\" target=\"_blank\">V Jornades de Divulgaci\u00f3 de la Relativitat<\/a>. o b\u00e9 a la web del museu: <a href=\"http:\/\/www.mnactec.cat\/\" target=\"_blank\">mNACTEC<\/a><\/p>\n<p><a href=\"http:\/\/www.tecnos.cat\/ampa\/wp-content\/uploads\/2012\/02\/A4_jornadaV.jpg\"><img loading=\"lazy\" class=\"alignnone size-full wp-image-475\" title=\"A4_jornadaV\" src=\"http:\/\/www.tecnos.cat\/ampa\/wp-content\/uploads\/2012\/02\/A4_jornadaV.jpg\" alt=\"\" width=\"424\" height=\"600\" srcset=\"http:\/\/www.tecnos.cat\/ampa\/wp-content\/uploads\/2012\/02\/A4_jornadaV.jpg 424w, http:\/\/www.tecnos.cat\/ampa\/wp-content\/uploads\/2012\/02\/A4_jornadaV-212x300.jpg 212w\" sizes=\"(max-width: 424px) 100vw, 424px\" \/><\/a><!--:--><\/p>\n<div class=\"sharedaddy sd-sharing-enabled\"><div class=\"robots-nocontent sd-block sd-social sd-social-icon sd-sharing\"><h3 class=\"sd-title\">Share this:<\/h3><div class=\"sd-content\"><ul><li class=\"share-print\"><a rel=\"nofollow noopener noreferrer\" data-shared=\"\" class=\"share-print sd-button share-icon no-text\" href=\"http:\/\/www.tecnos.cat\/ampa\/v-jornades-divulgacio-relativitat-mnactec\/\" target=\"_blank\" title=\"Click to print\" ><span><\/span><span class=\"sharing-screen-reader-text\">Click to print (Opens in new window)<\/span><\/a><\/li><li class=\"share-email\"><a rel=\"nofollow noopener noreferrer\" data-shared=\"\" class=\"share-email sd-button share-icon no-text\" href=\"mailto:?subject=%5BShared%20Post%5D%20V%20Jornades%20de%20Divulgaci%C3%B3%20de%20la%20Relativitat&body=http%3A%2F%2Fwww.tecnos.cat%2Fampa%2Fv-jornades-divulgacio-relativitat-mnactec%2F&share=email\" target=\"_blank\" title=\"Click to email a link to a friend\" data-email-share-error-title=\"Do you have email set up?\" data-email-share-error-text=\"If you&#039;re having problems sharing via email, you might not have email set up for your browser. You may need to create a new email yourself.\" data-email-share-nonce=\"70b9683712\" data-email-share-track-url=\"http:\/\/www.tecnos.cat\/ampa\/v-jornades-divulgacio-relativitat-mnactec\/?share=email\"><span><\/span><span class=\"sharing-screen-reader-text\">Click to email a link to a friend (Opens in new window)<\/span><\/a><\/li><li class=\"share-facebook\"><a rel=\"nofollow noopener noreferrer\" data-shared=\"sharing-facebook-472\" class=\"share-facebook sd-button share-icon no-text\" href=\"http:\/\/www.tecnos.cat\/ampa\/v-jornades-divulgacio-relativitat-mnactec\/?share=facebook\" target=\"_blank\" title=\"Click to share on Facebook\" ><span><\/span><span class=\"sharing-screen-reader-text\">Click to share on Facebook (Opens in new window)<\/span><\/a><\/li><li class=\"share-linkedin\"><a rel=\"nofollow noopener noreferrer\" data-shared=\"sharing-linkedin-472\" class=\"share-linkedin sd-button share-icon no-text\" href=\"http:\/\/www.tecnos.cat\/ampa\/v-jornades-divulgacio-relativitat-mnactec\/?share=linkedin\" target=\"_blank\" title=\"Click to share on LinkedIn\" ><span><\/span><span class=\"sharing-screen-reader-text\">Click to share on LinkedIn (Opens in new window)<\/span><\/a><\/li><li class=\"share-twitter\"><a rel=\"nofollow noopener noreferrer\" data-shared=\"sharing-twitter-472\" class=\"share-twitter sd-button share-icon no-text\" href=\"http:\/\/www.tecnos.cat\/ampa\/v-jornades-divulgacio-relativitat-mnactec\/?share=twitter\" target=\"_blank\" title=\"Click to share on Twitter\" ><span><\/span><span class=\"sharing-screen-reader-text\">Click to share on Twitter (Opens in new window)<\/span><\/a><\/li><li class=\"share-end\"><\/li><\/ul><\/div><\/div><\/div>","protected":false},"excerpt":{"rendered":"<p>Us proposem una actividad organitzada juntament amb l&#8217;Agrupaci\u00f3 Astron\u00f2mica de Terrassa per al proper dissabte 25 de febrer al mNACTEC. Es tracta de divulgaci\u00f3 de f\u00edsica per\u00f2 enfocada a tots els p\u00fablics. Els adults tenen confer\u00e8ncies impartides per professors i investigadors i mentrestant els m\u00e9s petits tenen preparades activitats del museu. Consulteu els horaris i &hellip; <a href=\"http:\/\/www.tecnos.cat\/ampa\/v-jornades-divulgacio-relativitat-mnactec\/\" class=\"more-link\">Continua la lectura de <span class=\"screen-reader-text\">V Jornades de Divulgaci\u00f3 de la Relativitat<\/span><\/a><\/p>\n<div class=\"sharedaddy sd-sharing-enabled\"><div class=\"robots-nocontent sd-block sd-social sd-social-icon sd-sharing\"><h3 class=\"sd-title\">Share this:<\/h3><div class=\"sd-content\"><ul><li class=\"share-print\"><a rel=\"nofollow noopener noreferrer\" data-shared=\"\" class=\"share-print sd-button share-icon no-text\" href=\"http:\/\/www.tecnos.cat\/ampa\/v-jornades-divulgacio-relativitat-mnactec\/\" target=\"_blank\" title=\"Click to print\" ><span><\/span><span class=\"sharing-screen-reader-text\">Click to print (Opens in new window)<\/span><\/a><\/li><li class=\"share-email\"><a rel=\"nofollow noopener noreferrer\" data-shared=\"\" class=\"share-email sd-button share-icon no-text\" href=\"mailto:?subject=%5BShared%20Post%5D%20V%20Jornades%20de%20Divulgaci%C3%B3%20de%20la%20Relativitat&body=http%3A%2F%2Fwww.tecnos.cat%2Fampa%2Fv-jornades-divulgacio-relativitat-mnactec%2F&share=email\" target=\"_blank\" title=\"Click to email a link to a friend\" data-email-share-error-title=\"Do you have email set up?\" data-email-share-error-text=\"If you&#039;re having problems sharing via email, you might not have email set up for your browser. You may need to create a new email yourself.\" data-email-share-nonce=\"70b9683712\" data-email-share-track-url=\"http:\/\/www.tecnos.cat\/ampa\/v-jornades-divulgacio-relativitat-mnactec\/?share=email\"><span><\/span><span class=\"sharing-screen-reader-text\">Click to email a link to a friend (Opens in new window)<\/span><\/a><\/li><li class=\"share-facebook\"><a rel=\"nofollow noopener noreferrer\" data-shared=\"sharing-facebook-472\" class=\"share-facebook sd-button share-icon no-text\" href=\"http:\/\/www.tecnos.cat\/ampa\/v-jornades-divulgacio-relativitat-mnactec\/?share=facebook\" target=\"_blank\" title=\"Click to share on Facebook\" ><span><\/span><span class=\"sharing-screen-reader-text\">Click to share on Facebook (Opens in new window)<\/span><\/a><\/li><li class=\"share-linkedin\"><a rel=\"nofollow noopener noreferrer\" data-shared=\"sharing-linkedin-472\" class=\"share-linkedin sd-button share-icon no-text\" href=\"http:\/\/www.tecnos.cat\/ampa\/v-jornades-divulgacio-relativitat-mnactec\/?share=linkedin\" target=\"_blank\" title=\"Click to share on LinkedIn\" ><span><\/span><span class=\"sharing-screen-reader-text\">Click to share on LinkedIn (Opens in new window)<\/span><\/a><\/li><li class=\"share-twitter\"><a rel=\"nofollow noopener noreferrer\" data-shared=\"sharing-twitter-472\" class=\"share-twitter sd-button share-icon no-text\" href=\"http:\/\/www.tecnos.cat\/ampa\/v-jornades-divulgacio-relativitat-mnactec\/?share=twitter\" target=\"_blank\" title=\"Click to share on Twitter\" ><span><\/span><span class=\"sharing-screen-reader-text\">Click to share on Twitter (Opens in new window)<\/span><\/a><\/li><li class=\"share-end\"><\/li><\/ul><\/div><\/div><\/div>","protected":false},"author":1,"featured_media":0,"comment_status":"open","ping_status":"open","sticky":false,"template":"","format":"standard","meta":{"jetpack_post_was_ever_published":false,"jetpack_publicize_message":"","jetpack_is_tweetstorm":false,"jetpack_publicize_feature_enabled":true},"categories":[1],"tags":[191,207,210],"jetpack_publicize_connections":[],"jetpack_featured_media_url":"","jetpack_sharing_enabled":true,"jetpack_shortlink":"https:\/\/wp.me\/p3fByE-7C","_links":{"self":[{"href":"http:\/\/www.tecnos.cat\/ampa\/wp-json\/wp\/v2\/posts\/472"}],"collection":[{"href":"http:\/\/www.tecnos.cat\/ampa\/wp-json\/wp\/v2\/posts"}],"about":[{"href":"http:\/\/www.tecnos.cat\/ampa\/wp-json\/wp\/v2\/types\/post"}],"author":[{"embeddable":true,"href":"http:\/\/www.tecnos.cat\/ampa\/wp-json\/wp\/v2\/users\/1"}],"replies":[{"embeddable":true,"href":"http:\/\/www.tecnos.cat\/ampa\/wp-json\/wp\/v2\/comments?post=472"}],"version-history":[{"count":7,"href":"http:\/\/www.tecnos.cat\/ampa\/wp-json\/wp\/v2\/posts\/472\/revisions"}],"predecessor-version":[{"id":2894,"href":"http:\/\/www.tecnos.cat\/ampa\/wp-json\/wp\/v2\/posts\/472\/revisions\/2894"}],"wp:attachment":[{"href":"http:\/\/www.tecnos.cat\/ampa\/wp-json\/wp\/v2\/media?parent=472"}],"wp:term":[{"taxonomy":"category","embeddable":true,"href":"http:\/\/www.tecnos.cat\/ampa\/wp-json\/wp\/v2\/categories?post=472"},{"taxonomy":"post_tag","embeddable":true,"href":"http:\/\/www.tecnos.cat\/ampa\/wp-json\/wp\/v2\/tags?post=472"}],"curies":[{"name":"wp","href":"https:\/\/api.w.org\/{rel}","templated":true}]}}