{"id":3933,"date":"2019-11-19T14:59:25","date_gmt":"2019-11-19T13:59:25","guid":{"rendered":"http:\/\/www.tecnos.cat\/ampa\/?p=3933"},"modified":"2019-11-19T14:59:32","modified_gmt":"2019-11-19T13:59:32","slug":"treskatecnos-20191124-castellcir","status":"publish","type":"post","link":"http:\/\/www.tecnos.cat\/ampa\/treskatecnos-20191124-castellcir\/","title":{"rendered":"Sortida al Castell de la Popa"},"content":{"rendered":"<h5>El vaixell que solca els boscos del Moian\u00e8s<\/h5>\n<p style=\"text-align: left;\">Els\u00a0<strong><span style=\"color: #000080;\">treskaires<\/span><\/strong>\u00a0ja tenim a punt la primera excursi\u00f3 d&#8217;aquest curs. Aquest diumenge descobrirem que a les muntanyes del Moian\u00e8s s&#8217;hi amaga un vaixell que solca les ind\u00f2mites copes dels roures i les alzines dels seus boscos. Es tracta del castell de Castellcir, conegut tamb\u00e9 com el Castell de la Popa per la peculiar forma de la roca sobre la qual est\u00e0 constru\u00eft.<\/p>\n<p>La sortida no presenta cap tipus de dificultat t\u00e8cnica i, pel seu perfil i dist\u00e0ncia, \u00e9s id\u00f2nia perqu\u00e8 els m\u00e9s petits comencin a aventurar-se en el m\u00f3n de l&#8217;excursionisme. Els m\u00e9s grans, per la bellesa i espectacularitat d&#8217;aquest enclavament, tamb\u00e9 gaudiran d&#8217;un bon mat\u00ed de natura pinzellat amb els colors de la tardor.<\/p>\n<p><img loading=\"lazy\" class=\"\" src=\"http:\/\/www.castellcir.cat\/img\/950-650-ESCALA\/castell2.jpg\" alt=\"Resultat d'imatges de castellcir\" width=\"335\" height=\"251\" \/><img loading=\"lazy\" class=\"\" src=\"http:\/\/moianesmes.cat\/wp-content\/uploads\/2015\/07\/castell-popa.jpg\" alt=\"Resultat d'imatges de castellcir\" width=\"335\" height=\"209\" \/><\/p>\n<p><strong>Dades de la sortida<\/strong><\/p>\n<p>Sortirem a les 10.30 h del mat\u00ed des de Castellcir. El punt de trobada \u00e9s el mateix punt d&#8217;inici i final de l&#8217;excursi\u00f3. En funci\u00f3 de la composici\u00f3 del grup, hi ha la possibilitat de deixar els cotxes m\u00e9s endavant i reduir una mica la llargada de l&#8217;excursi\u00f3. En tot cas, aix\u00f2 ho decidirem el mateix diumenge.<\/p>\n<p><strong>Dia:<\/strong>\u00a0Diumenge 24 de novembre de 2019<\/p>\n<p><strong>Hora d\u2019inici:<\/strong>\u00a010.30 h<\/p>\n<p><strong>Punt de trobada:\u00a0<\/strong>Aparcament davant el Casal Municipal de Castellcir, a la pla\u00e7a de l&#8217;Abat Escarr\u00e9 (<a href=\"https:\/\/goo.gl\/maps\/w2TM2rBKvekU7y7P6\">mapa<\/a>).<\/p>\n<p>L&#8217;horari de la sortida est\u00e0 pensat per poder dinar al mateix punt d&#8217;inici de l&#8217;excursi\u00f3, cap a les 14.00 h. Com sempre, carmanyola o entrep\u00e0 i el que vulgueu per compartir.<\/p>\n<p><strong>Com arribar-hi:<\/strong><\/p>\n<p>Des de Terrassa s\u2019arriba a Castellcir en uns 50 minuts. Cal agafar l&#8217;AP-7 direcci\u00f3 Girona i sortir per la sortida 17 (C-59 Caldes de Montbui). Sense deixar en cap moment la carretera C-59, passarem per Caldes, Sant Feliu de Codines, Sant Quirze Safaja i Castellter\u00e7ol, on tot just entrar al poble agafarem un trencall a la dreta (BV-1310) que en poca estona ens portar\u00e0 directament a Castellcir.<\/p>\n<h6>Indicacions d&#8217;inter\u00e8s<\/h6>\n<p>Porteu roba d&#8217;abric, bon cal\u00e7at, aigua i ganyips per picar durant la sortida.\u00a0Si hi ha previsi\u00f3 de mal temps, el dissabte 23 de novembre com a molt tard es penjar\u00e0 una nota en aquest mateix blog\u00a0 i a les xarxes per avisar si s\u2019anul\u00b7la o es mant\u00e9 l\u2019activitat.<\/p>\n<p>Per\u00a0a qualsevol consulta pr\u00e8via, podeu contactar-nos a l\u2019adre\u00e7a treskatecnos@tecnos.cat o el dia de la sortida als tel\u00e8fons 661262505 (Albert), 687943850 (Marta), 626640429 (Jos\u00e9 A.),\u00a0 679308220 (David)<\/p>\n<p><span style=\"color: #000080;\"><strong>Esperem ser una bona colla de nou! <span style=\"color: #ff6600;\">No hi falteu!<\/span><\/strong><\/span><\/p>\n<h6><em>Aquesta activitat no necessita inscripci\u00f3 pr\u00e8via. Abans d\u2019iniciar l\u2019activitat us demanarem signar un document de desc\u00e0rrega de responsabilitat. Farem el grup amb les fam\u00edlies que siguin al lloc i hora de la convocat\u00f2ria.<\/em><\/h6>\n<p><em>Recordeu que la participaci\u00f3 a l\u2019activitat implica acceptar que l\u2019organitzaci\u00f3 no es fa responsable de les incid\u00e8ncies que es puguin produir durant la sortida i que els menors d\u2019edat estan sota la responsabilitat directa dels adults acompanyants responsables.<\/em><\/p>\n<div class=\"sharedaddy sd-sharing-enabled\"><div class=\"robots-nocontent sd-block sd-social sd-social-icon sd-sharing\"><h3 class=\"sd-title\">Share this:<\/h3><div class=\"sd-content\"><ul><li class=\"share-print\"><a rel=\"nofollow noopener noreferrer\" data-shared=\"\" class=\"share-print sd-button share-icon no-text\" href=\"http:\/\/www.tecnos.cat\/ampa\/treskatecnos-20191124-castellcir\/\" target=\"_blank\" title=\"Click to print\" ><span><\/span><span class=\"sharing-screen-reader-text\">Click to print (Opens in new window)<\/span><\/a><\/li><li class=\"share-email\"><a rel=\"nofollow noopener noreferrer\" data-shared=\"\" class=\"share-email sd-button share-icon no-text\" href=\"mailto:?subject=%5BShared%20Post%5D%20Sortida%20al%20Castell%20de%20la%20Popa&body=http%3A%2F%2Fwww.tecnos.cat%2Fampa%2Ftreskatecnos-20191124-castellcir%2F&share=email\" target=\"_blank\" title=\"Click to email a link to a friend\" data-email-share-error-title=\"Do you have email set up?\" data-email-share-error-text=\"If you&#039;re having problems sharing via email, you might not have email set up for your browser. You may need to create a new email yourself.\" data-email-share-nonce=\"273abe2b35\" data-email-share-track-url=\"http:\/\/www.tecnos.cat\/ampa\/treskatecnos-20191124-castellcir\/?share=email\"><span><\/span><span class=\"sharing-screen-reader-text\">Click to email a link to a friend (Opens in new window)<\/span><\/a><\/li><li class=\"share-facebook\"><a rel=\"nofollow noopener noreferrer\" data-shared=\"sharing-facebook-3933\" class=\"share-facebook sd-button share-icon no-text\" href=\"http:\/\/www.tecnos.cat\/ampa\/treskatecnos-20191124-castellcir\/?share=facebook\" target=\"_blank\" title=\"Click to share on Facebook\" ><span><\/span><span class=\"sharing-screen-reader-text\">Click to share on Facebook (Opens in new window)<\/span><\/a><\/li><li class=\"share-linkedin\"><a rel=\"nofollow noopener noreferrer\" data-shared=\"sharing-linkedin-3933\" class=\"share-linkedin sd-button share-icon no-text\" href=\"http:\/\/www.tecnos.cat\/ampa\/treskatecnos-20191124-castellcir\/?share=linkedin\" target=\"_blank\" title=\"Click to share on LinkedIn\" ><span><\/span><span class=\"sharing-screen-reader-text\">Click to share on LinkedIn (Opens in new window)<\/span><\/a><\/li><li class=\"share-twitter\"><a rel=\"nofollow noopener noreferrer\" data-shared=\"sharing-twitter-3933\" class=\"share-twitter sd-button share-icon no-text\" href=\"http:\/\/www.tecnos.cat\/ampa\/treskatecnos-20191124-castellcir\/?share=twitter\" target=\"_blank\" title=\"Click to share on Twitter\" ><span><\/span><span class=\"sharing-screen-reader-text\">Click to share on Twitter (Opens in new window)<\/span><\/a><\/li><li class=\"share-end\"><\/li><\/ul><\/div><\/div><\/div>","protected":false},"excerpt":{"rendered":"<p>El vaixell que solca els boscos del Moian\u00e8s Els\u00a0treskaires\u00a0ja tenim a punt la primera excursi\u00f3 d&#8217;aquest curs. Aquest diumenge descobrirem que a les muntanyes del Moian\u00e8s s&#8217;hi amaga un vaixell que solca les ind\u00f2mites copes dels roures i les alzines dels seus boscos. Es tracta del castell de Castellcir, conegut tamb\u00e9 com el Castell de &hellip; <a href=\"http:\/\/www.tecnos.cat\/ampa\/treskatecnos-20191124-castellcir\/\" class=\"more-link\">Continua la lectura de <span class=\"screen-reader-text\">Sortida al Castell de la Popa<\/span><\/a><\/p>\n<div class=\"sharedaddy sd-sharing-enabled\"><div class=\"robots-nocontent sd-block sd-social sd-social-icon sd-sharing\"><h3 class=\"sd-title\">Share this:<\/h3><div class=\"sd-content\"><ul><li class=\"share-print\"><a rel=\"nofollow noopener noreferrer\" data-shared=\"\" class=\"share-print sd-button share-icon no-text\" href=\"http:\/\/www.tecnos.cat\/ampa\/treskatecnos-20191124-castellcir\/\" target=\"_blank\" title=\"Click to print\" ><span><\/span><span class=\"sharing-screen-reader-text\">Click to print (Opens in new window)<\/span><\/a><\/li><li class=\"share-email\"><a rel=\"nofollow noopener noreferrer\" data-shared=\"\" class=\"share-email sd-button share-icon no-text\" href=\"mailto:?subject=%5BShared%20Post%5D%20Sortida%20al%20Castell%20de%20la%20Popa&body=http%3A%2F%2Fwww.tecnos.cat%2Fampa%2Ftreskatecnos-20191124-castellcir%2F&share=email\" target=\"_blank\" title=\"Click to email a link to a friend\" data-email-share-error-title=\"Do you have email set up?\" data-email-share-error-text=\"If you&#039;re having problems sharing via email, you might not have email set up for your browser. You may need to create a new email yourself.\" data-email-share-nonce=\"273abe2b35\" data-email-share-track-url=\"http:\/\/www.tecnos.cat\/ampa\/treskatecnos-20191124-castellcir\/?share=email\"><span><\/span><span class=\"sharing-screen-reader-text\">Click to email a link to a friend (Opens in new window)<\/span><\/a><\/li><li class=\"share-facebook\"><a rel=\"nofollow noopener noreferrer\" data-shared=\"sharing-facebook-3933\" class=\"share-facebook sd-button share-icon no-text\" href=\"http:\/\/www.tecnos.cat\/ampa\/treskatecnos-20191124-castellcir\/?share=facebook\" target=\"_blank\" title=\"Click to share on Facebook\" ><span><\/span><span class=\"sharing-screen-reader-text\">Click to share on Facebook (Opens in new window)<\/span><\/a><\/li><li class=\"share-linkedin\"><a rel=\"nofollow noopener noreferrer\" data-shared=\"sharing-linkedin-3933\" class=\"share-linkedin sd-button share-icon no-text\" href=\"http:\/\/www.tecnos.cat\/ampa\/treskatecnos-20191124-castellcir\/?share=linkedin\" target=\"_blank\" title=\"Click to share on LinkedIn\" ><span><\/span><span class=\"sharing-screen-reader-text\">Click to share on LinkedIn (Opens in new window)<\/span><\/a><\/li><li class=\"share-twitter\"><a rel=\"nofollow noopener noreferrer\" data-shared=\"sharing-twitter-3933\" class=\"share-twitter sd-button share-icon no-text\" href=\"http:\/\/www.tecnos.cat\/ampa\/treskatecnos-20191124-castellcir\/?share=twitter\" target=\"_blank\" title=\"Click to share on Twitter\" ><span><\/span><span class=\"sharing-screen-reader-text\">Click to share on Twitter (Opens in new window)<\/span><\/a><\/li><li class=\"share-end\"><\/li><\/ul><\/div><\/div><\/div>","protected":false},"author":1,"featured_media":0,"comment_status":"open","ping_status":"open","sticky":false,"template":"","format":"standard","meta":{"jetpack_post_was_ever_published":false,"jetpack_publicize_message":"","jetpack_is_tweetstorm":false,"jetpack_publicize_feature_enabled":true},"categories":[33],"tags":[423,339,377,35],"jetpack_publicize_connections":[],"jetpack_featured_media_url":"","jetpack_sharing_enabled":true,"jetpack_shortlink":"https:\/\/wp.me\/p3fByE-11r","_links":{"self":[{"href":"http:\/\/www.tecnos.cat\/ampa\/wp-json\/wp\/v2\/posts\/3933"}],"collection":[{"href":"http:\/\/www.tecnos.cat\/ampa\/wp-json\/wp\/v2\/posts"}],"about":[{"href":"http:\/\/www.tecnos.cat\/ampa\/wp-json\/wp\/v2\/types\/post"}],"author":[{"embeddable":true,"href":"http:\/\/www.tecnos.cat\/ampa\/wp-json\/wp\/v2\/users\/1"}],"replies":[{"embeddable":true,"href":"http:\/\/www.tecnos.cat\/ampa\/wp-json\/wp\/v2\/comments?post=3933"}],"version-history":[{"count":5,"href":"http:\/\/www.tecnos.cat\/ampa\/wp-json\/wp\/v2\/posts\/3933\/revisions"}],"predecessor-version":[{"id":3949,"href":"http:\/\/www.tecnos.cat\/ampa\/wp-json\/wp\/v2\/posts\/3933\/revisions\/3949"}],"wp:attachment":[{"href":"http:\/\/www.tecnos.cat\/ampa\/wp-json\/wp\/v2\/media?parent=3933"}],"wp:term":[{"taxonomy":"category","embeddable":true,"href":"http:\/\/www.tecnos.cat\/ampa\/wp-json\/wp\/v2\/categories?post=3933"},{"taxonomy":"post_tag","embeddable":true,"href":"http:\/\/www.tecnos.cat\/ampa\/wp-json\/wp\/v2\/tags?post=3933"}],"curies":[{"name":"wp","href":"https:\/\/api.w.org\/{rel}","templated":true}]}}