{"id":3861,"date":"2019-06-20T15:18:31","date_gmt":"2019-06-20T14:18:31","guid":{"rendered":"http:\/\/www.tecnos.cat\/ampa\/?p=3861"},"modified":"2019-06-20T15:39:24","modified_gmt":"2019-06-20T14:39:24","slug":"treskatecnos-ulldeter-2019","status":"publish","type":"post","link":"http:\/\/www.tecnos.cat\/ampa\/treskatecnos-ulldeter-2019\/","title":{"rendered":"Cap de setmana a Ulldeter"},"content":{"rendered":"<p><span style=\"font-family: georgia, serif;\"> Hola<\/span><span style=\"color: #222222; font-family: georgia, serif;\"><span style=\"color: #ff6600;\"> <strong>Treskaires<\/strong><\/span>!<\/span><\/p>\n<p>La caloreta anuncia la fi del curs i l&#8217;arribada de l&#8217;estiu. I a la Treskatecnos ens fa venir ganes de pujar un cim altiu i respirar l&#8217;aire fresc de les valls del Pirineu. Aquest curs recuperem una sortida que ja vam fer va un parell d&#8217;anys, per\u00f2 que ben segur voldreu repetir o fer-la per primer cop. Anirem al Ripoll\u00e8s a descobrir els tresors amagats d&#8217;Ulldeter.<\/p>\n<p>\u00a0<\/p>\n\n\n<figure class=\"wp-block-image is-resized\"><img loading=\"lazy\" width=\"400\" height=\"300\" src=\"http:\/\/www.tecnos.cat\/ampa\/wp-content\/uploads\/2019\/06\/P9052463.jpg\" alt=\"\" class=\"wp-image-3862\" srcset=\"http:\/\/www.tecnos.cat\/ampa\/wp-content\/uploads\/2019\/06\/P9052463.jpg 400w, http:\/\/www.tecnos.cat\/ampa\/wp-content\/uploads\/2019\/06\/P9052463-300x225.jpg 300w, http:\/\/www.tecnos.cat\/ampa\/wp-content\/uploads\/2019\/06\/P9052463-256x192.jpg 256w\" sizes=\"(max-width: 400px) 100vw, 400px\" \/><figcaption>Refugi d&#8217;Ulldeter, a 2.220 m<\/figcaption><\/figure>\n\n\n<p><span style=\"color: #ff6600;\"><strong>QUAN:<\/strong> <\/span>\u00a0<strong>13<\/strong><strong>\u00a0i 14 de juliol<\/strong> de 2019<\/p>\n<p>El mat\u00ed de dissabte (12 h) farem una activitat a Setcases, i a la tarda (17 h) acabarem de reunir el grup abans de sortir cap el refugi.<\/p>\n<p><span style=\"color: #ff6600;\"><strong>ON:<\/strong><\/span> Refugi d&#8217;Ulldeter (2.220 m)<\/p>\n<p><strong><span style=\"color: #ff6600;\">NIVELL:<\/span><\/strong>\u00a0Diumenge farem excursions adaptades a totes les edats i nivells.<\/p>\n<p><em><strong>Petits<\/strong><\/em><\/p>\n<p><img src=\"https:\/\/www.canjepet.cat\/wp-content\/uploads\/2017\/05\/naixement-ter.jpg\" alt=\"Resultat d'imatges de naixement ter\" \/><\/p>\n<p>Pels m\u00e9s petits, descobrirem el naixement del riu Ter, les restes del primer refugi de muntanya del Pirineu i pujarem a un cim molt proper al refugi i amb poc desnivell: el Puig dels Lladres (2.365 m)<\/p>\n<p><em><strong>Grans<\/strong><\/em><\/p>\n<p><img src=\"http:\/\/www.tecnos.cat\/ampa\/wp-content\/uploads\/2019\/06\/7b0f462d576108d98bef8bd67ab844c22d1481bd-1024x267.jpg\" alt=\"Aquesta imatge t\u00c3\u00a9 l'atribut alt buit; el seu nom \u00c3\u00a9s 7b0f462d576108d98bef8bd67ab844c22d1481bd-1024x267.jpg\" \/>Els m\u00e9s grans, pujarem al Gra de Fajol (2.714 m) o al Bastiments (2.881 m), en funci\u00f3 del temps i la composici\u00f3 del grup. S\u00f3n dos cims espectaculars i emblem\u00e0tics que tot amant de la muntanya ha d&#8217;haver fet algun cop a la vida.<\/p>\n<p>\u00a0<\/p>\n<p><strong><span style=\"color: #ff6600;\">INSCRIPCIONS i PREUS:<\/span><\/strong><\/p>\n<p><img loading=\"lazy\" class=\"\" src=\"http:\/\/www.tecnos.cat\/ampa\/wp-content\/uploads\/2019\/06\/preus.png\" alt=\"Aquesta imatge t\u00c3\u00a9 l'atribut alt buit; el seu nom \u00c3\u00a9s preus.png\" width=\"325\" height=\"195\" \/><\/p>\n<p>Hi ha l&#8217;opci\u00f3 d&#8217;acampar en bivac (no est\u00e0 perm\u00e8s deixar la tenda muntada durant el dia). En aquest cas, nom\u00e9s s&#8217;haurien d&#8217;abonar els \u00e0pats.<\/p>\n<p>Les places s&#8217;adjudicaran segons l&#8217;ordre d&#8217;inscripci\u00f3. El termini d&#8217;inscripci\u00f3 amb pla\u00e7a garantida finalitza aquest dissabte 22 de juny. Si us inscriviu m\u00e9s tard, contacteu amb nosaltres per assegurar que teniu pla\u00e7a.<\/p>\n<p>Teniu m\u00e9s informaci\u00f3 de la sortida i les instruccions per fer el pagament al formulari d&#8217;inscripci\u00f3:<\/p>\n<p><a href=\"https:\/\/forms.gle\/JLMJwVxm4sHtXS62A\">INSCRIPCIONS I M\u00c9S INFORMACI\u00d3 SOBRE AL SORTIDA<\/a><\/p>\n<p><strong>ANIMEU-VOS!!!<\/strong><\/p>\n<p><strong><em>\u00a0<\/em><\/strong><\/p>\n<p>\u00a0<\/p>\n<p>Per qualsevol dubte podeu escriure&#8217;ns a <a href=\"mailto:treskatecnos@tecnos.cat\">treskatecnos@tecnos.cat<\/a><\/p>\n\n\n<p><\/p>\n\n\n<div class=\"sharedaddy sd-sharing-enabled\"><div class=\"robots-nocontent sd-block sd-social sd-social-icon sd-sharing\"><h3 class=\"sd-title\">Share this:<\/h3><div class=\"sd-content\"><ul><li class=\"share-print\"><a rel=\"nofollow noopener noreferrer\" data-shared=\"\" class=\"share-print sd-button share-icon no-text\" href=\"http:\/\/www.tecnos.cat\/ampa\/treskatecnos-ulldeter-2019\/\" target=\"_blank\" title=\"Click to print\" ><span><\/span><span class=\"sharing-screen-reader-text\">Click to print (Opens in new window)<\/span><\/a><\/li><li class=\"share-email\"><a rel=\"nofollow noopener noreferrer\" data-shared=\"\" class=\"share-email sd-button share-icon no-text\" href=\"mailto:?subject=%5BShared%20Post%5D%20Cap%20de%20setmana%20a%20Ulldeter&body=http%3A%2F%2Fwww.tecnos.cat%2Fampa%2Ftreskatecnos-ulldeter-2019%2F&share=email\" target=\"_blank\" title=\"Click to email a link to a friend\" data-email-share-error-title=\"Do you have email set up?\" data-email-share-error-text=\"If you&#039;re having problems sharing via email, you might not have email set up for your browser. You may need to create a new email yourself.\" data-email-share-nonce=\"af9aefd2dc\" data-email-share-track-url=\"http:\/\/www.tecnos.cat\/ampa\/treskatecnos-ulldeter-2019\/?share=email\"><span><\/span><span class=\"sharing-screen-reader-text\">Click to email a link to a friend (Opens in new window)<\/span><\/a><\/li><li class=\"share-facebook\"><a rel=\"nofollow noopener noreferrer\" data-shared=\"sharing-facebook-3861\" class=\"share-facebook sd-button share-icon no-text\" href=\"http:\/\/www.tecnos.cat\/ampa\/treskatecnos-ulldeter-2019\/?share=facebook\" target=\"_blank\" title=\"Click to share on Facebook\" ><span><\/span><span class=\"sharing-screen-reader-text\">Click to share on Facebook (Opens in new window)<\/span><\/a><\/li><li class=\"share-linkedin\"><a rel=\"nofollow noopener noreferrer\" data-shared=\"sharing-linkedin-3861\" class=\"share-linkedin sd-button share-icon no-text\" href=\"http:\/\/www.tecnos.cat\/ampa\/treskatecnos-ulldeter-2019\/?share=linkedin\" target=\"_blank\" title=\"Click to share on LinkedIn\" ><span><\/span><span class=\"sharing-screen-reader-text\">Click to share on LinkedIn (Opens in new window)<\/span><\/a><\/li><li class=\"share-twitter\"><a rel=\"nofollow noopener noreferrer\" data-shared=\"sharing-twitter-3861\" class=\"share-twitter sd-button share-icon no-text\" href=\"http:\/\/www.tecnos.cat\/ampa\/treskatecnos-ulldeter-2019\/?share=twitter\" target=\"_blank\" title=\"Click to share on Twitter\" ><span><\/span><span class=\"sharing-screen-reader-text\">Click to share on Twitter (Opens in new window)<\/span><\/a><\/li><li class=\"share-end\"><\/li><\/ul><\/div><\/div><\/div>","protected":false},"excerpt":{"rendered":"<p>Hola Treskaires! La caloreta anuncia la fi del curs i l&#8217;arribada de l&#8217;estiu. I a la Treskatecnos ens fa venir ganes de pujar un cim altiu i respirar l&#8217;aire fresc de les valls del Pirineu. Aquest curs recuperem una sortida que ja vam fer va un parell d&#8217;anys, per\u00f2 que ben segur voldreu repetir o &hellip; <a href=\"http:\/\/www.tecnos.cat\/ampa\/treskatecnos-ulldeter-2019\/\" class=\"more-link\">Continua la lectura de <span class=\"screen-reader-text\">Cap de setmana a Ulldeter<\/span><\/a><\/p>\n<div class=\"sharedaddy sd-sharing-enabled\"><div class=\"robots-nocontent sd-block sd-social sd-social-icon sd-sharing\"><h3 class=\"sd-title\">Share this:<\/h3><div class=\"sd-content\"><ul><li class=\"share-print\"><a rel=\"nofollow noopener noreferrer\" data-shared=\"\" class=\"share-print sd-button share-icon no-text\" href=\"http:\/\/www.tecnos.cat\/ampa\/treskatecnos-ulldeter-2019\/\" target=\"_blank\" title=\"Click to print\" ><span><\/span><span class=\"sharing-screen-reader-text\">Click to print (Opens in new window)<\/span><\/a><\/li><li class=\"share-email\"><a rel=\"nofollow noopener noreferrer\" data-shared=\"\" class=\"share-email sd-button share-icon no-text\" href=\"mailto:?subject=%5BShared%20Post%5D%20Cap%20de%20setmana%20a%20Ulldeter&body=http%3A%2F%2Fwww.tecnos.cat%2Fampa%2Ftreskatecnos-ulldeter-2019%2F&share=email\" target=\"_blank\" title=\"Click to email a link to a friend\" data-email-share-error-title=\"Do you have email set up?\" data-email-share-error-text=\"If you&#039;re having problems sharing via email, you might not have email set up for your browser. You may need to create a new email yourself.\" data-email-share-nonce=\"af9aefd2dc\" data-email-share-track-url=\"http:\/\/www.tecnos.cat\/ampa\/treskatecnos-ulldeter-2019\/?share=email\"><span><\/span><span class=\"sharing-screen-reader-text\">Click to email a link to a friend (Opens in new window)<\/span><\/a><\/li><li class=\"share-facebook\"><a rel=\"nofollow noopener noreferrer\" data-shared=\"sharing-facebook-3861\" class=\"share-facebook sd-button share-icon no-text\" href=\"http:\/\/www.tecnos.cat\/ampa\/treskatecnos-ulldeter-2019\/?share=facebook\" target=\"_blank\" title=\"Click to share on Facebook\" ><span><\/span><span class=\"sharing-screen-reader-text\">Click to share on Facebook (Opens in new window)<\/span><\/a><\/li><li class=\"share-linkedin\"><a rel=\"nofollow noopener noreferrer\" data-shared=\"sharing-linkedin-3861\" class=\"share-linkedin sd-button share-icon no-text\" href=\"http:\/\/www.tecnos.cat\/ampa\/treskatecnos-ulldeter-2019\/?share=linkedin\" target=\"_blank\" title=\"Click to share on LinkedIn\" ><span><\/span><span class=\"sharing-screen-reader-text\">Click to share on LinkedIn (Opens in new window)<\/span><\/a><\/li><li class=\"share-twitter\"><a rel=\"nofollow noopener noreferrer\" data-shared=\"sharing-twitter-3861\" class=\"share-twitter sd-button share-icon no-text\" href=\"http:\/\/www.tecnos.cat\/ampa\/treskatecnos-ulldeter-2019\/?share=twitter\" target=\"_blank\" title=\"Click to share on Twitter\" ><span><\/span><span class=\"sharing-screen-reader-text\">Click to share on Twitter (Opens in new window)<\/span><\/a><\/li><li class=\"share-end\"><\/li><\/ul><\/div><\/div><\/div>","protected":false},"author":1,"featured_media":0,"comment_status":"open","ping_status":"closed","sticky":false,"template":"","format":"standard","meta":{"jetpack_post_was_ever_published":false,"jetpack_publicize_message":"","jetpack_is_tweetstorm":false,"jetpack_publicize_feature_enabled":true},"categories":[33],"tags":[378,225,35],"jetpack_publicize_connections":[],"jetpack_featured_media_url":"","jetpack_sharing_enabled":true,"jetpack_shortlink":"https:\/\/wp.me\/p3fByE-10h","_links":{"self":[{"href":"http:\/\/www.tecnos.cat\/ampa\/wp-json\/wp\/v2\/posts\/3861"}],"collection":[{"href":"http:\/\/www.tecnos.cat\/ampa\/wp-json\/wp\/v2\/posts"}],"about":[{"href":"http:\/\/www.tecnos.cat\/ampa\/wp-json\/wp\/v2\/types\/post"}],"author":[{"embeddable":true,"href":"http:\/\/www.tecnos.cat\/ampa\/wp-json\/wp\/v2\/users\/1"}],"replies":[{"embeddable":true,"href":"http:\/\/www.tecnos.cat\/ampa\/wp-json\/wp\/v2\/comments?post=3861"}],"version-history":[{"count":3,"href":"http:\/\/www.tecnos.cat\/ampa\/wp-json\/wp\/v2\/posts\/3861\/revisions"}],"predecessor-version":[{"id":3868,"href":"http:\/\/www.tecnos.cat\/ampa\/wp-json\/wp\/v2\/posts\/3861\/revisions\/3868"}],"wp:attachment":[{"href":"http:\/\/www.tecnos.cat\/ampa\/wp-json\/wp\/v2\/media?parent=3861"}],"wp:term":[{"taxonomy":"category","embeddable":true,"href":"http:\/\/www.tecnos.cat\/ampa\/wp-json\/wp\/v2\/categories?post=3861"},{"taxonomy":"post_tag","embeddable":true,"href":"http:\/\/www.tecnos.cat\/ampa\/wp-json\/wp\/v2\/tags?post=3861"}],"curies":[{"name":"wp","href":"https:\/\/api.w.org\/{rel}","templated":true}]}}