{"id":3849,"date":"2019-04-29T17:37:19","date_gmt":"2019-04-29T16:37:19","guid":{"rendered":"http:\/\/www.tecnos.cat\/ampa\/?p=3849"},"modified":"2019-04-29T17:53:57","modified_gmt":"2019-04-29T16:53:57","slug":"treskatecnos-20190505-tines-vall-del-flequer","status":"publish","type":"post","link":"http:\/\/www.tecnos.cat\/ampa\/treskatecnos-20190505-tines-vall-del-flequer\/","title":{"rendered":"Sortida a les tines de la vall del Flequer"},"content":{"rendered":"<h5>Una caminada per descobrir un patrimoni vitivin\u00edcola \u00fanic amagat entre la natura<\/h5>\n<p>Hola <strong>treskaires!<\/strong><\/p>\n<p>Us proposem una excursi\u00f3 que estem segurs que us engrescar\u00e0: descobrir les tines de la vall del Flequer, unes construccions de pedra seca que durant segles s&#8217;havien destinat a la producci\u00f3 de vi. Es tracta d&#8217;uns elements \u00fanics que nom\u00e9s es troben en aquesta zona del sud del Bages, dins del Parc Natural de Sant Lloren\u00e7 del Munt i l&#8217;Obac, i que han estat declarades b\u00e9 cultural d&#8217;inter\u00e8s nacional recentment.<\/p>\n<p>\u00c9s un itinerari circular de poc m\u00e9s de 5 km i sense gaire desnivell, apte per a nens i nenes des de P3 i persones que no estan massa acostumades a caminar. Una excursi\u00f3 que ens permetr\u00e0 gaudir del paisatge i la hist\u00f2ria.<\/p>\n<p>Teniu m\u00e9s informaci\u00f3 sobre el recorregut en aquest <a href=\"https:\/\/itineraris-senyalitzats.diba.cat\/dibaparcs\/routes\/view\/sl-c-52-les-tines-de-la-vall-del-flequer\">enlla\u00e7<\/a> o en aquesta <a href=\"http:\/\/www.tecnos.cat\/ampa\/wp-content\/uploads\/2013\/02\/fitxa_10_03_2013_tines.pdf\">fitxa<\/a>,&nbsp;que va elaborar la Treskatecnos quan vam anar-hi per primer cop l\u2019any 2013.<\/p>\n<p><img loading=\"lazy\" class=\"aligncenter size-full wp-image-3851\" src=\"http:\/\/www.tecnos.cat\/ampa\/wp-content\/uploads\/2019\/04\/2e77256b22569530284e6b66a2281f36_cfcd208495d565ef66e7dff9f98764da.jpeg\" alt=\"\" width=\"720\" height=\"479\" srcset=\"http:\/\/www.tecnos.cat\/ampa\/wp-content\/uploads\/2019\/04\/2e77256b22569530284e6b66a2281f36_cfcd208495d565ef66e7dff9f98764da.jpeg 720w, http:\/\/www.tecnos.cat\/ampa\/wp-content\/uploads\/2019\/04\/2e77256b22569530284e6b66a2281f36_cfcd208495d565ef66e7dff9f98764da-300x200.jpeg 300w, http:\/\/www.tecnos.cat\/ampa\/wp-content\/uploads\/2019\/04\/2e77256b22569530284e6b66a2281f36_cfcd208495d565ef66e7dff9f98764da-648x431.jpeg 648w, http:\/\/www.tecnos.cat\/ampa\/wp-content\/uploads\/2019\/04\/2e77256b22569530284e6b66a2281f36_cfcd208495d565ef66e7dff9f98764da-289x192.jpeg 289w\" sizes=\"(max-width: 720px) 100vw, 720px\" \/><\/p>\n<p><strong>Dades de la sortida<\/strong><\/p>\n<p>Sortirem puntuals a les deu del mat\u00ed des de l&#8217;aparcament de Ca n&#8217;Oristrell, al punt quilom\u00e8tric 4 de la carretera BV-1224 que va del Pont de Vilomara a Rocafort del Bages.<\/p>\n<p><strong>Dia:<\/strong>&nbsp;Diumenge 5 de maig de 2019<\/p>\n<p><strong>Hora d\u2019inici:<\/strong>&nbsp;10.00 h<\/p>\n<p><strong>Punt d\u2019inici:&nbsp;<\/strong>Aparcament de Ca n\u2019Oristrell. El Pont de Vilomara, carretera BV-1224, km 4 (<a href=\"https:\/\/goo.gl\/maps\/CiDeA1h98annixRS6\">mapa<\/a>).<\/p>\n<p><strong>Nota:<\/strong> des de Terrassa s\u2019arriba en uns 45 minuts per la C-58 i la C-55 en direcci\u00f3 a Manresa. Uns minuts menys si s\u2019opta per l\u2019autopista de pagament.<\/p>\n<h6>No cal inscriure&#8217;s pr\u00e8viament<\/h6>\n<p>Aquesta activitat no necessita inscripci\u00f3 pr\u00e8via. Abans d\u2019iniciar l\u2019activitat us demanarem signar un document de desc\u00e0rrega de responsabilitat. Farem el grup amb les fam\u00edlies que siguin al lloc i hora de la convocat\u00f2ria.<\/p>\n<p>Recordeu que la participaci\u00f3 a l\u2019activitat implica acceptar que l\u2019organitzaci\u00f3 no es fa responsable de les incid\u00e8ncies que es puguin produir durant la sortida i que els menors d\u2019edat estan sota la responsabilitat directa dels adults acompanyants responsables.<\/p>\n<h6>Indicacions d&#8217;inter\u00e8s<\/h6>\n<p>Preveiem que finalitzarem l\u2019excursi\u00f3 amb temps suficient per dinar amb tranquil\u00b7litat en algun punt del final del recorregut. La durada aproximada de la caminada ser\u00e0 d\u2019unes 3 hores, depenent del ritme dels nens i nenes. Per tant, qui no pugui quedar-se a dinar, tamb\u00e9 tindr\u00e0 l\u2019opci\u00f3 de poder tornar a Terrassa a una hora raonable. I qui vulgui, pot portar carmanyola o entrepans per acabar com cal aquesta sortida matinal.<\/p>\n<p>No us oblideu de portar protecci\u00f3 solar, ganyips per picar durant la sortida i, sobretot, porteu aigua, perqu\u00e8 no hi ha fonts!<\/p>\n<p>Si hi ha previsi\u00f3 de mal temps, el dissabte dia 4 de maig a les 20 h es penjar\u00e0 una nota en aquest mateix blog per avisar si s\u2019anul\u00b7la o es mant\u00e9 l\u2019activitat.<\/p>\n<p>Per&nbsp;a qualsevol consulta pr\u00e8via, podeu contactar-nos a l\u2019adre\u00e7a treskatecnos@tecnos.cat o el dia de la sortida als tel\u00e8fons 661262505 (Albert), 687943850 (Marta), 626640429 (Jos\u00e9 A.).<\/p>\n<p>Esperem ser una bona colla de nou! No hi falteu!<\/p>\n<div class=\"sharedaddy sd-sharing-enabled\"><div class=\"robots-nocontent sd-block sd-social sd-social-icon sd-sharing\"><h3 class=\"sd-title\">Share this:<\/h3><div class=\"sd-content\"><ul><li class=\"share-print\"><a rel=\"nofollow noopener noreferrer\" data-shared=\"\" class=\"share-print sd-button share-icon no-text\" href=\"http:\/\/www.tecnos.cat\/ampa\/treskatecnos-20190505-tines-vall-del-flequer\/\" target=\"_blank\" title=\"Click to print\" ><span><\/span><span class=\"sharing-screen-reader-text\">Click to print (Opens in new window)<\/span><\/a><\/li><li class=\"share-email\"><a rel=\"nofollow noopener noreferrer\" data-shared=\"\" class=\"share-email sd-button share-icon no-text\" href=\"mailto:?subject=%5BShared%20Post%5D%20Sortida%20a%20les%20tines%20de%20la%20vall%20del%20Flequer&body=http%3A%2F%2Fwww.tecnos.cat%2Fampa%2Ftreskatecnos-20190505-tines-vall-del-flequer%2F&share=email\" target=\"_blank\" title=\"Click to email a link to a friend\" data-email-share-error-title=\"Do you have email set up?\" data-email-share-error-text=\"If you&#039;re having problems sharing via email, you might not have email set up for your browser. You may need to create a new email yourself.\" data-email-share-nonce=\"f972174b30\" data-email-share-track-url=\"http:\/\/www.tecnos.cat\/ampa\/treskatecnos-20190505-tines-vall-del-flequer\/?share=email\"><span><\/span><span class=\"sharing-screen-reader-text\">Click to email a link to a friend (Opens in new window)<\/span><\/a><\/li><li class=\"share-facebook\"><a rel=\"nofollow noopener noreferrer\" data-shared=\"sharing-facebook-3849\" class=\"share-facebook sd-button share-icon no-text\" href=\"http:\/\/www.tecnos.cat\/ampa\/treskatecnos-20190505-tines-vall-del-flequer\/?share=facebook\" target=\"_blank\" title=\"Click to share on Facebook\" ><span><\/span><span class=\"sharing-screen-reader-text\">Click to share on Facebook (Opens in new window)<\/span><\/a><\/li><li class=\"share-linkedin\"><a rel=\"nofollow noopener noreferrer\" data-shared=\"sharing-linkedin-3849\" class=\"share-linkedin sd-button share-icon no-text\" href=\"http:\/\/www.tecnos.cat\/ampa\/treskatecnos-20190505-tines-vall-del-flequer\/?share=linkedin\" target=\"_blank\" title=\"Click to share on LinkedIn\" ><span><\/span><span class=\"sharing-screen-reader-text\">Click to share on LinkedIn (Opens in new window)<\/span><\/a><\/li><li class=\"share-twitter\"><a rel=\"nofollow noopener noreferrer\" data-shared=\"sharing-twitter-3849\" class=\"share-twitter sd-button share-icon no-text\" href=\"http:\/\/www.tecnos.cat\/ampa\/treskatecnos-20190505-tines-vall-del-flequer\/?share=twitter\" target=\"_blank\" title=\"Click to share on Twitter\" ><span><\/span><span class=\"sharing-screen-reader-text\">Click to share on Twitter (Opens in new window)<\/span><\/a><\/li><li class=\"share-end\"><\/li><\/ul><\/div><\/div><\/div>","protected":false},"excerpt":{"rendered":"<p>Una caminada per descobrir un patrimoni vitivin\u00edcola \u00fanic amagat entre la natura Hola treskaires! Us proposem una excursi\u00f3 que estem segurs que us engrescar\u00e0: descobrir les tines de la vall del Flequer, unes construccions de pedra seca que durant segles s&#8217;havien destinat a la producci\u00f3 de vi. Es tracta d&#8217;uns elements \u00fanics que nom\u00e9s es &hellip; <a href=\"http:\/\/www.tecnos.cat\/ampa\/treskatecnos-20190505-tines-vall-del-flequer\/\" class=\"more-link\">Continua la lectura de <span class=\"screen-reader-text\">Sortida a les tines de la vall del Flequer<\/span><\/a><\/p>\n<div class=\"sharedaddy sd-sharing-enabled\"><div class=\"robots-nocontent sd-block sd-social sd-social-icon sd-sharing\"><h3 class=\"sd-title\">Share this:<\/h3><div class=\"sd-content\"><ul><li class=\"share-print\"><a rel=\"nofollow noopener noreferrer\" data-shared=\"\" class=\"share-print sd-button share-icon no-text\" href=\"http:\/\/www.tecnos.cat\/ampa\/treskatecnos-20190505-tines-vall-del-flequer\/\" target=\"_blank\" title=\"Click to print\" ><span><\/span><span class=\"sharing-screen-reader-text\">Click to print (Opens in new window)<\/span><\/a><\/li><li class=\"share-email\"><a rel=\"nofollow noopener noreferrer\" data-shared=\"\" class=\"share-email sd-button share-icon no-text\" href=\"mailto:?subject=%5BShared%20Post%5D%20Sortida%20a%20les%20tines%20de%20la%20vall%20del%20Flequer&body=http%3A%2F%2Fwww.tecnos.cat%2Fampa%2Ftreskatecnos-20190505-tines-vall-del-flequer%2F&share=email\" target=\"_blank\" title=\"Click to email a link to a friend\" data-email-share-error-title=\"Do you have email set up?\" data-email-share-error-text=\"If you&#039;re having problems sharing via email, you might not have email set up for your browser. You may need to create a new email yourself.\" data-email-share-nonce=\"f972174b30\" data-email-share-track-url=\"http:\/\/www.tecnos.cat\/ampa\/treskatecnos-20190505-tines-vall-del-flequer\/?share=email\"><span><\/span><span class=\"sharing-screen-reader-text\">Click to email a link to a friend (Opens in new window)<\/span><\/a><\/li><li class=\"share-facebook\"><a rel=\"nofollow noopener noreferrer\" data-shared=\"sharing-facebook-3849\" class=\"share-facebook sd-button share-icon no-text\" href=\"http:\/\/www.tecnos.cat\/ampa\/treskatecnos-20190505-tines-vall-del-flequer\/?share=facebook\" target=\"_blank\" title=\"Click to share on Facebook\" ><span><\/span><span class=\"sharing-screen-reader-text\">Click to share on Facebook (Opens in new window)<\/span><\/a><\/li><li class=\"share-linkedin\"><a rel=\"nofollow noopener noreferrer\" data-shared=\"sharing-linkedin-3849\" class=\"share-linkedin sd-button share-icon no-text\" href=\"http:\/\/www.tecnos.cat\/ampa\/treskatecnos-20190505-tines-vall-del-flequer\/?share=linkedin\" target=\"_blank\" title=\"Click to share on LinkedIn\" ><span><\/span><span class=\"sharing-screen-reader-text\">Click to share on LinkedIn (Opens in new window)<\/span><\/a><\/li><li class=\"share-twitter\"><a rel=\"nofollow noopener noreferrer\" data-shared=\"sharing-twitter-3849\" class=\"share-twitter sd-button share-icon no-text\" href=\"http:\/\/www.tecnos.cat\/ampa\/treskatecnos-20190505-tines-vall-del-flequer\/?share=twitter\" target=\"_blank\" title=\"Click to share on Twitter\" ><span><\/span><span class=\"sharing-screen-reader-text\">Click to share on Twitter (Opens in new window)<\/span><\/a><\/li><li class=\"share-end\"><\/li><\/ul><\/div><\/div><\/div>","protected":false},"author":1,"featured_media":0,"comment_status":"open","ping_status":"open","sticky":false,"template":"","format":"standard","meta":{"jetpack_post_was_ever_published":false,"jetpack_publicize_message":"","jetpack_is_tweetstorm":false,"jetpack_publicize_feature_enabled":true},"categories":[33],"tags":[378,339,377,35],"jetpack_publicize_connections":[],"jetpack_featured_media_url":"","jetpack_sharing_enabled":true,"jetpack_shortlink":"https:\/\/wp.me\/p3fByE-105","_links":{"self":[{"href":"http:\/\/www.tecnos.cat\/ampa\/wp-json\/wp\/v2\/posts\/3849"}],"collection":[{"href":"http:\/\/www.tecnos.cat\/ampa\/wp-json\/wp\/v2\/posts"}],"about":[{"href":"http:\/\/www.tecnos.cat\/ampa\/wp-json\/wp\/v2\/types\/post"}],"author":[{"embeddable":true,"href":"http:\/\/www.tecnos.cat\/ampa\/wp-json\/wp\/v2\/users\/1"}],"replies":[{"embeddable":true,"href":"http:\/\/www.tecnos.cat\/ampa\/wp-json\/wp\/v2\/comments?post=3849"}],"version-history":[{"count":5,"href":"http:\/\/www.tecnos.cat\/ampa\/wp-json\/wp\/v2\/posts\/3849\/revisions"}],"predecessor-version":[{"id":3855,"href":"http:\/\/www.tecnos.cat\/ampa\/wp-json\/wp\/v2\/posts\/3849\/revisions\/3855"}],"wp:attachment":[{"href":"http:\/\/www.tecnos.cat\/ampa\/wp-json\/wp\/v2\/media?parent=3849"}],"wp:term":[{"taxonomy":"category","embeddable":true,"href":"http:\/\/www.tecnos.cat\/ampa\/wp-json\/wp\/v2\/categories?post=3849"},{"taxonomy":"post_tag","embeddable":true,"href":"http:\/\/www.tecnos.cat\/ampa\/wp-json\/wp\/v2\/tags?post=3849"}],"curies":[{"name":"wp","href":"https:\/\/api.w.org\/{rel}","templated":true}]}}