{"id":3606,"date":"2018-11-16T10:59:20","date_gmt":"2018-11-16T09:59:20","guid":{"rendered":"http:\/\/www.tecnos.cat\/ampa\/?p=3606"},"modified":"2018-11-16T11:02:54","modified_gmt":"2018-11-16T10:02:54","slug":"plans-per-aquest-cap-de-setmana-a-la-ciutat","status":"publish","type":"post","link":"http:\/\/www.tecnos.cat\/ampa\/plans-per-aquest-cap-de-setmana-a-la-ciutat\/","title":{"rendered":"Plans per aquest cap de setmana a la ciutat"},"content":{"rendered":"<p>Us adjuntem informaci\u00f3 de tres activitats ben diferents per si no teniu plans aquest cap de setmana. Teniu de tot, teatre, una activitat al museu o b\u00e9 una visita guiada per diferents horts de la ciutat.<\/p>\n<p><img loading=\"lazy\" class=\"aligncenter size-medium wp-image-3610\" src=\"http:\/\/www.tecnos.cat\/ampa\/wp-content\/uploads\/2018\/11\/Soldadet-plom-225x300.jpg\" alt=\"\" width=\"225\" height=\"300\" srcset=\"http:\/\/www.tecnos.cat\/ampa\/wp-content\/uploads\/2018\/11\/Soldadet-plom-225x300.jpg 225w, http:\/\/www.tecnos.cat\/ampa\/wp-content\/uploads\/2018\/11\/Soldadet-plom-648x864.jpg 648w, http:\/\/www.tecnos.cat\/ampa\/wp-content\/uploads\/2018\/11\/Soldadet-plom-144x192.jpg 144w, http:\/\/www.tecnos.cat\/ampa\/wp-content\/uploads\/2018\/11\/Soldadet-plom.jpg 720w\" sizes=\"(max-width: 225px) 100vw, 225px\" \/><\/p>\n<p>&nbsp;<\/p>\n<p>&nbsp;<\/p>\n<p>&nbsp;<\/p>\n<p style=\"font-family: 'PT Sans', sans-serif; font-size: 16px; font-style: normal; font-weight: 400;\"><img loading=\"lazy\" class=\"alignleft size-medium wp-image-3607\" src=\"http:\/\/www.tecnos.cat\/ampa\/wp-content\/uploads\/2018\/11\/encenem_foc_1_15-04-18_opt-300x169.jpg\" alt=\"\" width=\"300\" height=\"169\" srcset=\"http:\/\/www.tecnos.cat\/ampa\/wp-content\/uploads\/2018\/11\/encenem_foc_1_15-04-18_opt-300x169.jpg 300w, http:\/\/www.tecnos.cat\/ampa\/wp-content\/uploads\/2018\/11\/encenem_foc_1_15-04-18_opt-341x192.jpg 341w, http:\/\/www.tecnos.cat\/ampa\/wp-content\/uploads\/2018\/11\/encenem_foc_1_15-04-18_opt.jpg 400w\" sizes=\"(max-width: 300px) 100vw, 300px\" \/><\/p>\n<p><strong>Diumenge 18 de novembre a les 11 del mat\u00ed<\/strong><\/p>\n<p><strong>Activ<\/strong><strong style=\"font-size: 16px;\">itat per a tots els p\u00fablics: Demostraci\u00f3 &#8220;Encenem foc&#8221;<\/strong><\/p>\n<p>Vols con\u00e8ixer com es feia el foc a la prehist\u00f2ria? Petits i grans esteu convidats a veure aquesta demostraci\u00f3 d&#8217;encesa de foc.<\/p>\n<p>Provarem les t\u00e8cniques d&#8217;encesa que s&#8217;utilitzaven a la prehist\u00f2ria i veurem com han evolucionat fins a avui.<\/p>\n<p>Us hi esperem!<\/p>\n<p>Lloc: Castell Cartoixa de<\/p>\n<p>Vallparad\u00eds<\/p>\n<p>Activitat gratu\u00efta<\/p>\n<p>Places limitades. Inscripcions al 93 739 70 72, de dilluns a divendres, de 9 a 14 h o a l&#8217;adre\u00e7a electr\u00f2nica: <a href=\"mailto:museudeterrassa@terrassa.cat\">museudeterrassa@terrassa.cat<\/a><\/p>\n<p>&nbsp;<\/p>\n<p>&nbsp;<\/p>\n<div>\n<div>\n<div>\n<div>\n<p><a href=\"https:\/\/aoberta.terrassa.cat\/tramits\/fitxa.jsp?id=7860\" target=\"_blank\" rel=\"noopener\" data-saferedirecturl=\"https:\/\/www.google.com\/url?q=https:\/\/aoberta.terrassa.cat\/tramits\/fitxa.jsp?id%3D7860&amp;source=gmail&amp;ust=1542372406547000&amp;usg=AFQjCNGwFkstvnqsihIbTweuMfK5K_BJ7Q\"><img loading=\"lazy\" class=\"CToWUd\" src=\"https:\/\/mail.google.com\/mail\/u\/1?ui=2&amp;ik=1637220045&amp;attid=0.4&amp;permmsgid=msg-f:1617203548095492064&amp;th=1671760f05bbafe0&amp;view=fimg&amp;sz=s0-l75-ft&amp;attbid=ANGjdJ9dYT_hhBQIKbP_RV5g1W3wMYxE-M-qdbYGDdBVKr3UQe-m2EyuvBEW6csho9tMWcitM4bPebpHO1xTSdYVr81AHwgRtBIm49gshY6rAtrdx5Rlc7-5GjMGWk0&amp;disp=emb\" alt=\"Untitled4.png\" width=\"949\" height=\"476\" data-image-whitelisted=\"\" \/><\/a><\/p>\n<\/div>\n<\/div>\n<\/div>\n<\/div>\n<p>&nbsp;<\/p>\n<div class=\"sharedaddy sd-sharing-enabled\"><div class=\"robots-nocontent sd-block sd-social sd-social-icon sd-sharing\"><h3 class=\"sd-title\">Share this:<\/h3><div class=\"sd-content\"><ul><li class=\"share-print\"><a rel=\"nofollow noopener noreferrer\" data-shared=\"\" class=\"share-print sd-button share-icon no-text\" href=\"http:\/\/www.tecnos.cat\/ampa\/plans-per-aquest-cap-de-setmana-a-la-ciutat\/\" target=\"_blank\" title=\"Click to print\" ><span><\/span><span class=\"sharing-screen-reader-text\">Click to print (Opens in new window)<\/span><\/a><\/li><li class=\"share-email\"><a rel=\"nofollow noopener noreferrer\" data-shared=\"\" class=\"share-email sd-button share-icon no-text\" href=\"mailto:?subject=%5BShared%20Post%5D%20Plans%20per%20aquest%20cap%20de%20setmana%20a%20la%20ciutat&body=http%3A%2F%2Fwww.tecnos.cat%2Fampa%2Fplans-per-aquest-cap-de-setmana-a-la-ciutat%2F&share=email\" target=\"_blank\" title=\"Click to email a link to a friend\" data-email-share-error-title=\"Do you have email set up?\" data-email-share-error-text=\"If you&#039;re having problems sharing via email, you might not have email set up for your browser. You may need to create a new email yourself.\" data-email-share-nonce=\"791d2ae426\" data-email-share-track-url=\"http:\/\/www.tecnos.cat\/ampa\/plans-per-aquest-cap-de-setmana-a-la-ciutat\/?share=email\"><span><\/span><span class=\"sharing-screen-reader-text\">Click to email a link to a friend (Opens in new window)<\/span><\/a><\/li><li class=\"share-facebook\"><a rel=\"nofollow noopener noreferrer\" data-shared=\"sharing-facebook-3606\" class=\"share-facebook sd-button share-icon no-text\" href=\"http:\/\/www.tecnos.cat\/ampa\/plans-per-aquest-cap-de-setmana-a-la-ciutat\/?share=facebook\" target=\"_blank\" title=\"Click to share on Facebook\" ><span><\/span><span class=\"sharing-screen-reader-text\">Click to share on Facebook (Opens in new window)<\/span><\/a><\/li><li class=\"share-linkedin\"><a rel=\"nofollow noopener noreferrer\" data-shared=\"sharing-linkedin-3606\" class=\"share-linkedin sd-button share-icon no-text\" href=\"http:\/\/www.tecnos.cat\/ampa\/plans-per-aquest-cap-de-setmana-a-la-ciutat\/?share=linkedin\" target=\"_blank\" title=\"Click to share on LinkedIn\" ><span><\/span><span class=\"sharing-screen-reader-text\">Click to share on LinkedIn (Opens in new window)<\/span><\/a><\/li><li class=\"share-twitter\"><a rel=\"nofollow noopener noreferrer\" data-shared=\"sharing-twitter-3606\" class=\"share-twitter sd-button share-icon no-text\" href=\"http:\/\/www.tecnos.cat\/ampa\/plans-per-aquest-cap-de-setmana-a-la-ciutat\/?share=twitter\" target=\"_blank\" title=\"Click to share on Twitter\" ><span><\/span><span class=\"sharing-screen-reader-text\">Click to share on Twitter (Opens in new window)<\/span><\/a><\/li><li class=\"share-end\"><\/li><\/ul><\/div><\/div><\/div>","protected":false},"excerpt":{"rendered":"<p>Us adjuntem informaci\u00f3 de tres activitats ben diferents per si no teniu plans aquest cap de setmana. Teniu de tot, teatre, una activitat al museu o b\u00e9 una visita guiada per diferents horts de la ciutat. &nbsp; &nbsp; &nbsp; Diumenge 18 de novembre a les 11 del mat\u00ed Activitat per a tots els p\u00fablics: Demostraci\u00f3 &hellip; <a href=\"http:\/\/www.tecnos.cat\/ampa\/plans-per-aquest-cap-de-setmana-a-la-ciutat\/\" class=\"more-link\">Continua la lectura de <span class=\"screen-reader-text\">Plans per aquest cap de setmana a la ciutat<\/span><\/a><\/p>\n<div class=\"sharedaddy sd-sharing-enabled\"><div class=\"robots-nocontent sd-block sd-social sd-social-icon sd-sharing\"><h3 class=\"sd-title\">Share this:<\/h3><div class=\"sd-content\"><ul><li class=\"share-print\"><a rel=\"nofollow noopener noreferrer\" data-shared=\"\" class=\"share-print sd-button share-icon no-text\" href=\"http:\/\/www.tecnos.cat\/ampa\/plans-per-aquest-cap-de-setmana-a-la-ciutat\/\" target=\"_blank\" title=\"Click to print\" ><span><\/span><span class=\"sharing-screen-reader-text\">Click to print (Opens in new window)<\/span><\/a><\/li><li class=\"share-email\"><a rel=\"nofollow noopener noreferrer\" data-shared=\"\" class=\"share-email sd-button share-icon no-text\" href=\"mailto:?subject=%5BShared%20Post%5D%20Plans%20per%20aquest%20cap%20de%20setmana%20a%20la%20ciutat&body=http%3A%2F%2Fwww.tecnos.cat%2Fampa%2Fplans-per-aquest-cap-de-setmana-a-la-ciutat%2F&share=email\" target=\"_blank\" title=\"Click to email a link to a friend\" data-email-share-error-title=\"Do you have email set up?\" data-email-share-error-text=\"If you&#039;re having problems sharing via email, you might not have email set up for your browser. You may need to create a new email yourself.\" data-email-share-nonce=\"791d2ae426\" data-email-share-track-url=\"http:\/\/www.tecnos.cat\/ampa\/plans-per-aquest-cap-de-setmana-a-la-ciutat\/?share=email\"><span><\/span><span class=\"sharing-screen-reader-text\">Click to email a link to a friend (Opens in new window)<\/span><\/a><\/li><li class=\"share-facebook\"><a rel=\"nofollow noopener noreferrer\" data-shared=\"sharing-facebook-3606\" class=\"share-facebook sd-button share-icon no-text\" href=\"http:\/\/www.tecnos.cat\/ampa\/plans-per-aquest-cap-de-setmana-a-la-ciutat\/?share=facebook\" target=\"_blank\" title=\"Click to share on Facebook\" ><span><\/span><span class=\"sharing-screen-reader-text\">Click to share on Facebook (Opens in new window)<\/span><\/a><\/li><li class=\"share-linkedin\"><a rel=\"nofollow noopener noreferrer\" data-shared=\"sharing-linkedin-3606\" class=\"share-linkedin sd-button share-icon no-text\" href=\"http:\/\/www.tecnos.cat\/ampa\/plans-per-aquest-cap-de-setmana-a-la-ciutat\/?share=linkedin\" target=\"_blank\" title=\"Click to share on LinkedIn\" ><span><\/span><span class=\"sharing-screen-reader-text\">Click to share on LinkedIn (Opens in new window)<\/span><\/a><\/li><li class=\"share-twitter\"><a rel=\"nofollow noopener noreferrer\" data-shared=\"sharing-twitter-3606\" class=\"share-twitter sd-button share-icon no-text\" href=\"http:\/\/www.tecnos.cat\/ampa\/plans-per-aquest-cap-de-setmana-a-la-ciutat\/?share=twitter\" target=\"_blank\" title=\"Click to share on Twitter\" ><span><\/span><span class=\"sharing-screen-reader-text\">Click to share on Twitter (Opens in new window)<\/span><\/a><\/li><li class=\"share-end\"><\/li><\/ul><\/div><\/div><\/div>","protected":false},"author":1,"featured_media":0,"comment_status":"open","ping_status":"open","sticky":false,"template":"","format":"standard","meta":{"jetpack_post_was_ever_published":false,"jetpack_publicize_message":"","jetpack_is_tweetstorm":false,"jetpack_publicize_feature_enabled":true},"categories":[1],"tags":[378,394,393,43],"jetpack_publicize_connections":[],"jetpack_featured_media_url":"","jetpack_sharing_enabled":true,"jetpack_shortlink":"https:\/\/wp.me\/p3fByE-Wa","_links":{"self":[{"href":"http:\/\/www.tecnos.cat\/ampa\/wp-json\/wp\/v2\/posts\/3606"}],"collection":[{"href":"http:\/\/www.tecnos.cat\/ampa\/wp-json\/wp\/v2\/posts"}],"about":[{"href":"http:\/\/www.tecnos.cat\/ampa\/wp-json\/wp\/v2\/types\/post"}],"author":[{"embeddable":true,"href":"http:\/\/www.tecnos.cat\/ampa\/wp-json\/wp\/v2\/users\/1"}],"replies":[{"embeddable":true,"href":"http:\/\/www.tecnos.cat\/ampa\/wp-json\/wp\/v2\/comments?post=3606"}],"version-history":[{"count":2,"href":"http:\/\/www.tecnos.cat\/ampa\/wp-json\/wp\/v2\/posts\/3606\/revisions"}],"predecessor-version":[{"id":3611,"href":"http:\/\/www.tecnos.cat\/ampa\/wp-json\/wp\/v2\/posts\/3606\/revisions\/3611"}],"wp:attachment":[{"href":"http:\/\/www.tecnos.cat\/ampa\/wp-json\/wp\/v2\/media?parent=3606"}],"wp:term":[{"taxonomy":"category","embeddable":true,"href":"http:\/\/www.tecnos.cat\/ampa\/wp-json\/wp\/v2\/categories?post=3606"},{"taxonomy":"post_tag","embeddable":true,"href":"http:\/\/www.tecnos.cat\/ampa\/wp-json\/wp\/v2\/tags?post=3606"}],"curies":[{"name":"wp","href":"https:\/\/api.w.org\/{rel}","templated":true}]}}