{"id":3442,"date":"2018-06-14T09:26:05","date_gmt":"2018-06-14T08:26:05","guid":{"rendered":"http:\/\/www.tecnos.cat\/ampa\/?p=3442"},"modified":"2018-06-14T09:26:05","modified_gmt":"2018-06-14T08:26:05","slug":"treskatecnos-a-puigpedros-malniu-sortida-de-cap-de-setmana-2","status":"publish","type":"post","link":"http:\/\/www.tecnos.cat\/ampa\/treskatecnos-a-puigpedros-malniu-sortida-de-cap-de-setmana-2\/","title":{"rendered":"Treskatecnos a Puigpedr\u00f3s-Malniu: sortida de cap de setmana"},"content":{"rendered":"<p><span style=\"font-family: georgia, serif;\"> Hola<\/span><span style=\"color: #222222; font-family: georgia, serif;\"><span style=\"color: #ff6600;\"> <strong>Treskaires<\/strong><\/span>!<\/span><\/p>\n<p>S\u2019apropa ja el final de curs, i com hem vingut fent els darrers anys, us proposem una sortida de cap de setmana per poder realitzar una ascensi\u00f3 amb m\u00e9s entitat de les que fem habitualment durant el curs.<\/p>\n<p>Als \u00faltims anys hem pujat al Taga (2.040 m.), a la Gallina Pelada (2.322 m.)\u00a0 a la Vall de Nuria (2000 m.) i al Pic de Bastiments (2881 m.) pernoctant al refugi d\u2019Ulldeter. Aquest 2018 volem continuar l\u2019aventura pujant al Puigpedr\u00f3s (2.915 m.) i pernoctant al refugi de Malniu.<\/p>\n<p><span style=\"color: #ff6600;\"><strong>QUAN:<\/strong> <\/span>\u00a0<strong>7 i 8 de juliol<\/strong> de 2<img loading=\"lazy\" class=\"size-medium wp-image-3446 alignleft\" src=\"http:\/\/www.tecnos.cat\/ampa\/wp-content\/uploads\/2018\/06\/gr11_35_01-300x200.jpg\" alt=\"\" width=\"300\" height=\"200\" srcset=\"http:\/\/www.tecnos.cat\/ampa\/wp-content\/uploads\/2018\/06\/gr11_35_01-300x200.jpg 300w, http:\/\/www.tecnos.cat\/ampa\/wp-content\/uploads\/2018\/06\/gr11_35_01-768x512.jpg 768w, http:\/\/www.tecnos.cat\/ampa\/wp-content\/uploads\/2018\/06\/gr11_35_01-648x432.jpg 648w, http:\/\/www.tecnos.cat\/ampa\/wp-content\/uploads\/2018\/06\/gr11_35_01-288x192.jpg 288w, http:\/\/www.tecnos.cat\/ampa\/wp-content\/uploads\/2018\/06\/gr11_35_01.jpg 960w\" sizes=\"(max-width: 300px) 100vw, 300px\" \/>018.<\/p>\n<p><strong><span style=\"color: #ff6600;\">NIVELL:<\/span><\/strong>\u00a0Dues excursions alternatives adaptades a totes les edats i nivells:<\/p>\n<p>Estanys del Malniu f\u00e0cil i gaireb\u00e9 sense desnivell. Un recorregut m\u00e9s suau al voltant dels estanys i boscos.<\/p>\n<p>Ascensi\u00f3 al Puigpedr\u00f3s (2.915 m)\u00a0\u00c9s una pujada divertida i exigent per als grans.<\/p>\n<p><img loading=\"lazy\" class=\"size-medium wp-image-3445 alignright\" src=\"http:\/\/www.tecnos.cat\/ampa\/wp-content\/uploads\/2018\/06\/prats-puigpedros-300x140.jpg\" alt=\"\" width=\"300\" height=\"140\" srcset=\"http:\/\/www.tecnos.cat\/ampa\/wp-content\/uploads\/2018\/06\/prats-puigpedros-300x140.jpg 300w, http:\/\/www.tecnos.cat\/ampa\/wp-content\/uploads\/2018\/06\/prats-puigpedros-768x360.jpg 768w, http:\/\/www.tecnos.cat\/ampa\/wp-content\/uploads\/2018\/06\/prats-puigpedros-648x303.jpg 648w, http:\/\/www.tecnos.cat\/ampa\/wp-content\/uploads\/2018\/06\/prats-puigpedros-410x192.jpg 410w, http:\/\/www.tecnos.cat\/ampa\/wp-content\/uploads\/2018\/06\/prats-puigpedros.jpg 1023w\" sizes=\"(max-width: 300px) 100vw, 300px\" \/><\/p>\n<p><strong><span style=\"color: #ff6600;\">PREU:<\/span><\/strong> Allotjament + sopar + esmorzar + p\u00edcnic Adult 47,30\u20ac Infantil (3 a 12 anys) 35\u20ac<\/p>\n<p>Les places s&#8217;adjudicaran segons l&#8217;ordre d&#8217;inscripci\u00f3. El <strong>15 de juny<\/strong> alliberarem les placesque no s\u2019hagin ocupat i pagat.<\/p>\n<p>Aqu\u00ed teniu el cartell amb tota la informaci\u00f3 de la sortida:<br \/>\n<a href=\"http:\/\/www.tecnos.cat\/ampa\/wp-content\/uploads\/2018\/06\/cartell__malniu-2.pdf\" target=\"_blank\" rel=\"noopener noreferrer\" data-saferedirecturl=\"https:\/\/www.google.com\/url?hl=es&amp;q=http:\/\/www.tecnos.cat\/ampa\/category\/comissio-activitats\/tresckatecnos\/&amp;source=gmail&amp;ust=1528908297251000&amp;usg=AFQjCNFvC-5quiQRgZ3AnGs7Lduk692O2A\">http:\/\/www.tecnos.cat\/ampa\/wp-content\/uploads\/2018\/06\/cartell__malniu-2.pdf<\/a><\/p>\n<p>Inscripcions a:<br \/>\n<a href=\"https:\/\/goo.gl\/forms\/ANWrOGalS5RtpTQq1\" target=\"_blank\" rel=\"noopener noreferrer\" data-saferedirecturl=\"https:\/\/www.google.com\/url?hl=es&amp;q=https:\/\/goo.gl\/forms\/ANWrOGalS5RtpTQq1&amp;source=gmail&amp;ust=1528908297251000&amp;usg=AFQjCNHSOOY-9p7OcgFpZRkO6ST5fjvqcA\">https:\/\/goo.gl\/forms\/<wbr><\/wbr>ANWrOGalS5RtpTQq1<\/a><\/p>\n<p>ANIMEU-VOS!!!<strong><em><br \/>\n<img loading=\"lazy\" class=\"size-medium wp-image-3433 aligncenter\" src=\"http:\/\/www.tecnos.cat\/ampa\/wp-content\/uploads\/2018\/06\/Puigpedr\u00f3s-Malniu-300x208.png\" alt=\"\" width=\"300\" height=\"208\" srcset=\"http:\/\/www.tecnos.cat\/ampa\/wp-content\/uploads\/2018\/06\/Puigpedr\u00f3s-Malniu-300x208.png 300w, http:\/\/www.tecnos.cat\/ampa\/wp-content\/uploads\/2018\/06\/Puigpedr\u00f3s-Malniu-768x534.png 768w, http:\/\/www.tecnos.cat\/ampa\/wp-content\/uploads\/2018\/06\/Puigpedr\u00f3s-Malniu-1024x711.png 1024w, http:\/\/www.tecnos.cat\/ampa\/wp-content\/uploads\/2018\/06\/Puigpedr\u00f3s-Malniu-648x450.png 648w, http:\/\/www.tecnos.cat\/ampa\/wp-content\/uploads\/2018\/06\/Puigpedr\u00f3s-Malniu-276x192.png 276w, http:\/\/www.tecnos.cat\/ampa\/wp-content\/uploads\/2018\/06\/Puigpedr\u00f3s-Malniu.png 1363w\" sizes=\"(max-width: 300px) 100vw, 300px\" \/><\/em><\/strong><\/p>\n<div class=\"sharedaddy sd-sharing-enabled\"><div class=\"robots-nocontent sd-block sd-social sd-social-icon sd-sharing\"><h3 class=\"sd-title\">Share this:<\/h3><div class=\"sd-content\"><ul><li class=\"share-print\"><a rel=\"nofollow noopener noreferrer\" data-shared=\"\" class=\"share-print sd-button share-icon no-text\" href=\"http:\/\/www.tecnos.cat\/ampa\/treskatecnos-a-puigpedros-malniu-sortida-de-cap-de-setmana-2\/\" target=\"_blank\" title=\"Click to print\" ><span><\/span><span class=\"sharing-screen-reader-text\">Click to print (Opens in new window)<\/span><\/a><\/li><li class=\"share-email\"><a rel=\"nofollow noopener noreferrer\" data-shared=\"\" class=\"share-email sd-button share-icon no-text\" href=\"mailto:?subject=%5BShared%20Post%5D%20Treskatecnos%20a%20Puigpedr%C3%B3s-Malniu%3A%20sortida%20de%20cap%20de%20setmana&body=http%3A%2F%2Fwww.tecnos.cat%2Fampa%2Ftreskatecnos-a-puigpedros-malniu-sortida-de-cap-de-setmana-2%2F&share=email\" target=\"_blank\" title=\"Click to email a link to a friend\" data-email-share-error-title=\"Do you have email set up?\" data-email-share-error-text=\"If you&#039;re having problems sharing via email, you might not have email set up for your browser. You may need to create a new email yourself.\" data-email-share-nonce=\"6b0c9ea36d\" data-email-share-track-url=\"http:\/\/www.tecnos.cat\/ampa\/treskatecnos-a-puigpedros-malniu-sortida-de-cap-de-setmana-2\/?share=email\"><span><\/span><span class=\"sharing-screen-reader-text\">Click to email a link to a friend (Opens in new window)<\/span><\/a><\/li><li class=\"share-facebook\"><a rel=\"nofollow noopener noreferrer\" data-shared=\"sharing-facebook-3442\" class=\"share-facebook sd-button share-icon no-text\" href=\"http:\/\/www.tecnos.cat\/ampa\/treskatecnos-a-puigpedros-malniu-sortida-de-cap-de-setmana-2\/?share=facebook\" target=\"_blank\" title=\"Click to share on Facebook\" ><span><\/span><span class=\"sharing-screen-reader-text\">Click to share on Facebook (Opens in new window)<\/span><\/a><\/li><li class=\"share-linkedin\"><a rel=\"nofollow noopener noreferrer\" data-shared=\"sharing-linkedin-3442\" class=\"share-linkedin sd-button share-icon no-text\" href=\"http:\/\/www.tecnos.cat\/ampa\/treskatecnos-a-puigpedros-malniu-sortida-de-cap-de-setmana-2\/?share=linkedin\" target=\"_blank\" title=\"Click to share on LinkedIn\" ><span><\/span><span class=\"sharing-screen-reader-text\">Click to share on LinkedIn (Opens in new window)<\/span><\/a><\/li><li class=\"share-twitter\"><a rel=\"nofollow noopener noreferrer\" data-shared=\"sharing-twitter-3442\" class=\"share-twitter sd-button share-icon no-text\" href=\"http:\/\/www.tecnos.cat\/ampa\/treskatecnos-a-puigpedros-malniu-sortida-de-cap-de-setmana-2\/?share=twitter\" target=\"_blank\" title=\"Click to share on Twitter\" ><span><\/span><span class=\"sharing-screen-reader-text\">Click to share on Twitter (Opens in new window)<\/span><\/a><\/li><li class=\"share-end\"><\/li><\/ul><\/div><\/div><\/div>","protected":false},"excerpt":{"rendered":"<p>Hola Treskaires! S\u2019apropa ja el final de curs, i com hem vingut fent els darrers anys, us proposem una sortida de cap de setmana per poder realitzar una ascensi\u00f3 amb m\u00e9s entitat de les que fem habitualment durant el curs. Als \u00faltims anys hem pujat al Taga (2.040 m.), a la Gallina Pelada (2.322 m.)\u00a0 &hellip; <a href=\"http:\/\/www.tecnos.cat\/ampa\/treskatecnos-a-puigpedros-malniu-sortida-de-cap-de-setmana-2\/\" class=\"more-link\">Continua la lectura de <span class=\"screen-reader-text\">Treskatecnos a Puigpedr\u00f3s-Malniu: sortida de cap de setmana<\/span><\/a><\/p>\n<div class=\"sharedaddy sd-sharing-enabled\"><div class=\"robots-nocontent sd-block sd-social sd-social-icon sd-sharing\"><h3 class=\"sd-title\">Share this:<\/h3><div class=\"sd-content\"><ul><li class=\"share-print\"><a rel=\"nofollow noopener noreferrer\" data-shared=\"\" class=\"share-print sd-button share-icon no-text\" href=\"http:\/\/www.tecnos.cat\/ampa\/treskatecnos-a-puigpedros-malniu-sortida-de-cap-de-setmana-2\/\" target=\"_blank\" title=\"Click to print\" ><span><\/span><span class=\"sharing-screen-reader-text\">Click to print (Opens in new window)<\/span><\/a><\/li><li class=\"share-email\"><a rel=\"nofollow noopener noreferrer\" data-shared=\"\" class=\"share-email sd-button share-icon no-text\" href=\"mailto:?subject=%5BShared%20Post%5D%20Treskatecnos%20a%20Puigpedr%C3%B3s-Malniu%3A%20sortida%20de%20cap%20de%20setmana&body=http%3A%2F%2Fwww.tecnos.cat%2Fampa%2Ftreskatecnos-a-puigpedros-malniu-sortida-de-cap-de-setmana-2%2F&share=email\" target=\"_blank\" title=\"Click to email a link to a friend\" data-email-share-error-title=\"Do you have email set up?\" data-email-share-error-text=\"If you&#039;re having problems sharing via email, you might not have email set up for your browser. You may need to create a new email yourself.\" data-email-share-nonce=\"6b0c9ea36d\" data-email-share-track-url=\"http:\/\/www.tecnos.cat\/ampa\/treskatecnos-a-puigpedros-malniu-sortida-de-cap-de-setmana-2\/?share=email\"><span><\/span><span class=\"sharing-screen-reader-text\">Click to email a link to a friend (Opens in new window)<\/span><\/a><\/li><li class=\"share-facebook\"><a rel=\"nofollow noopener noreferrer\" data-shared=\"sharing-facebook-3442\" class=\"share-facebook sd-button share-icon no-text\" href=\"http:\/\/www.tecnos.cat\/ampa\/treskatecnos-a-puigpedros-malniu-sortida-de-cap-de-setmana-2\/?share=facebook\" target=\"_blank\" title=\"Click to share on Facebook\" ><span><\/span><span class=\"sharing-screen-reader-text\">Click to share on Facebook (Opens in new window)<\/span><\/a><\/li><li class=\"share-linkedin\"><a rel=\"nofollow noopener noreferrer\" data-shared=\"sharing-linkedin-3442\" class=\"share-linkedin sd-button share-icon no-text\" href=\"http:\/\/www.tecnos.cat\/ampa\/treskatecnos-a-puigpedros-malniu-sortida-de-cap-de-setmana-2\/?share=linkedin\" target=\"_blank\" title=\"Click to share on LinkedIn\" ><span><\/span><span class=\"sharing-screen-reader-text\">Click to share on LinkedIn (Opens in new window)<\/span><\/a><\/li><li class=\"share-twitter\"><a rel=\"nofollow noopener noreferrer\" data-shared=\"sharing-twitter-3442\" class=\"share-twitter sd-button share-icon no-text\" href=\"http:\/\/www.tecnos.cat\/ampa\/treskatecnos-a-puigpedros-malniu-sortida-de-cap-de-setmana-2\/?share=twitter\" target=\"_blank\" title=\"Click to share on Twitter\" ><span><\/span><span class=\"sharing-screen-reader-text\">Click to share on Twitter (Opens in new window)<\/span><\/a><\/li><li class=\"share-end\"><\/li><\/ul><\/div><\/div><\/div>","protected":false},"author":1,"featured_media":0,"comment_status":"open","ping_status":"closed","sticky":false,"template":"","format":"standard","meta":{"jetpack_post_was_ever_published":false,"jetpack_publicize_message":"","jetpack_is_tweetstorm":false,"jetpack_publicize_feature_enabled":true},"categories":[33],"tags":[281,225,35],"jetpack_publicize_connections":[],"jetpack_featured_media_url":"","jetpack_sharing_enabled":true,"jetpack_shortlink":"https:\/\/wp.me\/p3fByE-Tw","_links":{"self":[{"href":"http:\/\/www.tecnos.cat\/ampa\/wp-json\/wp\/v2\/posts\/3442"}],"collection":[{"href":"http:\/\/www.tecnos.cat\/ampa\/wp-json\/wp\/v2\/posts"}],"about":[{"href":"http:\/\/www.tecnos.cat\/ampa\/wp-json\/wp\/v2\/types\/post"}],"author":[{"embeddable":true,"href":"http:\/\/www.tecnos.cat\/ampa\/wp-json\/wp\/v2\/users\/1"}],"replies":[{"embeddable":true,"href":"http:\/\/www.tecnos.cat\/ampa\/wp-json\/wp\/v2\/comments?post=3442"}],"version-history":[{"count":10,"href":"http:\/\/www.tecnos.cat\/ampa\/wp-json\/wp\/v2\/posts\/3442\/revisions"}],"predecessor-version":[{"id":3454,"href":"http:\/\/www.tecnos.cat\/ampa\/wp-json\/wp\/v2\/posts\/3442\/revisions\/3454"}],"wp:attachment":[{"href":"http:\/\/www.tecnos.cat\/ampa\/wp-json\/wp\/v2\/media?parent=3442"}],"wp:term":[{"taxonomy":"category","embeddable":true,"href":"http:\/\/www.tecnos.cat\/ampa\/wp-json\/wp\/v2\/categories?post=3442"},{"taxonomy":"post_tag","embeddable":true,"href":"http:\/\/www.tecnos.cat\/ampa\/wp-json\/wp\/v2\/tags?post=3442"}],"curies":[{"name":"wp","href":"https:\/\/api.w.org\/{rel}","templated":true}]}}