{"id":3389,"date":"2018-05-04T09:00:12","date_gmt":"2018-05-04T08:00:12","guid":{"rendered":"http:\/\/www.tecnos.cat\/ampa\/?p=3389"},"modified":"2018-04-25T15:46:28","modified_gmt":"2018-04-25T14:46:28","slug":"aquest-estiu-acull-somriures","status":"publish","type":"post","link":"http:\/\/www.tecnos.cat\/ampa\/aquest-estiu-acull-somriures\/","title":{"rendered":"Aquest estiu acull somriures"},"content":{"rendered":"<p>Com cada any, per aquestes dates, les associacions amigues del Poble Sahrau\u00ed, arreu de Catalunya, estan preparant el projecte de Vacances en Pau.<\/p>\n<p>Aquest \u00e9s un projecte que fa possible que infants sahrau\u00eds de 10 a 12 anys, refugiats als \u00a0campaments de Tindouf puguin gaudir d\u2019un estiu diferent lluny de les altes temperatures de la zona i de les dures condicions del camp de refugiats, gr\u00e0cies a les fam\u00edlies catalanes que els acullen durant els dos mesos d\u2019estiu.<\/p>\n<p>Encara els falten fam\u00edlies per poder acollir tots els infants que voldr\u00edem acollir aquest estiu.<\/p>\n<p>Si esteu interessats teniu tota la informaci\u00f3 en aquest <a href=\"https:\/\/drive.google.com\/open?id=0B-3i_JzyY0dXb2FfMHBQbmRSeGswZzhpYVFBSzk3dWhzbnpn\">link<\/a><\/p>\n<p><img loading=\"lazy\" class=\"aligncenter size-medium wp-image-3390\" src=\"http:\/\/www.tecnos.cat\/ampa\/wp-content\/uploads\/2018\/04\/Sahara-Cartel-2018_P5-212x300.jpg\" alt=\"\" width=\"212\" height=\"300\" srcset=\"http:\/\/www.tecnos.cat\/ampa\/wp-content\/uploads\/2018\/04\/Sahara-Cartel-2018_P5-212x300.jpg 212w, http:\/\/www.tecnos.cat\/ampa\/wp-content\/uploads\/2018\/04\/Sahara-Cartel-2018_P5-768x1086.jpg 768w, http:\/\/www.tecnos.cat\/ampa\/wp-content\/uploads\/2018\/04\/Sahara-Cartel-2018_P5-724x1024.jpg 724w, http:\/\/www.tecnos.cat\/ampa\/wp-content\/uploads\/2018\/04\/Sahara-Cartel-2018_P5-648x916.jpg 648w, http:\/\/www.tecnos.cat\/ampa\/wp-content\/uploads\/2018\/04\/Sahara-Cartel-2018_P5-136x192.jpg 136w, http:\/\/www.tecnos.cat\/ampa\/wp-content\/uploads\/2018\/04\/Sahara-Cartel-2018_P5.jpg 1755w\" sizes=\"(max-width: 212px) 100vw, 212px\" \/><\/p>\n<div class=\"sharedaddy sd-sharing-enabled\"><div class=\"robots-nocontent sd-block sd-social sd-social-icon sd-sharing\"><h3 class=\"sd-title\">Share this:<\/h3><div class=\"sd-content\"><ul><li class=\"share-print\"><a rel=\"nofollow noopener noreferrer\" data-shared=\"\" class=\"share-print sd-button share-icon no-text\" href=\"http:\/\/www.tecnos.cat\/ampa\/aquest-estiu-acull-somriures\/\" target=\"_blank\" title=\"Click to print\" ><span><\/span><span class=\"sharing-screen-reader-text\">Click to print (Opens in new window)<\/span><\/a><\/li><li class=\"share-email\"><a rel=\"nofollow noopener noreferrer\" data-shared=\"\" class=\"share-email sd-button share-icon no-text\" href=\"mailto:?subject=%5BShared%20Post%5D%20Aquest%20estiu%20acull%20somriures&body=http%3A%2F%2Fwww.tecnos.cat%2Fampa%2Faquest-estiu-acull-somriures%2F&share=email\" target=\"_blank\" title=\"Click to email a link to a friend\" data-email-share-error-title=\"Do you have email set up?\" data-email-share-error-text=\"If you&#039;re having problems sharing via email, you might not have email set up for your browser. You may need to create a new email yourself.\" data-email-share-nonce=\"5e7f9053a5\" data-email-share-track-url=\"http:\/\/www.tecnos.cat\/ampa\/aquest-estiu-acull-somriures\/?share=email\"><span><\/span><span class=\"sharing-screen-reader-text\">Click to email a link to a friend (Opens in new window)<\/span><\/a><\/li><li class=\"share-facebook\"><a rel=\"nofollow noopener noreferrer\" data-shared=\"sharing-facebook-3389\" class=\"share-facebook sd-button share-icon no-text\" href=\"http:\/\/www.tecnos.cat\/ampa\/aquest-estiu-acull-somriures\/?share=facebook\" target=\"_blank\" title=\"Click to share on Facebook\" ><span><\/span><span class=\"sharing-screen-reader-text\">Click to share on Facebook (Opens in new window)<\/span><\/a><\/li><li class=\"share-linkedin\"><a rel=\"nofollow noopener noreferrer\" data-shared=\"sharing-linkedin-3389\" class=\"share-linkedin sd-button share-icon no-text\" href=\"http:\/\/www.tecnos.cat\/ampa\/aquest-estiu-acull-somriures\/?share=linkedin\" target=\"_blank\" title=\"Click to share on LinkedIn\" ><span><\/span><span class=\"sharing-screen-reader-text\">Click to share on LinkedIn (Opens in new window)<\/span><\/a><\/li><li class=\"share-twitter\"><a rel=\"nofollow noopener noreferrer\" data-shared=\"sharing-twitter-3389\" class=\"share-twitter sd-button share-icon no-text\" href=\"http:\/\/www.tecnos.cat\/ampa\/aquest-estiu-acull-somriures\/?share=twitter\" target=\"_blank\" title=\"Click to share on Twitter\" ><span><\/span><span class=\"sharing-screen-reader-text\">Click to share on Twitter (Opens in new window)<\/span><\/a><\/li><li class=\"share-end\"><\/li><\/ul><\/div><\/div><\/div>","protected":false},"excerpt":{"rendered":"<p>Com cada any, per aquestes dates, les associacions amigues del Poble Sahrau\u00ed, arreu de Catalunya, estan preparant el projecte de Vacances en Pau. Aquest \u00e9s un projecte que fa possible que infants sahrau\u00eds de 10 a 12 anys, refugiats als \u00a0campaments de Tindouf puguin gaudir d\u2019un estiu diferent lluny de les altes temperatures de la &hellip; <a href=\"http:\/\/www.tecnos.cat\/ampa\/aquest-estiu-acull-somriures\/\" class=\"more-link\">Continua la lectura de <span class=\"screen-reader-text\">Aquest estiu acull somriures<\/span><\/a><\/p>\n<div class=\"sharedaddy sd-sharing-enabled\"><div class=\"robots-nocontent sd-block sd-social sd-social-icon sd-sharing\"><h3 class=\"sd-title\">Share this:<\/h3><div class=\"sd-content\"><ul><li class=\"share-print\"><a rel=\"nofollow noopener noreferrer\" data-shared=\"\" class=\"share-print sd-button share-icon no-text\" href=\"http:\/\/www.tecnos.cat\/ampa\/aquest-estiu-acull-somriures\/\" target=\"_blank\" title=\"Click to print\" ><span><\/span><span class=\"sharing-screen-reader-text\">Click to print (Opens in new window)<\/span><\/a><\/li><li class=\"share-email\"><a rel=\"nofollow noopener noreferrer\" data-shared=\"\" class=\"share-email sd-button share-icon no-text\" href=\"mailto:?subject=%5BShared%20Post%5D%20Aquest%20estiu%20acull%20somriures&body=http%3A%2F%2Fwww.tecnos.cat%2Fampa%2Faquest-estiu-acull-somriures%2F&share=email\" target=\"_blank\" title=\"Click to email a link to a friend\" data-email-share-error-title=\"Do you have email set up?\" data-email-share-error-text=\"If you&#039;re having problems sharing via email, you might not have email set up for your browser. You may need to create a new email yourself.\" data-email-share-nonce=\"5e7f9053a5\" data-email-share-track-url=\"http:\/\/www.tecnos.cat\/ampa\/aquest-estiu-acull-somriures\/?share=email\"><span><\/span><span class=\"sharing-screen-reader-text\">Click to email a link to a friend (Opens in new window)<\/span><\/a><\/li><li class=\"share-facebook\"><a rel=\"nofollow noopener noreferrer\" data-shared=\"sharing-facebook-3389\" class=\"share-facebook sd-button share-icon no-text\" href=\"http:\/\/www.tecnos.cat\/ampa\/aquest-estiu-acull-somriures\/?share=facebook\" target=\"_blank\" title=\"Click to share on Facebook\" ><span><\/span><span class=\"sharing-screen-reader-text\">Click to share on Facebook (Opens in new window)<\/span><\/a><\/li><li class=\"share-linkedin\"><a rel=\"nofollow noopener noreferrer\" data-shared=\"sharing-linkedin-3389\" class=\"share-linkedin sd-button share-icon no-text\" href=\"http:\/\/www.tecnos.cat\/ampa\/aquest-estiu-acull-somriures\/?share=linkedin\" target=\"_blank\" title=\"Click to share on LinkedIn\" ><span><\/span><span class=\"sharing-screen-reader-text\">Click to share on LinkedIn (Opens in new window)<\/span><\/a><\/li><li class=\"share-twitter\"><a rel=\"nofollow noopener noreferrer\" data-shared=\"sharing-twitter-3389\" class=\"share-twitter sd-button share-icon no-text\" href=\"http:\/\/www.tecnos.cat\/ampa\/aquest-estiu-acull-somriures\/?share=twitter\" target=\"_blank\" title=\"Click to share on Twitter\" ><span><\/span><span class=\"sharing-screen-reader-text\">Click to share on Twitter (Opens in new window)<\/span><\/a><\/li><li class=\"share-end\"><\/li><\/ul><\/div><\/div><\/div>","protected":false},"author":1,"featured_media":0,"comment_status":"open","ping_status":"open","sticky":false,"template":"","format":"standard","meta":{"jetpack_post_was_ever_published":false,"jetpack_publicize_message":"","jetpack_is_tweetstorm":false,"jetpack_publicize_feature_enabled":true},"categories":[1],"tags":[367,281,368,220],"jetpack_publicize_connections":[],"jetpack_featured_media_url":"","jetpack_sharing_enabled":true,"jetpack_shortlink":"https:\/\/wp.me\/p3fByE-SF","_links":{"self":[{"href":"http:\/\/www.tecnos.cat\/ampa\/wp-json\/wp\/v2\/posts\/3389"}],"collection":[{"href":"http:\/\/www.tecnos.cat\/ampa\/wp-json\/wp\/v2\/posts"}],"about":[{"href":"http:\/\/www.tecnos.cat\/ampa\/wp-json\/wp\/v2\/types\/post"}],"author":[{"embeddable":true,"href":"http:\/\/www.tecnos.cat\/ampa\/wp-json\/wp\/v2\/users\/1"}],"replies":[{"embeddable":true,"href":"http:\/\/www.tecnos.cat\/ampa\/wp-json\/wp\/v2\/comments?post=3389"}],"version-history":[{"count":1,"href":"http:\/\/www.tecnos.cat\/ampa\/wp-json\/wp\/v2\/posts\/3389\/revisions"}],"predecessor-version":[{"id":3391,"href":"http:\/\/www.tecnos.cat\/ampa\/wp-json\/wp\/v2\/posts\/3389\/revisions\/3391"}],"wp:attachment":[{"href":"http:\/\/www.tecnos.cat\/ampa\/wp-json\/wp\/v2\/media?parent=3389"}],"wp:term":[{"taxonomy":"category","embeddable":true,"href":"http:\/\/www.tecnos.cat\/ampa\/wp-json\/wp\/v2\/categories?post=3389"},{"taxonomy":"post_tag","embeddable":true,"href":"http:\/\/www.tecnos.cat\/ampa\/wp-json\/wp\/v2\/tags?post=3389"}],"curies":[{"name":"wp","href":"https:\/\/api.w.org\/{rel}","templated":true}]}}