{"id":3328,"date":"2018-04-13T09:00:00","date_gmt":"2018-04-13T08:00:00","guid":{"rendered":"http:\/\/www.tecnos.cat\/ampa\/?p=3328"},"modified":"2018-04-12T13:15:02","modified_gmt":"2018-04-12T12:15:02","slug":"treskatecnos-tron-de-lespasa-montserrat","status":"publish","type":"post","link":"http:\/\/www.tecnos.cat\/ampa\/treskatecnos-tron-de-lespasa-montserrat\/","title":{"rendered":"TRESKATECNOS: Tron de l&#8217;espasa (Montserrat)"},"content":{"rendered":"<p>&nbsp;<\/p>\n<p>Hola\u00a0<strong>Treskaires<\/strong>!<\/p>\n<p>Arriba la primavera, el bon temps i una nova excursi\u00f3 de la Treskatecnos. En aquesta ocasi\u00f3 anirem al tur\u00f3 del Tron de l&#8217;Espasa, a mig cam\u00ed entre Collbat\u00f3 i el monestir de Montserrat. En aquest paratge penjat sobre el curs del riu Llobregat ens espera una aut\u00e8ntica sorpresa: l&#8217;espasa del cavaller Otger Catal\u00f3 clavada a la roca! Hi haur\u00e0 alg\u00fa capa\u00e7 de treure-la?<\/p>\n<p>Tamb\u00e9 tindrem l\u2019oportunitat de visitar les magn\u00edfiques coves del Salnitre, ubicades just al punt d\u2019inici i final de l\u2019excursi\u00f3 (aquesta activitat \u00e9s complement\u00e0ria a l\u2019excursi\u00f3 i t\u00e9 places limitades. M\u00e9s avall trobareu la informaci\u00f3 sobre els preus de les entrades i la manera d\u2019inscriure-us).<\/p>\n<p>Es tracta d\u2019una sortida apta per a totes les edats.<\/p>\n<p>Apunteu-vos a gaudir d\u2019un mat\u00ed de natura, llegendes i bon ambient!<\/p>\n<p>&nbsp;<\/p>\n<p><strong>\u00a0<img loading=\"lazy\" class=\"aligncenter size-medium wp-image-3367\" src=\"http:\/\/www.tecnos.cat\/ampa\/wp-content\/uploads\/2018\/04\/Tron-de-lEspasa-300x169.jpg\" alt=\"\" width=\"300\" height=\"169\" srcset=\"http:\/\/www.tecnos.cat\/ampa\/wp-content\/uploads\/2018\/04\/Tron-de-lEspasa-300x169.jpg 300w, http:\/\/www.tecnos.cat\/ampa\/wp-content\/uploads\/2018\/04\/Tron-de-lEspasa-648x365.jpg 648w, http:\/\/www.tecnos.cat\/ampa\/wp-content\/uploads\/2018\/04\/Tron-de-lEspasa-341x192.jpg 341w, http:\/\/www.tecnos.cat\/ampa\/wp-content\/uploads\/2018\/04\/Tron-de-lEspasa.jpg 670w\" sizes=\"(max-width: 300px) 100vw, 300px\" \/><\/strong><\/p>\n<p><strong>\u00a0<\/strong><\/p>\n<p><strong>\u00a0<\/strong><strong>\u00a0<\/strong><\/p>\n<p><strong>Dia:<\/strong>\u00a0Diumenge 22 d\u2019abril de 2018<\/p>\n<p><strong>Hora d\u2019inici:<\/strong>\u00a09.15 h<\/p>\n<p><strong>Punt d\u2019inici:<\/strong> Aparcament superior de les coves del Salnitre (Collbat\u00f3). Consulteu com arribar a la fitxa de la sortida.<\/p>\n<p>&nbsp;<\/p>\n<p><strong>Excursi\u00f3 al Tron de l\u2019Espasa:<\/strong><\/p>\n<p>Per a l\u2019excursi\u00f3 no cal fer inscripci\u00f3 pr\u00e8via. Es far\u00e0 el grup amb les fam\u00edlies que siguin al lloc i hora de la convocat\u00f2ria. Recordeu ser puntuals i <strong>repasseu les indicacions de la fitxa<\/strong><strong> que trobareu en aquest enlla\u00e7.<\/strong><\/p>\n<p><strong>\u00a0<\/strong><\/p>\n<p><strong>Visita a les coves del Salnitre:<\/strong><\/p>\n<p>La visita a les coves del Salnitre \u00e9s una activitat complement\u00e0ria per a la qual cal inscriure\u2019s pr\u00e8viament i abonar el cost de l\u2019entrada. L\u2019hora d\u2019inici de la visita \u00e9s a les 13 h i t\u00e9 una durada de 60 minuts aproximadament. En aquest <a href=\"https:\/\/docs.google.com\/forms\/d\/1Ij85BXS49Gw1f4JW67liBwPPrmUU9bi7hVNkm5ktbsY\/edit?usp=sharing\"><strong>formulari\u00a0 d\u2019inscripci\u00f3<\/strong><\/a> trobareu tota la informaci\u00f3 sobre la visita i la gesti\u00f3 de les reserves.<\/p>\n<p>Els preus de les entrades s\u00f3n els seg\u00fcents:<\/p>\n<p>Entrada adults: 6,75\u20ac<\/p>\n<p>Entrada infantil (de 5 a 12 anys): 5,50\u20ac<\/p>\n<p>De 0 a 4 anys: entrada gratu\u00efta<\/p>\n<p>El pagament es pot fer el mateix dia de la sortida.<\/p>\n<p>&nbsp;<\/p>\n<p><strong>Dinar:<\/strong><\/p>\n<p>Dinarem al mateix lloc on haurem deixat el cotxe al mat\u00ed, per tant no caldr\u00e0 carregar-lo. Com sempre, carmanyola o entrepans depenent de cadasc\u00fa.<\/p>\n<p>&nbsp;<\/p>\n<p>&nbsp;<\/p>\n<p>Si hi ha possibilitat de mal temps, el dissabte dia 21 de d\u2019abril a les 20 hores es penjar\u00e0 una nota al blog i al Facebook per avisar si s\u2019anul\u00b7la o mant\u00e9 l\u2019activitat.<\/p>\n<p>Recordeu que les fam\u00edlies que encara no heu participat a cap sortida o, tot i haver participat, ara porteu al vostre c\u00e0rrec un altre menor haureu de firmar un document que us facilitarem el mateix dia on accepteu fer-vos responsables dels menors que van amb vosaltres. Recordeu tamb\u00e9 que la participaci\u00f3 de l\u2019activitat implica acceptar que l\u2019organitzaci\u00f3 no es fa responsable de les incid\u00e8ncies que es puguin produir durant la sortida.<\/p>\n<p>Per qualsevol consulta, podeu contactar-nos a l\u2019adre\u00e7a treskatecnos@tecnos.cat o, el dia de la sortida als tel\u00e8fons 661262505 (Albert), 619747446 (Sebas).<\/p>\n<p>Esperem ser una bona colla de nou, no hi falteu!<\/p>\n<p>&nbsp;<\/p>\n<p>&nbsp;<\/p>\n<p>&nbsp;<\/p>\n<p>&nbsp;<\/p>\n<p>&nbsp;<\/p>\n<p>&nbsp;<\/p>\n<div class=\"sharedaddy sd-sharing-enabled\"><div class=\"robots-nocontent sd-block sd-social sd-social-icon sd-sharing\"><h3 class=\"sd-title\">Share this:<\/h3><div class=\"sd-content\"><ul><li class=\"share-print\"><a rel=\"nofollow noopener noreferrer\" data-shared=\"\" class=\"share-print sd-button share-icon no-text\" href=\"http:\/\/www.tecnos.cat\/ampa\/treskatecnos-tron-de-lespasa-montserrat\/\" target=\"_blank\" title=\"Click to print\" ><span><\/span><span class=\"sharing-screen-reader-text\">Click to print (Opens in new window)<\/span><\/a><\/li><li class=\"share-email\"><a rel=\"nofollow noopener noreferrer\" data-shared=\"\" class=\"share-email sd-button share-icon no-text\" href=\"mailto:?subject=%5BShared%20Post%5D%20TRESKATECNOS%3A%20Tron%20de%20l%27espasa%20%28Montserrat%29&body=http%3A%2F%2Fwww.tecnos.cat%2Fampa%2Ftreskatecnos-tron-de-lespasa-montserrat%2F&share=email\" target=\"_blank\" title=\"Click to email a link to a friend\" data-email-share-error-title=\"Do you have email set up?\" data-email-share-error-text=\"If you&#039;re having problems sharing via email, you might not have email set up for your browser. You may need to create a new email yourself.\" data-email-share-nonce=\"5aa726c96a\" data-email-share-track-url=\"http:\/\/www.tecnos.cat\/ampa\/treskatecnos-tron-de-lespasa-montserrat\/?share=email\"><span><\/span><span class=\"sharing-screen-reader-text\">Click to email a link to a friend (Opens in new window)<\/span><\/a><\/li><li class=\"share-facebook\"><a rel=\"nofollow noopener noreferrer\" data-shared=\"sharing-facebook-3328\" class=\"share-facebook sd-button share-icon no-text\" href=\"http:\/\/www.tecnos.cat\/ampa\/treskatecnos-tron-de-lespasa-montserrat\/?share=facebook\" target=\"_blank\" title=\"Click to share on Facebook\" ><span><\/span><span class=\"sharing-screen-reader-text\">Click to share on Facebook (Opens in new window)<\/span><\/a><\/li><li class=\"share-linkedin\"><a rel=\"nofollow noopener noreferrer\" data-shared=\"sharing-linkedin-3328\" class=\"share-linkedin sd-button share-icon no-text\" href=\"http:\/\/www.tecnos.cat\/ampa\/treskatecnos-tron-de-lespasa-montserrat\/?share=linkedin\" target=\"_blank\" title=\"Click to share on LinkedIn\" ><span><\/span><span class=\"sharing-screen-reader-text\">Click to share on LinkedIn (Opens in new window)<\/span><\/a><\/li><li class=\"share-twitter\"><a rel=\"nofollow noopener noreferrer\" data-shared=\"sharing-twitter-3328\" class=\"share-twitter sd-button share-icon no-text\" href=\"http:\/\/www.tecnos.cat\/ampa\/treskatecnos-tron-de-lespasa-montserrat\/?share=twitter\" target=\"_blank\" title=\"Click to share on Twitter\" ><span><\/span><span class=\"sharing-screen-reader-text\">Click to share on Twitter (Opens in new window)<\/span><\/a><\/li><li class=\"share-end\"><\/li><\/ul><\/div><\/div><\/div>","protected":false},"excerpt":{"rendered":"<p>&nbsp; Hola\u00a0Treskaires! Arriba la primavera, el bon temps i una nova excursi\u00f3 de la Treskatecnos. En aquesta ocasi\u00f3 anirem al tur\u00f3 del Tron de l&#8217;Espasa, a mig cam\u00ed entre Collbat\u00f3 i el monestir de Montserrat. En aquest paratge penjat sobre el curs del riu Llobregat ens espera una aut\u00e8ntica sorpresa: l&#8217;espasa del cavaller Otger Catal\u00f3 &hellip; <a href=\"http:\/\/www.tecnos.cat\/ampa\/treskatecnos-tron-de-lespasa-montserrat\/\" class=\"more-link\">Continua la lectura de <span class=\"screen-reader-text\">TRESKATECNOS: Tron de l&#8217;espasa (Montserrat)<\/span><\/a><\/p>\n<div class=\"sharedaddy sd-sharing-enabled\"><div class=\"robots-nocontent sd-block sd-social sd-social-icon sd-sharing\"><h3 class=\"sd-title\">Share this:<\/h3><div class=\"sd-content\"><ul><li class=\"share-print\"><a rel=\"nofollow noopener noreferrer\" data-shared=\"\" class=\"share-print sd-button share-icon no-text\" href=\"http:\/\/www.tecnos.cat\/ampa\/treskatecnos-tron-de-lespasa-montserrat\/\" target=\"_blank\" title=\"Click to print\" ><span><\/span><span class=\"sharing-screen-reader-text\">Click to print (Opens in new window)<\/span><\/a><\/li><li class=\"share-email\"><a rel=\"nofollow noopener noreferrer\" data-shared=\"\" class=\"share-email sd-button share-icon no-text\" href=\"mailto:?subject=%5BShared%20Post%5D%20TRESKATECNOS%3A%20Tron%20de%20l%27espasa%20%28Montserrat%29&body=http%3A%2F%2Fwww.tecnos.cat%2Fampa%2Ftreskatecnos-tron-de-lespasa-montserrat%2F&share=email\" target=\"_blank\" title=\"Click to email a link to a friend\" data-email-share-error-title=\"Do you have email set up?\" data-email-share-error-text=\"If you&#039;re having problems sharing via email, you might not have email set up for your browser. You may need to create a new email yourself.\" data-email-share-nonce=\"5aa726c96a\" data-email-share-track-url=\"http:\/\/www.tecnos.cat\/ampa\/treskatecnos-tron-de-lespasa-montserrat\/?share=email\"><span><\/span><span class=\"sharing-screen-reader-text\">Click to email a link to a friend (Opens in new window)<\/span><\/a><\/li><li class=\"share-facebook\"><a rel=\"nofollow noopener noreferrer\" data-shared=\"sharing-facebook-3328\" class=\"share-facebook sd-button share-icon no-text\" href=\"http:\/\/www.tecnos.cat\/ampa\/treskatecnos-tron-de-lespasa-montserrat\/?share=facebook\" target=\"_blank\" title=\"Click to share on Facebook\" ><span><\/span><span class=\"sharing-screen-reader-text\">Click to share on Facebook (Opens in new window)<\/span><\/a><\/li><li class=\"share-linkedin\"><a rel=\"nofollow noopener noreferrer\" data-shared=\"sharing-linkedin-3328\" class=\"share-linkedin sd-button share-icon no-text\" href=\"http:\/\/www.tecnos.cat\/ampa\/treskatecnos-tron-de-lespasa-montserrat\/?share=linkedin\" target=\"_blank\" title=\"Click to share on LinkedIn\" ><span><\/span><span class=\"sharing-screen-reader-text\">Click to share on LinkedIn (Opens in new window)<\/span><\/a><\/li><li class=\"share-twitter\"><a rel=\"nofollow noopener noreferrer\" data-shared=\"sharing-twitter-3328\" class=\"share-twitter sd-button share-icon no-text\" href=\"http:\/\/www.tecnos.cat\/ampa\/treskatecnos-tron-de-lespasa-montserrat\/?share=twitter\" target=\"_blank\" title=\"Click to share on Twitter\" ><span><\/span><span class=\"sharing-screen-reader-text\">Click to share on Twitter (Opens in new window)<\/span><\/a><\/li><li class=\"share-end\"><\/li><\/ul><\/div><\/div><\/div>","protected":false},"author":1,"featured_media":0,"comment_status":"open","ping_status":"closed","sticky":false,"template":"","format":"standard","meta":{"jetpack_post_was_ever_published":false,"jetpack_publicize_message":"","jetpack_is_tweetstorm":false,"jetpack_publicize_feature_enabled":true},"categories":[33],"tags":[281,225,35],"jetpack_publicize_connections":[],"jetpack_featured_media_url":"","jetpack_sharing_enabled":true,"jetpack_shortlink":"https:\/\/wp.me\/p3fByE-RG","_links":{"self":[{"href":"http:\/\/www.tecnos.cat\/ampa\/wp-json\/wp\/v2\/posts\/3328"}],"collection":[{"href":"http:\/\/www.tecnos.cat\/ampa\/wp-json\/wp\/v2\/posts"}],"about":[{"href":"http:\/\/www.tecnos.cat\/ampa\/wp-json\/wp\/v2\/types\/post"}],"author":[{"embeddable":true,"href":"http:\/\/www.tecnos.cat\/ampa\/wp-json\/wp\/v2\/users\/1"}],"replies":[{"embeddable":true,"href":"http:\/\/www.tecnos.cat\/ampa\/wp-json\/wp\/v2\/comments?post=3328"}],"version-history":[{"count":4,"href":"http:\/\/www.tecnos.cat\/ampa\/wp-json\/wp\/v2\/posts\/3328\/revisions"}],"predecessor-version":[{"id":3370,"href":"http:\/\/www.tecnos.cat\/ampa\/wp-json\/wp\/v2\/posts\/3328\/revisions\/3370"}],"wp:attachment":[{"href":"http:\/\/www.tecnos.cat\/ampa\/wp-json\/wp\/v2\/media?parent=3328"}],"wp:term":[{"taxonomy":"category","embeddable":true,"href":"http:\/\/www.tecnos.cat\/ampa\/wp-json\/wp\/v2\/categories?post=3328"},{"taxonomy":"post_tag","embeddable":true,"href":"http:\/\/www.tecnos.cat\/ampa\/wp-json\/wp\/v2\/tags?post=3328"}],"curies":[{"name":"wp","href":"https:\/\/api.w.org\/{rel}","templated":true}]}}