{"id":2571,"date":"2017-02-28T22:29:56","date_gmt":"2017-02-28T22:29:56","guid":{"rendered":"http:\/\/www.tecnos.cat\/ampa\/?p=2571"},"modified":"2017-02-28T22:31:22","modified_gmt":"2017-02-28T22:31:22","slug":"frances-o-alemany-1er-eso","status":"publish","type":"post","link":"http:\/\/www.tecnos.cat\/ampa\/frances-o-alemany-1er-eso\/","title":{"rendered":"Franc\u00e8s o Alemany &#8211; 1er ESO"},"content":{"rendered":"<p>La\u00a0Comissi\u00f3 d\u2019Idiomes de l\u2019Ampa\u00a0organitza una activitat que ajudar\u00e0 als alumnes de 1er d&#8217;ESO a escollir segon idioma per l&#8217;any vinent: Franc\u00e8s o Alemamy?<\/p>\n<p><img loading=\"lazy\" class=\"aligncenter size-full wp-image-2572\" src=\"http:\/\/www.tecnos.cat\/ampa\/wp-content\/uploads\/2017\/02\/003-Cartell-Franc\u00e8sAlemany-Mar\u00e7-2017_oks.jpg\" alt=\"\" width=\"394\" height=\"572\" srcset=\"http:\/\/www.tecnos.cat\/ampa\/wp-content\/uploads\/2017\/02\/003-Cartell-Franc\u00e8sAlemany-Mar\u00e7-2017_oks.jpg 394w, http:\/\/www.tecnos.cat\/ampa\/wp-content\/uploads\/2017\/02\/003-Cartell-Franc\u00e8sAlemany-Mar\u00e7-2017_oks-207x300.jpg 207w\" sizes=\"(max-width: 394px) 100vw, 394px\" \/><\/p>\n<p>La sessi\u00f3\u00a0informativa\/l\u00fadica tindr\u00e0 lloc a la <strong>Sala d&#8217;actes el divendres 10 de mar\u00e7 de 17:30 a 18:30.<\/strong><\/p>\n<p>Apunta&#8217;t\u00a0a\u00a0<a href=\"mailto:idiomes@tecnos.cat\" data-cke-saved-href=\"mailto:idiomes@tecnos.cat\">idiomes@tecnos.cat<\/a>, les places s\u00f3n limitades.<\/p>\n<div class=\"sharedaddy sd-sharing-enabled\"><div class=\"robots-nocontent sd-block sd-social sd-social-icon sd-sharing\"><h3 class=\"sd-title\">Share this:<\/h3><div class=\"sd-content\"><ul><li class=\"share-print\"><a rel=\"nofollow noopener noreferrer\" data-shared=\"\" class=\"share-print sd-button share-icon no-text\" href=\"http:\/\/www.tecnos.cat\/ampa\/frances-o-alemany-1er-eso\/\" target=\"_blank\" title=\"Click to print\" ><span><\/span><span class=\"sharing-screen-reader-text\">Click to print (Opens in new window)<\/span><\/a><\/li><li class=\"share-email\"><a rel=\"nofollow noopener noreferrer\" data-shared=\"\" class=\"share-email sd-button share-icon no-text\" href=\"mailto:?subject=%5BShared%20Post%5D%20Franc%C3%A8s%20o%20Alemany%20-%201er%20ESO&body=http%3A%2F%2Fwww.tecnos.cat%2Fampa%2Ffrances-o-alemany-1er-eso%2F&share=email\" target=\"_blank\" title=\"Click to email a link to a friend\" data-email-share-error-title=\"Do you have email set up?\" data-email-share-error-text=\"If you&#039;re having problems sharing via email, you might not have email set up for your browser. You may need to create a new email yourself.\" data-email-share-nonce=\"ce6d774778\" data-email-share-track-url=\"http:\/\/www.tecnos.cat\/ampa\/frances-o-alemany-1er-eso\/?share=email\"><span><\/span><span class=\"sharing-screen-reader-text\">Click to email a link to a friend (Opens in new window)<\/span><\/a><\/li><li class=\"share-facebook\"><a rel=\"nofollow noopener noreferrer\" data-shared=\"sharing-facebook-2571\" class=\"share-facebook sd-button share-icon no-text\" href=\"http:\/\/www.tecnos.cat\/ampa\/frances-o-alemany-1er-eso\/?share=facebook\" target=\"_blank\" title=\"Click to share on Facebook\" ><span><\/span><span class=\"sharing-screen-reader-text\">Click to share on Facebook (Opens in new window)<\/span><\/a><\/li><li class=\"share-linkedin\"><a rel=\"nofollow noopener noreferrer\" data-shared=\"sharing-linkedin-2571\" class=\"share-linkedin sd-button share-icon no-text\" href=\"http:\/\/www.tecnos.cat\/ampa\/frances-o-alemany-1er-eso\/?share=linkedin\" target=\"_blank\" title=\"Click to share on LinkedIn\" ><span><\/span><span class=\"sharing-screen-reader-text\">Click to share on LinkedIn (Opens in new window)<\/span><\/a><\/li><li class=\"share-twitter\"><a rel=\"nofollow noopener noreferrer\" data-shared=\"sharing-twitter-2571\" class=\"share-twitter sd-button share-icon no-text\" href=\"http:\/\/www.tecnos.cat\/ampa\/frances-o-alemany-1er-eso\/?share=twitter\" target=\"_blank\" title=\"Click to share on Twitter\" ><span><\/span><span class=\"sharing-screen-reader-text\">Click to share on Twitter (Opens in new window)<\/span><\/a><\/li><li class=\"share-end\"><\/li><\/ul><\/div><\/div><\/div>","protected":false},"excerpt":{"rendered":"<p>La\u00a0Comissi\u00f3 d\u2019Idiomes de l\u2019Ampa\u00a0organitza una activitat que ajudar\u00e0 als alumnes de 1er d&#8217;ESO a escollir segon idioma per l&#8217;any vinent: Franc\u00e8s o Alemamy? La sessi\u00f3\u00a0informativa\/l\u00fadica tindr\u00e0 lloc a la Sala d&#8217;actes el divendres 10 de mar\u00e7 de 17:30 a 18:30. Apunta&#8217;t\u00a0a\u00a0idiomes@tecnos.cat, les places s\u00f3n limitades.<\/p>\n<div class=\"sharedaddy sd-sharing-enabled\"><div class=\"robots-nocontent sd-block sd-social sd-social-icon sd-sharing\"><h3 class=\"sd-title\">Share this:<\/h3><div class=\"sd-content\"><ul><li class=\"share-print\"><a rel=\"nofollow noopener noreferrer\" data-shared=\"\" class=\"share-print sd-button share-icon no-text\" href=\"http:\/\/www.tecnos.cat\/ampa\/frances-o-alemany-1er-eso\/\" target=\"_blank\" title=\"Click to print\" ><span><\/span><span class=\"sharing-screen-reader-text\">Click to print (Opens in new window)<\/span><\/a><\/li><li class=\"share-email\"><a rel=\"nofollow noopener noreferrer\" data-shared=\"\" class=\"share-email sd-button share-icon no-text\" href=\"mailto:?subject=%5BShared%20Post%5D%20Franc%C3%A8s%20o%20Alemany%20-%201er%20ESO&body=http%3A%2F%2Fwww.tecnos.cat%2Fampa%2Ffrances-o-alemany-1er-eso%2F&share=email\" target=\"_blank\" title=\"Click to email a link to a friend\" data-email-share-error-title=\"Do you have email set up?\" data-email-share-error-text=\"If you&#039;re having problems sharing via email, you might not have email set up for your browser. You may need to create a new email yourself.\" data-email-share-nonce=\"ce6d774778\" data-email-share-track-url=\"http:\/\/www.tecnos.cat\/ampa\/frances-o-alemany-1er-eso\/?share=email\"><span><\/span><span class=\"sharing-screen-reader-text\">Click to email a link to a friend (Opens in new window)<\/span><\/a><\/li><li class=\"share-facebook\"><a rel=\"nofollow noopener noreferrer\" data-shared=\"sharing-facebook-2571\" class=\"share-facebook sd-button share-icon no-text\" href=\"http:\/\/www.tecnos.cat\/ampa\/frances-o-alemany-1er-eso\/?share=facebook\" target=\"_blank\" title=\"Click to share on Facebook\" ><span><\/span><span class=\"sharing-screen-reader-text\">Click to share on Facebook (Opens in new window)<\/span><\/a><\/li><li class=\"share-linkedin\"><a rel=\"nofollow noopener noreferrer\" data-shared=\"sharing-linkedin-2571\" class=\"share-linkedin sd-button share-icon no-text\" href=\"http:\/\/www.tecnos.cat\/ampa\/frances-o-alemany-1er-eso\/?share=linkedin\" target=\"_blank\" title=\"Click to share on LinkedIn\" ><span><\/span><span class=\"sharing-screen-reader-text\">Click to share on LinkedIn (Opens in new window)<\/span><\/a><\/li><li class=\"share-twitter\"><a rel=\"nofollow noopener noreferrer\" data-shared=\"sharing-twitter-2571\" class=\"share-twitter sd-button share-icon no-text\" href=\"http:\/\/www.tecnos.cat\/ampa\/frances-o-alemany-1er-eso\/?share=twitter\" target=\"_blank\" title=\"Click to share on Twitter\" ><span><\/span><span class=\"sharing-screen-reader-text\">Click to share on Twitter (Opens in new window)<\/span><\/a><\/li><li class=\"share-end\"><\/li><\/ul><\/div><\/div><\/div>","protected":false},"author":1,"featured_media":0,"comment_status":"open","ping_status":"closed","sticky":false,"template":"","format":"standard","meta":{"jetpack_post_was_ever_published":false,"jetpack_publicize_message":"","jetpack_is_tweetstorm":false,"jetpack_publicize_feature_enabled":true},"categories":[6],"tags":[],"jetpack_publicize_connections":[],"jetpack_featured_media_url":"","jetpack_sharing_enabled":true,"jetpack_shortlink":"https:\/\/wp.me\/p3fByE-Ft","_links":{"self":[{"href":"http:\/\/www.tecnos.cat\/ampa\/wp-json\/wp\/v2\/posts\/2571"}],"collection":[{"href":"http:\/\/www.tecnos.cat\/ampa\/wp-json\/wp\/v2\/posts"}],"about":[{"href":"http:\/\/www.tecnos.cat\/ampa\/wp-json\/wp\/v2\/types\/post"}],"author":[{"embeddable":true,"href":"http:\/\/www.tecnos.cat\/ampa\/wp-json\/wp\/v2\/users\/1"}],"replies":[{"embeddable":true,"href":"http:\/\/www.tecnos.cat\/ampa\/wp-json\/wp\/v2\/comments?post=2571"}],"version-history":[{"count":2,"href":"http:\/\/www.tecnos.cat\/ampa\/wp-json\/wp\/v2\/posts\/2571\/revisions"}],"predecessor-version":[{"id":2574,"href":"http:\/\/www.tecnos.cat\/ampa\/wp-json\/wp\/v2\/posts\/2571\/revisions\/2574"}],"wp:attachment":[{"href":"http:\/\/www.tecnos.cat\/ampa\/wp-json\/wp\/v2\/media?parent=2571"}],"wp:term":[{"taxonomy":"category","embeddable":true,"href":"http:\/\/www.tecnos.cat\/ampa\/wp-json\/wp\/v2\/categories?post=2571"},{"taxonomy":"post_tag","embeddable":true,"href":"http:\/\/www.tecnos.cat\/ampa\/wp-json\/wp\/v2\/tags?post=2571"}],"curies":[{"name":"wp","href":"https:\/\/api.w.org\/{rel}","templated":true}]}}