{"id":2499,"date":"2017-01-17T21:15:17","date_gmt":"2017-01-17T21:15:17","guid":{"rendered":"http:\/\/www.tecnos.cat\/ampa\/?p=2499"},"modified":"2017-01-19T21:16:39","modified_gmt":"2017-01-19T21:16:39","slug":"inscripcions-pel-carnestoltes-2017-festa-de-les-cultures","status":"publish","type":"post","link":"http:\/\/www.tecnos.cat\/ampa\/inscripcions-pel-carnestoltes-2017-festa-de-les-cultures\/","title":{"rendered":"Inscripcions pel Carnestoltes 2017: &#8216;Festa de les Cultures&#8217;"},"content":{"rendered":"<p>Aquest any l&#8217;escola s&#8217;omplir\u00e0 de\u00a0<span style=\"color: #ff6600;\"><strong>cultures del m\u00f3n!<\/strong><\/span>\u00a0Celebracions com l&#8217;<span style=\"color: #ff6600;\"><strong>any nou xin\u00e8s, la festa de la Patum, el carnestoltes veneci\u00e0 i el dia de morts de M\u00e8xic<\/strong> <\/span>ompliran de colors i molta xerinola\u00a0la rua d&#8217;aquest any.<\/p>\n<p><img loading=\"lazy\" class=\"aligncenter size-full wp-image-2502\" src=\"http:\/\/www.tecnos.cat\/ampa\/wp-content\/uploads\/2017\/01\/Cartel-2017_peque.jpg\" alt=\"\" width=\"472\" height=\"335\" srcset=\"http:\/\/www.tecnos.cat\/ampa\/wp-content\/uploads\/2017\/01\/Cartel-2017_peque.jpg 472w, http:\/\/www.tecnos.cat\/ampa\/wp-content\/uploads\/2017\/01\/Cartel-2017_peque-300x213.jpg 300w\" sizes=\"(max-width: 472px) 100vw, 472px\" \/><\/p>\n<p>Fam\u00edlies, recordeu que teniu <u><strong>fins divendres dia 20\u00a0<\/strong><\/u>per apuntar-vos a la <span style=\"color: #ff6600;\"><strong>rua del diumenge 26 de febrer<\/strong>.<\/span> <strong>Dipositeu la butlleta<\/strong> que vam repartir als vostres fills <strong>a la b\u00fastia de l&#8217;entrada del pati de prim\u00e0ria a les 9:00 o a les 17:00.<\/strong><\/p>\n<p>Tamb\u00e9 podeu fer la vostra inscripci\u00f3 a <a href=\"mailto:carnestoltes@tecnos.cat\" data-cke-saved-href=\"mailto:carnestoltes@tecnos.cat\">carnestoltes@tecnos.cat<\/a>\u00a0indicant n\u00famero d&#8217;adults, especificant home &#8211; dona, n\u00famero de nens i curs del fill\/s.<\/p>\n<p>No hi podeu faltar, la tornarem a fer grossa!<\/p>\n<p><strong>Comissi\u00f3 Carnestoltes<\/strong><\/p>\n<div class=\"sharedaddy sd-sharing-enabled\"><div class=\"robots-nocontent sd-block sd-social sd-social-icon sd-sharing\"><h3 class=\"sd-title\">Share this:<\/h3><div class=\"sd-content\"><ul><li class=\"share-print\"><a rel=\"nofollow noopener noreferrer\" data-shared=\"\" class=\"share-print sd-button share-icon no-text\" href=\"http:\/\/www.tecnos.cat\/ampa\/inscripcions-pel-carnestoltes-2017-festa-de-les-cultures\/\" target=\"_blank\" title=\"Click to print\" ><span><\/span><span class=\"sharing-screen-reader-text\">Click to print (Opens in new window)<\/span><\/a><\/li><li class=\"share-email\"><a rel=\"nofollow noopener noreferrer\" data-shared=\"\" class=\"share-email sd-button share-icon no-text\" href=\"mailto:?subject=%5BShared%20Post%5D%20Inscripcions%20pel%20Carnestoltes%202017%3A%20%27Festa%20de%20les%20Cultures%27&body=http%3A%2F%2Fwww.tecnos.cat%2Fampa%2Finscripcions-pel-carnestoltes-2017-festa-de-les-cultures%2F&share=email\" target=\"_blank\" title=\"Click to email a link to a friend\" data-email-share-error-title=\"Do you have email set up?\" data-email-share-error-text=\"If you&#039;re having problems sharing via email, you might not have email set up for your browser. You may need to create a new email yourself.\" data-email-share-nonce=\"ab49dadf9c\" data-email-share-track-url=\"http:\/\/www.tecnos.cat\/ampa\/inscripcions-pel-carnestoltes-2017-festa-de-les-cultures\/?share=email\"><span><\/span><span class=\"sharing-screen-reader-text\">Click to email a link to a friend (Opens in new window)<\/span><\/a><\/li><li class=\"share-facebook\"><a rel=\"nofollow noopener noreferrer\" data-shared=\"sharing-facebook-2499\" class=\"share-facebook sd-button share-icon no-text\" href=\"http:\/\/www.tecnos.cat\/ampa\/inscripcions-pel-carnestoltes-2017-festa-de-les-cultures\/?share=facebook\" target=\"_blank\" title=\"Click to share on Facebook\" ><span><\/span><span class=\"sharing-screen-reader-text\">Click to share on Facebook (Opens in new window)<\/span><\/a><\/li><li class=\"share-linkedin\"><a rel=\"nofollow noopener noreferrer\" data-shared=\"sharing-linkedin-2499\" class=\"share-linkedin sd-button share-icon no-text\" href=\"http:\/\/www.tecnos.cat\/ampa\/inscripcions-pel-carnestoltes-2017-festa-de-les-cultures\/?share=linkedin\" target=\"_blank\" title=\"Click to share on LinkedIn\" ><span><\/span><span class=\"sharing-screen-reader-text\">Click to share on LinkedIn (Opens in new window)<\/span><\/a><\/li><li class=\"share-twitter\"><a rel=\"nofollow noopener noreferrer\" data-shared=\"sharing-twitter-2499\" class=\"share-twitter sd-button share-icon no-text\" href=\"http:\/\/www.tecnos.cat\/ampa\/inscripcions-pel-carnestoltes-2017-festa-de-les-cultures\/?share=twitter\" target=\"_blank\" title=\"Click to share on Twitter\" ><span><\/span><span class=\"sharing-screen-reader-text\">Click to share on Twitter (Opens in new window)<\/span><\/a><\/li><li class=\"share-end\"><\/li><\/ul><\/div><\/div><\/div>","protected":false},"excerpt":{"rendered":"<p>Aquest any l&#8217;escola s&#8217;omplir\u00e0 de\u00a0cultures del m\u00f3n!\u00a0Celebracions com l&#8217;any nou xin\u00e8s, la festa de la Patum, el carnestoltes veneci\u00e0 i el dia de morts de M\u00e8xic ompliran de colors i molta xerinola\u00a0la rua d&#8217;aquest any. Fam\u00edlies, recordeu que teniu fins divendres dia 20\u00a0per apuntar-vos a la rua del diumenge 26 de febrer. Dipositeu la butlleta &hellip; <a href=\"http:\/\/www.tecnos.cat\/ampa\/inscripcions-pel-carnestoltes-2017-festa-de-les-cultures\/\" class=\"more-link\">Continua la lectura de <span class=\"screen-reader-text\">Inscripcions pel Carnestoltes 2017: &#8216;Festa de les Cultures&#8217;<\/span><\/a><\/p>\n<div class=\"sharedaddy sd-sharing-enabled\"><div class=\"robots-nocontent sd-block sd-social sd-social-icon sd-sharing\"><h3 class=\"sd-title\">Share this:<\/h3><div class=\"sd-content\"><ul><li class=\"share-print\"><a rel=\"nofollow noopener noreferrer\" data-shared=\"\" class=\"share-print sd-button share-icon no-text\" href=\"http:\/\/www.tecnos.cat\/ampa\/inscripcions-pel-carnestoltes-2017-festa-de-les-cultures\/\" target=\"_blank\" title=\"Click to print\" ><span><\/span><span class=\"sharing-screen-reader-text\">Click to print (Opens in new window)<\/span><\/a><\/li><li class=\"share-email\"><a rel=\"nofollow noopener noreferrer\" data-shared=\"\" class=\"share-email sd-button share-icon no-text\" href=\"mailto:?subject=%5BShared%20Post%5D%20Inscripcions%20pel%20Carnestoltes%202017%3A%20%27Festa%20de%20les%20Cultures%27&body=http%3A%2F%2Fwww.tecnos.cat%2Fampa%2Finscripcions-pel-carnestoltes-2017-festa-de-les-cultures%2F&share=email\" target=\"_blank\" title=\"Click to email a link to a friend\" data-email-share-error-title=\"Do you have email set up?\" data-email-share-error-text=\"If you&#039;re having problems sharing via email, you might not have email set up for your browser. You may need to create a new email yourself.\" data-email-share-nonce=\"ab49dadf9c\" data-email-share-track-url=\"http:\/\/www.tecnos.cat\/ampa\/inscripcions-pel-carnestoltes-2017-festa-de-les-cultures\/?share=email\"><span><\/span><span class=\"sharing-screen-reader-text\">Click to email a link to a friend (Opens in new window)<\/span><\/a><\/li><li class=\"share-facebook\"><a rel=\"nofollow noopener noreferrer\" data-shared=\"sharing-facebook-2499\" class=\"share-facebook sd-button share-icon no-text\" href=\"http:\/\/www.tecnos.cat\/ampa\/inscripcions-pel-carnestoltes-2017-festa-de-les-cultures\/?share=facebook\" target=\"_blank\" title=\"Click to share on Facebook\" ><span><\/span><span class=\"sharing-screen-reader-text\">Click to share on Facebook (Opens in new window)<\/span><\/a><\/li><li class=\"share-linkedin\"><a rel=\"nofollow noopener noreferrer\" data-shared=\"sharing-linkedin-2499\" class=\"share-linkedin sd-button share-icon no-text\" href=\"http:\/\/www.tecnos.cat\/ampa\/inscripcions-pel-carnestoltes-2017-festa-de-les-cultures\/?share=linkedin\" target=\"_blank\" title=\"Click to share on LinkedIn\" ><span><\/span><span class=\"sharing-screen-reader-text\">Click to share on LinkedIn (Opens in new window)<\/span><\/a><\/li><li class=\"share-twitter\"><a rel=\"nofollow noopener noreferrer\" data-shared=\"sharing-twitter-2499\" class=\"share-twitter sd-button share-icon no-text\" href=\"http:\/\/www.tecnos.cat\/ampa\/inscripcions-pel-carnestoltes-2017-festa-de-les-cultures\/?share=twitter\" target=\"_blank\" title=\"Click to share on Twitter\" ><span><\/span><span class=\"sharing-screen-reader-text\">Click to share on Twitter (Opens in new window)<\/span><\/a><\/li><li class=\"share-end\"><\/li><\/ul><\/div><\/div><\/div>","protected":false},"author":1,"featured_media":0,"comment_status":"open","ping_status":"closed","sticky":false,"template":"","format":"standard","meta":{"jetpack_post_was_ever_published":false,"jetpack_publicize_message":"","jetpack_is_tweetstorm":false,"jetpack_publicize_feature_enabled":true},"categories":[62,1],"tags":[],"jetpack_publicize_connections":[],"jetpack_featured_media_url":"","jetpack_sharing_enabled":true,"jetpack_shortlink":"https:\/\/wp.me\/p3fByE-Ej","_links":{"self":[{"href":"http:\/\/www.tecnos.cat\/ampa\/wp-json\/wp\/v2\/posts\/2499"}],"collection":[{"href":"http:\/\/www.tecnos.cat\/ampa\/wp-json\/wp\/v2\/posts"}],"about":[{"href":"http:\/\/www.tecnos.cat\/ampa\/wp-json\/wp\/v2\/types\/post"}],"author":[{"embeddable":true,"href":"http:\/\/www.tecnos.cat\/ampa\/wp-json\/wp\/v2\/users\/1"}],"replies":[{"embeddable":true,"href":"http:\/\/www.tecnos.cat\/ampa\/wp-json\/wp\/v2\/comments?post=2499"}],"version-history":[{"count":4,"href":"http:\/\/www.tecnos.cat\/ampa\/wp-json\/wp\/v2\/posts\/2499\/revisions"}],"predecessor-version":[{"id":2504,"href":"http:\/\/www.tecnos.cat\/ampa\/wp-json\/wp\/v2\/posts\/2499\/revisions\/2504"}],"wp:attachment":[{"href":"http:\/\/www.tecnos.cat\/ampa\/wp-json\/wp\/v2\/media?parent=2499"}],"wp:term":[{"taxonomy":"category","embeddable":true,"href":"http:\/\/www.tecnos.cat\/ampa\/wp-json\/wp\/v2\/categories?post=2499"},{"taxonomy":"post_tag","embeddable":true,"href":"http:\/\/www.tecnos.cat\/ampa\/wp-json\/wp\/v2\/tags?post=2499"}],"curies":[{"name":"wp","href":"https:\/\/api.w.org\/{rel}","templated":true}]}}