{"id":2494,"date":"2017-01-19T22:24:05","date_gmt":"2017-01-19T22:24:05","guid":{"rendered":"http:\/\/www.tecnos.cat\/ampa\/?p=2494"},"modified":"2017-03-05T21:32:53","modified_gmt":"2017-03-05T21:32:53","slug":"treskatecnos-ulldeter-iniciacio-raquetes-de-neu-inscriu-te","status":"publish","type":"post","link":"http:\/\/www.tecnos.cat\/ampa\/treskatecnos-ulldeter-iniciacio-raquetes-de-neu-inscriu-te\/","title":{"rendered":"TRESKATECNOS: Ulldeter &#8211; Iniciaci\u00f3 raquetes de neu, inscriu-te!"},"content":{"rendered":"<p><span style=\"font-family: georgia, serif;\">Hola<\/span><span style=\"color: #222222; font-family: georgia, serif;\"><span style=\"color: #ff6600;\"> <strong>Treskaires<\/strong><\/span>! <\/span><\/p>\n<p><span style=\"font-family: georgia, serif;\">Ja tenim la neu aqu\u00ed i tenim ganes de trepitjar-la! Aquest segon trimestre us proposem una <\/span><span style=\"font-family: georgia, serif;\">sortida a\u00a0l&#8217;alta vall del Ter per sobre de Setcases<\/span><span style=\"font-family: georgia, serif;\">, un itinerari molt segur per\u00f2 exigent, amb for\u00e7a desnivell i un entorn espectacular on podrem gaudir de la neu i cal\u00e7ar-nos per primer cop des del Treska unes raquetes de neu.\u00a0<\/span><\/p>\n<p>Pujarem al pla de Moren\u00e7 per una antiga pista d&#8217;esqu\u00ed de l&#8217;estaci\u00f3 de Vallter 2000 superant un fort desnivell de gaireb\u00e9 400 metres per gaudir d&#8217;unes vistes espectaculars dels pics m\u00e9s destacats de la cap\u00e7alera del Ter, el Bastiments, el Gra de Fajol i el Pic de la Dona. Al pla farem un recorregut per arribar a les runes de l&#8217;antic Refugi, el Xalet Vell, i dinarem a l&#8217;actual refugi del CEC de Ulldeter.<\/p>\n<p><img class=\"alignleft\" src=\"http:\/\/tecnos.ip-zone.com\/mailing-manager\/domains\/tecnos_ip-zone_com\/files\/img\/\/foto-neu-raquestes-copia-ok.jpg\" alt=\"\" data-cke-saved-src=\"http:\/\/tecnos.ip-zone.com\/mailing-manager\/domains\/tecnos_ip-zone_com\/files\/img\/\/foto-neu-raquestes-copia-ok.jpg\" \/><\/p>\n<p><span style=\"font-family: georgia, serif;\"><strong>Dia:<\/strong> ANUL\u00b7LADA,\u00a0el temps ens ha fet la guitza&#8230;<\/span><br \/>\n<span style=\"font-family: georgia, serif;\"><strong>Hora de trobada:<\/strong> <span style=\"color: #ff6600;\"><strong>9:00h<\/strong><\/span><br \/>\n<strong>Hora acabament:<\/strong> <span style=\"color: #ff6600;\"><strong>16:00 h<\/strong><\/span><br \/>\n<strong>Punt inici:<\/strong> aparcament n\u00ba5 (P5) de l&#8217;estaci\u00f3 d&#8217;esqu\u00ed Vallter 2000<br \/>\n<strong>Temps estimat des de Terrassa:<\/strong> 2 hores (AP7 &#8211; C17 GIV5264)<\/span><\/p>\n<p><strong>INSCRIPCI\u00d3 OBLIGAT\u00d2RIA (data l\u00edmit, 3 de mar\u00e7 a les 15:00):<\/strong>\u00a0Cal que feu arribar un correu electr\u00f2nic a <a href=\"mailto:treskatecnos@tecnos.cat\" data-cke-saved-href=\"mailto:treskatecnos@tecnos.cat\">treskatecnos@tecnos.cat<\/a> per poder-vos apuntar a l&#8217;activitat. En aquesta ocasi\u00f3 no es penjar\u00e0 la fitxa de la ruta sin\u00f3 que us farem arribar els detalls de la sortida per correu electr\u00f2nic amb les indicacions t\u00e8cniques, el material que cal que porteu i els establiments on podeu llogar les raquetes i els pals en cas que no en tingueu. <span style=\"color: #ff6600;\"><strong>La responsabilitat de portar el material adequat recau en la fam\u00edlia.\u00a0<\/strong><\/span><\/p>\n<p>Farem un grup de WhatsApp amb tots els inscrits per poder passar-vos la informaci\u00f3 que calgui i resoldre dubtes.<\/p>\n<p><span style=\"color: #ff9900;\"><strong><span style=\"color: #ff6600;\">Dinarem al refugi d&#8217;Ulldeter<\/span> <\/strong><\/span>abans d&#8217;iniciar el retorn als cotxes, al refugi ens deixaran menjar el <strong><span style=\"color: #ff6600;\">ENTREPANS<\/span> <\/strong>que portem (en aquesta ocasi\u00f3 obvieu carmanyoles) i all\u00e0 podrem comprar una tassa de brou calent i begudes.<\/p>\n<p>Si hi ha possibilitat de mal temps, el dissabte dia 4 de febrer\u00a0a les 20 hores es penjar\u00e0 una nota al blog i al Facebook per avisar si s\u2019anul\u00b7la o mant\u00e9 l\u2019activitat.<\/p>\n<p>Si teniu propostes, idees, comentaris, o encara millor, si us voleu afegir a la comissi\u00f3 <span style=\"color: #ff6600;\"><b>Treskatecnos<\/b><\/span>, nom\u00e9s cal que ens ho feu saber.<\/p>\n<p>Per qualsevol consulta, podeu contactar-nos a l\u2019adre\u00e7a\u00a0<a href=\"mailto:treskatecnos@tecnos.cat\">treskatecnos<\/a><a href=\"mailto:treskatecnos@tecnos.cat\">@<\/a><a href=\"mailto:treskatecnos@tecnos.cat\">tecnos.cat<\/a>.<\/p>\n<p>Recordeu que la participaci\u00f3 a l&#8217;activitat implica acceptar que l&#8217;organitzaci\u00f3 no es fa responsable de les incid\u00e8ncies que es puguin produir durant la sortida i que els menors d&#8217;edat estan sota la responsabilitat directa dels seus pares o adults acompanyants en qui els pares hagin delegat aquesta responsabilitat.<\/p>\n<p><b>Esperem ser una bona colla de nou, no hi falteu!<\/b><\/p>\n<div class=\"sharedaddy sd-sharing-enabled\"><div class=\"robots-nocontent sd-block sd-social sd-social-icon sd-sharing\"><h3 class=\"sd-title\">Share this:<\/h3><div class=\"sd-content\"><ul><li class=\"share-print\"><a rel=\"nofollow noopener noreferrer\" data-shared=\"\" class=\"share-print sd-button share-icon no-text\" href=\"http:\/\/www.tecnos.cat\/ampa\/treskatecnos-ulldeter-iniciacio-raquetes-de-neu-inscriu-te\/\" target=\"_blank\" title=\"Click to print\" ><span><\/span><span class=\"sharing-screen-reader-text\">Click to print (Opens in new window)<\/span><\/a><\/li><li class=\"share-email\"><a rel=\"nofollow noopener noreferrer\" data-shared=\"\" class=\"share-email sd-button share-icon no-text\" href=\"mailto:?subject=%5BShared%20Post%5D%20TRESKATECNOS%3A%20Ulldeter%20-%20Iniciaci%C3%B3%20raquetes%20de%20neu%2C%20inscriu-te%21&body=http%3A%2F%2Fwww.tecnos.cat%2Fampa%2Ftreskatecnos-ulldeter-iniciacio-raquetes-de-neu-inscriu-te%2F&share=email\" target=\"_blank\" title=\"Click to email a link to a friend\" data-email-share-error-title=\"Do you have email set up?\" data-email-share-error-text=\"If you&#039;re having problems sharing via email, you might not have email set up for your browser. You may need to create a new email yourself.\" data-email-share-nonce=\"fd56eab5f6\" data-email-share-track-url=\"http:\/\/www.tecnos.cat\/ampa\/treskatecnos-ulldeter-iniciacio-raquetes-de-neu-inscriu-te\/?share=email\"><span><\/span><span class=\"sharing-screen-reader-text\">Click to email a link to a friend (Opens in new window)<\/span><\/a><\/li><li class=\"share-facebook\"><a rel=\"nofollow noopener noreferrer\" data-shared=\"sharing-facebook-2494\" class=\"share-facebook sd-button share-icon no-text\" href=\"http:\/\/www.tecnos.cat\/ampa\/treskatecnos-ulldeter-iniciacio-raquetes-de-neu-inscriu-te\/?share=facebook\" target=\"_blank\" title=\"Click to share on Facebook\" ><span><\/span><span class=\"sharing-screen-reader-text\">Click to share on Facebook (Opens in new window)<\/span><\/a><\/li><li class=\"share-linkedin\"><a rel=\"nofollow noopener noreferrer\" data-shared=\"sharing-linkedin-2494\" class=\"share-linkedin sd-button share-icon no-text\" href=\"http:\/\/www.tecnos.cat\/ampa\/treskatecnos-ulldeter-iniciacio-raquetes-de-neu-inscriu-te\/?share=linkedin\" target=\"_blank\" title=\"Click to share on LinkedIn\" ><span><\/span><span class=\"sharing-screen-reader-text\">Click to share on LinkedIn (Opens in new window)<\/span><\/a><\/li><li class=\"share-twitter\"><a rel=\"nofollow noopener noreferrer\" data-shared=\"sharing-twitter-2494\" class=\"share-twitter sd-button share-icon no-text\" href=\"http:\/\/www.tecnos.cat\/ampa\/treskatecnos-ulldeter-iniciacio-raquetes-de-neu-inscriu-te\/?share=twitter\" target=\"_blank\" title=\"Click to share on Twitter\" ><span><\/span><span class=\"sharing-screen-reader-text\">Click to share on Twitter (Opens in new window)<\/span><\/a><\/li><li class=\"share-end\"><\/li><\/ul><\/div><\/div><\/div>","protected":false},"excerpt":{"rendered":"<p>Hola Treskaires! Ja tenim la neu aqu\u00ed i tenim ganes de trepitjar-la! Aquest segon trimestre us proposem una sortida a\u00a0l&#8217;alta vall del Ter per sobre de Setcases, un itinerari molt segur per\u00f2 exigent, amb for\u00e7a desnivell i un entorn espectacular on podrem gaudir de la neu i cal\u00e7ar-nos per primer cop des del Treska unes &hellip; <a href=\"http:\/\/www.tecnos.cat\/ampa\/treskatecnos-ulldeter-iniciacio-raquetes-de-neu-inscriu-te\/\" class=\"more-link\">Continua la lectura de <span class=\"screen-reader-text\">TRESKATECNOS: Ulldeter &#8211; Iniciaci\u00f3 raquetes de neu, inscriu-te!<\/span><\/a><\/p>\n<div class=\"sharedaddy sd-sharing-enabled\"><div class=\"robots-nocontent sd-block sd-social sd-social-icon sd-sharing\"><h3 class=\"sd-title\">Share this:<\/h3><div class=\"sd-content\"><ul><li class=\"share-print\"><a rel=\"nofollow noopener noreferrer\" data-shared=\"\" class=\"share-print sd-button share-icon no-text\" href=\"http:\/\/www.tecnos.cat\/ampa\/treskatecnos-ulldeter-iniciacio-raquetes-de-neu-inscriu-te\/\" target=\"_blank\" title=\"Click to print\" ><span><\/span><span class=\"sharing-screen-reader-text\">Click to print (Opens in new window)<\/span><\/a><\/li><li class=\"share-email\"><a rel=\"nofollow noopener noreferrer\" data-shared=\"\" class=\"share-email sd-button share-icon no-text\" href=\"mailto:?subject=%5BShared%20Post%5D%20TRESKATECNOS%3A%20Ulldeter%20-%20Iniciaci%C3%B3%20raquetes%20de%20neu%2C%20inscriu-te%21&body=http%3A%2F%2Fwww.tecnos.cat%2Fampa%2Ftreskatecnos-ulldeter-iniciacio-raquetes-de-neu-inscriu-te%2F&share=email\" target=\"_blank\" title=\"Click to email a link to a friend\" data-email-share-error-title=\"Do you have email set up?\" data-email-share-error-text=\"If you&#039;re having problems sharing via email, you might not have email set up for your browser. You may need to create a new email yourself.\" data-email-share-nonce=\"fd56eab5f6\" data-email-share-track-url=\"http:\/\/www.tecnos.cat\/ampa\/treskatecnos-ulldeter-iniciacio-raquetes-de-neu-inscriu-te\/?share=email\"><span><\/span><span class=\"sharing-screen-reader-text\">Click to email a link to a friend (Opens in new window)<\/span><\/a><\/li><li class=\"share-facebook\"><a rel=\"nofollow noopener noreferrer\" data-shared=\"sharing-facebook-2494\" class=\"share-facebook sd-button share-icon no-text\" href=\"http:\/\/www.tecnos.cat\/ampa\/treskatecnos-ulldeter-iniciacio-raquetes-de-neu-inscriu-te\/?share=facebook\" target=\"_blank\" title=\"Click to share on Facebook\" ><span><\/span><span class=\"sharing-screen-reader-text\">Click to share on Facebook (Opens in new window)<\/span><\/a><\/li><li class=\"share-linkedin\"><a rel=\"nofollow noopener noreferrer\" data-shared=\"sharing-linkedin-2494\" class=\"share-linkedin sd-button share-icon no-text\" href=\"http:\/\/www.tecnos.cat\/ampa\/treskatecnos-ulldeter-iniciacio-raquetes-de-neu-inscriu-te\/?share=linkedin\" target=\"_blank\" title=\"Click to share on LinkedIn\" ><span><\/span><span class=\"sharing-screen-reader-text\">Click to share on LinkedIn (Opens in new window)<\/span><\/a><\/li><li class=\"share-twitter\"><a rel=\"nofollow noopener noreferrer\" data-shared=\"sharing-twitter-2494\" class=\"share-twitter sd-button share-icon no-text\" href=\"http:\/\/www.tecnos.cat\/ampa\/treskatecnos-ulldeter-iniciacio-raquetes-de-neu-inscriu-te\/?share=twitter\" target=\"_blank\" title=\"Click to share on Twitter\" ><span><\/span><span class=\"sharing-screen-reader-text\">Click to share on Twitter (Opens in new window)<\/span><\/a><\/li><li class=\"share-end\"><\/li><\/ul><\/div><\/div><\/div>","protected":false},"author":1,"featured_media":0,"comment_status":"open","ping_status":"closed","sticky":false,"template":"","format":"standard","meta":{"jetpack_post_was_ever_published":false,"jetpack_publicize_message":"","jetpack_is_tweetstorm":false,"jetpack_publicize_feature_enabled":true},"categories":[1,33],"tags":[],"jetpack_publicize_connections":[],"jetpack_featured_media_url":"","jetpack_sharing_enabled":true,"jetpack_shortlink":"https:\/\/wp.me\/p3fByE-Ee","_links":{"self":[{"href":"http:\/\/www.tecnos.cat\/ampa\/wp-json\/wp\/v2\/posts\/2494"}],"collection":[{"href":"http:\/\/www.tecnos.cat\/ampa\/wp-json\/wp\/v2\/posts"}],"about":[{"href":"http:\/\/www.tecnos.cat\/ampa\/wp-json\/wp\/v2\/types\/post"}],"author":[{"embeddable":true,"href":"http:\/\/www.tecnos.cat\/ampa\/wp-json\/wp\/v2\/users\/1"}],"replies":[{"embeddable":true,"href":"http:\/\/www.tecnos.cat\/ampa\/wp-json\/wp\/v2\/comments?post=2494"}],"version-history":[{"count":26,"href":"http:\/\/www.tecnos.cat\/ampa\/wp-json\/wp\/v2\/posts\/2494\/revisions"}],"predecessor-version":[{"id":2575,"href":"http:\/\/www.tecnos.cat\/ampa\/wp-json\/wp\/v2\/posts\/2494\/revisions\/2575"}],"wp:attachment":[{"href":"http:\/\/www.tecnos.cat\/ampa\/wp-json\/wp\/v2\/media?parent=2494"}],"wp:term":[{"taxonomy":"category","embeddable":true,"href":"http:\/\/www.tecnos.cat\/ampa\/wp-json\/wp\/v2\/categories?post=2494"},{"taxonomy":"post_tag","embeddable":true,"href":"http:\/\/www.tecnos.cat\/ampa\/wp-json\/wp\/v2\/tags?post=2494"}],"curies":[{"name":"wp","href":"https:\/\/api.w.org\/{rel}","templated":true}]}}