{"id":2442,"date":"2016-12-01T21:32:05","date_gmt":"2016-12-01T21:32:05","guid":{"rendered":"http:\/\/www.tecnos.cat\/ampa\/?p=2442"},"modified":"2016-12-01T22:34:23","modified_gmt":"2016-12-01T22:34:23","slug":"marato-de-tv3","status":"publish","type":"post","link":"http:\/\/www.tecnos.cat\/ampa\/marato-de-tv3\/","title":{"rendered":"MARAT\u00d3 DE TV3"},"content":{"rendered":"<p>Enguany est\u00e0 destinada a recollir fons per combatre l\u2019ictus i les lesions\u00a0medul\u00b7lars i cerebrals traum\u00e0tiques.<\/p>\n<div><img class=\"alignleft\" src=\"http:\/\/tecnos.ip-zone.com\/mailing-manager\/domains\/tecnos_ip-zone_com\/files\/img\/\/marato-logo.jpg\" alt=\"\" data-cke-saved-src=\"http:\/\/tecnos.ip-zone.com\/mailing-manager\/domains\/tecnos_ip-zone_com\/files\/img\/\/marato-logo.jpg\" \/><\/div>\n<p><em>L&#8217;ICTUS \u00e9s una p\u00e8rdua sobtada de les funcions cerebrals causada per un\u00a0accident vascular. A Catalunya, \u00e9s la primera causa de mort en les dones i\u00a0la tercera en els homes. Cada any, n&#8217;hi ha m\u00e9s de 13.000 casos, 1.300 dels\u00a0quals en pacients m\u00e9s joves de 55 anys.<\/em><\/p>\n<p><em>Les LESIONS CEREBRALS per causes traum\u00e0tiques afecten \u00e0rees del cervell\u00a0responsables del moviment, de les sensacions i percepcions, de les emocions\u00a0i de la conducta, aix\u00ed com de l&#8217;atenci\u00f3, la mem\u00f2ria, el llenguatge i la\u00a0intel\u00b7lig\u00e8ncia. D&#8217;altra banda, les LESIONS MEDUL\u00b7LARS\u00a0poden provocar\u00a0par\u00e0lisi de la mobilitat volunt\u00e0ria i abs\u00e8ncia de sensibilitat per sota de\u00a0la zona afectada, aix\u00ed com altres trastorns i malalties derivades d&#8217;aquest\u00a0estat.<\/em><\/p>\n<p>Com s&#8217;ha fet els darrers anys, des de l\u2019escola s\u2019est\u00e0 treballant amb els nens i les nenes\u00a0la manera de participar amb la Marat\u00f3, per fomentar valors com la\u00a0solidaritat i la sensibilitat vers aquells que ho pateixen.\u00a0Aquest any participaran decorant pots de iogurt per poder-los vendre el\u00a0proper <span style=\"color: #ff6600;\"><strong>dissabte 17 de desembre a la parada del c\/ Major<\/strong><\/span>, a prop de la Pla\u00e7a Vella\u00a0durant tot el dia (<span style=\"color: #ff6600;\"><u><strong>de les 11h a les 20h o 21h del vespre<\/strong><\/u><\/span>). Tots els diners\u00a0que es recolliran aniran \u00edntegrament a la Marat\u00f3.<\/p>\n<p>Per aquest motiu, com a pares i mares <strong>us animem a que pugueu participar<\/strong>\u00a0en aquesta festa, o podent <strong>cobrir algun torn a la parada<\/strong>, juntament amb\u00a0els vostres fills\/es, per tal de fer la venta dels material que s\u2019haur\u00e0\u00a0preparat a les aules, <strong>o passant en algun moment per poder-ne comprar <\/strong>i aix\u00ed\u00a0contribuir en la Marat\u00f3.<\/p>\n<p>Tots aquells que vulgueu <span style=\"color: #ff6600;\"><strong>participar en un torn a la parada<\/strong><\/span>, agrair\u00edem que\u00a0ens pugueu <strong><span style=\"color: #ff6600;\">enviar un correu a<\/span><\/strong> <a href=\"mailto:solidari@tecnos.cat\" data-cke-saved-href=\"mailto:solidari@tecnos.cat\">solidari@tecnos.cat<\/a>\u00a0<strong><span style=\"color: #ff6600;\">indicant nom, tel\u00e8fon de contacte i franja hor\u00e0ria que us aniria b\u00e9 cobrir.<\/span><\/strong><\/p>\n<p><strong>Comissi\u00f3 Solid\u00e0ria<\/strong><\/p>\n<div class=\"sharedaddy sd-sharing-enabled\"><div class=\"robots-nocontent sd-block sd-social sd-social-icon sd-sharing\"><h3 class=\"sd-title\">Share this:<\/h3><div class=\"sd-content\"><ul><li class=\"share-print\"><a rel=\"nofollow noopener noreferrer\" data-shared=\"\" class=\"share-print sd-button share-icon no-text\" href=\"http:\/\/www.tecnos.cat\/ampa\/marato-de-tv3\/\" target=\"_blank\" title=\"Click to print\" ><span><\/span><span class=\"sharing-screen-reader-text\">Click to print (Opens in new window)<\/span><\/a><\/li><li class=\"share-email\"><a rel=\"nofollow noopener noreferrer\" data-shared=\"\" class=\"share-email sd-button share-icon no-text\" href=\"mailto:?subject=%5BShared%20Post%5D%20MARAT%C3%93%20DE%20TV3&body=http%3A%2F%2Fwww.tecnos.cat%2Fampa%2Fmarato-de-tv3%2F&share=email\" target=\"_blank\" title=\"Click to email a link to a friend\" data-email-share-error-title=\"Do you have email set up?\" data-email-share-error-text=\"If you&#039;re having problems sharing via email, you might not have email set up for your browser. You may need to create a new email yourself.\" data-email-share-nonce=\"72dbec855a\" data-email-share-track-url=\"http:\/\/www.tecnos.cat\/ampa\/marato-de-tv3\/?share=email\"><span><\/span><span class=\"sharing-screen-reader-text\">Click to email a link to a friend (Opens in new window)<\/span><\/a><\/li><li class=\"share-facebook\"><a rel=\"nofollow noopener noreferrer\" data-shared=\"sharing-facebook-2442\" class=\"share-facebook sd-button share-icon no-text\" href=\"http:\/\/www.tecnos.cat\/ampa\/marato-de-tv3\/?share=facebook\" target=\"_blank\" title=\"Click to share on Facebook\" ><span><\/span><span class=\"sharing-screen-reader-text\">Click to share on Facebook (Opens in new window)<\/span><\/a><\/li><li class=\"share-linkedin\"><a rel=\"nofollow noopener noreferrer\" data-shared=\"sharing-linkedin-2442\" class=\"share-linkedin sd-button share-icon no-text\" href=\"http:\/\/www.tecnos.cat\/ampa\/marato-de-tv3\/?share=linkedin\" target=\"_blank\" title=\"Click to share on LinkedIn\" ><span><\/span><span class=\"sharing-screen-reader-text\">Click to share on LinkedIn (Opens in new window)<\/span><\/a><\/li><li class=\"share-twitter\"><a rel=\"nofollow noopener noreferrer\" data-shared=\"sharing-twitter-2442\" class=\"share-twitter sd-button share-icon no-text\" href=\"http:\/\/www.tecnos.cat\/ampa\/marato-de-tv3\/?share=twitter\" target=\"_blank\" title=\"Click to share on Twitter\" ><span><\/span><span class=\"sharing-screen-reader-text\">Click to share on Twitter (Opens in new window)<\/span><\/a><\/li><li class=\"share-end\"><\/li><\/ul><\/div><\/div><\/div>","protected":false},"excerpt":{"rendered":"<p>Enguany est\u00e0 destinada a recollir fons per combatre l\u2019ictus i les lesions\u00a0medul\u00b7lars i cerebrals traum\u00e0tiques. L&#8217;ICTUS \u00e9s una p\u00e8rdua sobtada de les funcions cerebrals causada per un\u00a0accident vascular. A Catalunya, \u00e9s la primera causa de mort en les dones i\u00a0la tercera en els homes. Cada any, n&#8217;hi ha m\u00e9s de 13.000 casos, 1.300 dels\u00a0quals en &hellip; <a href=\"http:\/\/www.tecnos.cat\/ampa\/marato-de-tv3\/\" class=\"more-link\">Continua la lectura de <span class=\"screen-reader-text\">MARAT\u00d3 DE TV3<\/span><\/a><\/p>\n<div class=\"sharedaddy sd-sharing-enabled\"><div class=\"robots-nocontent sd-block sd-social sd-social-icon sd-sharing\"><h3 class=\"sd-title\">Share this:<\/h3><div class=\"sd-content\"><ul><li class=\"share-print\"><a rel=\"nofollow noopener noreferrer\" data-shared=\"\" class=\"share-print sd-button share-icon no-text\" href=\"http:\/\/www.tecnos.cat\/ampa\/marato-de-tv3\/\" target=\"_blank\" title=\"Click to print\" ><span><\/span><span class=\"sharing-screen-reader-text\">Click to print (Opens in new window)<\/span><\/a><\/li><li class=\"share-email\"><a rel=\"nofollow noopener noreferrer\" data-shared=\"\" class=\"share-email sd-button share-icon no-text\" href=\"mailto:?subject=%5BShared%20Post%5D%20MARAT%C3%93%20DE%20TV3&body=http%3A%2F%2Fwww.tecnos.cat%2Fampa%2Fmarato-de-tv3%2F&share=email\" target=\"_blank\" title=\"Click to email a link to a friend\" data-email-share-error-title=\"Do you have email set up?\" data-email-share-error-text=\"If you&#039;re having problems sharing via email, you might not have email set up for your browser. You may need to create a new email yourself.\" data-email-share-nonce=\"72dbec855a\" data-email-share-track-url=\"http:\/\/www.tecnos.cat\/ampa\/marato-de-tv3\/?share=email\"><span><\/span><span class=\"sharing-screen-reader-text\">Click to email a link to a friend (Opens in new window)<\/span><\/a><\/li><li class=\"share-facebook\"><a rel=\"nofollow noopener noreferrer\" data-shared=\"sharing-facebook-2442\" class=\"share-facebook sd-button share-icon no-text\" href=\"http:\/\/www.tecnos.cat\/ampa\/marato-de-tv3\/?share=facebook\" target=\"_blank\" title=\"Click to share on Facebook\" ><span><\/span><span class=\"sharing-screen-reader-text\">Click to share on Facebook (Opens in new window)<\/span><\/a><\/li><li class=\"share-linkedin\"><a rel=\"nofollow noopener noreferrer\" data-shared=\"sharing-linkedin-2442\" class=\"share-linkedin sd-button share-icon no-text\" href=\"http:\/\/www.tecnos.cat\/ampa\/marato-de-tv3\/?share=linkedin\" target=\"_blank\" title=\"Click to share on LinkedIn\" ><span><\/span><span class=\"sharing-screen-reader-text\">Click to share on LinkedIn (Opens in new window)<\/span><\/a><\/li><li class=\"share-twitter\"><a rel=\"nofollow noopener noreferrer\" data-shared=\"sharing-twitter-2442\" class=\"share-twitter sd-button share-icon no-text\" href=\"http:\/\/www.tecnos.cat\/ampa\/marato-de-tv3\/?share=twitter\" target=\"_blank\" title=\"Click to share on Twitter\" ><span><\/span><span class=\"sharing-screen-reader-text\">Click to share on Twitter (Opens in new window)<\/span><\/a><\/li><li class=\"share-end\"><\/li><\/ul><\/div><\/div><\/div>","protected":false},"author":1,"featured_media":0,"comment_status":"open","ping_status":"closed","sticky":false,"template":"","format":"standard","meta":{"jetpack_post_was_ever_published":false,"jetpack_publicize_message":"","jetpack_is_tweetstorm":false,"jetpack_publicize_feature_enabled":true},"categories":[1],"tags":[],"jetpack_publicize_connections":[],"jetpack_featured_media_url":"","jetpack_sharing_enabled":true,"jetpack_shortlink":"https:\/\/wp.me\/p3fByE-Do","_links":{"self":[{"href":"http:\/\/www.tecnos.cat\/ampa\/wp-json\/wp\/v2\/posts\/2442"}],"collection":[{"href":"http:\/\/www.tecnos.cat\/ampa\/wp-json\/wp\/v2\/posts"}],"about":[{"href":"http:\/\/www.tecnos.cat\/ampa\/wp-json\/wp\/v2\/types\/post"}],"author":[{"embeddable":true,"href":"http:\/\/www.tecnos.cat\/ampa\/wp-json\/wp\/v2\/users\/1"}],"replies":[{"embeddable":true,"href":"http:\/\/www.tecnos.cat\/ampa\/wp-json\/wp\/v2\/comments?post=2442"}],"version-history":[{"count":8,"href":"http:\/\/www.tecnos.cat\/ampa\/wp-json\/wp\/v2\/posts\/2442\/revisions"}],"predecessor-version":[{"id":2456,"href":"http:\/\/www.tecnos.cat\/ampa\/wp-json\/wp\/v2\/posts\/2442\/revisions\/2456"}],"wp:attachment":[{"href":"http:\/\/www.tecnos.cat\/ampa\/wp-json\/wp\/v2\/media?parent=2442"}],"wp:term":[{"taxonomy":"category","embeddable":true,"href":"http:\/\/www.tecnos.cat\/ampa\/wp-json\/wp\/v2\/categories?post=2442"},{"taxonomy":"post_tag","embeddable":true,"href":"http:\/\/www.tecnos.cat\/ampa\/wp-json\/wp\/v2\/tags?post=2442"}],"curies":[{"name":"wp","href":"https:\/\/api.w.org\/{rel}","templated":true}]}}