{"id":2356,"date":"2016-11-04T09:44:51","date_gmt":"2016-11-04T09:44:51","guid":{"rendered":"http:\/\/www.tecnos.cat\/ampa\/?p=2356"},"modified":"2016-11-06T20:45:34","modified_gmt":"2016-11-06T20:45:34","slug":"rellinars-les-fonts-cami-ral-casajoana-el-proper-13-de-novembre","status":"publish","type":"post","link":"http:\/\/www.tecnos.cat\/ampa\/rellinars-les-fonts-cami-ral-casajoana-el-proper-13-de-novembre\/","title":{"rendered":"RELLINARS: LES FONTS &#8211; CAM\u00cd RAL &#8211; CASAJOANA, el proper 13 de novembre"},"content":{"rendered":"<p>Hola\u00a0<b>Treskaires<\/b>!<\/p>\n<p>Amb el curs ja engegat, tornen les sortides per con\u00e8ixer millor el territori, per con\u00e8ixer-nos millor entre nosaltres i gaudir d\u2019un dia de natura i bona companyia!<\/p>\n<p><img loading=\"lazy\" class=\"alignleft size-full wp-image-2374\" src=\"http:\/\/www.tecnos.cat\/ampa\/wp-content\/uploads\/2016\/11\/Imatge-rellinars-2.jpg\" alt=\"imatge-rellinars-2\" width=\"272\" height=\"205\" \/>Dia:\u00a0<b>13 de novembre\u00a0de 2016<\/b><\/p>\n<p>Hora d\u2019inici:\u00a0<b>9:00 h<\/b><\/p>\n<p>Punt d\u2019inici: <b>Aparcament de les Fonts de Rellinars (seguir direcci\u00f3 \u201cla f\u00e0brica\u201d i un cop all\u00e0, direcci\u00f3 les Fonts). S\u2019hi arriba en cotxe.<\/b><\/p>\n<p><a href=\"http:\/\/www.tecnos.cat\/ampa\/wp-content\/uploads\/2016\/11\/Fitxa_Rellinars.pdf\" target=\"_blank\"><strong>\u00bbFITXA SORTIDA\u00a0<\/strong><\/a><\/p>\n<p>Aquesta activitat no t\u00e9 inscripci\u00f3 pr\u00e8via per\u00f2, cal saber que abans d\u2019iniciar l\u2019activitat caldr\u00e0 signar un document de desc\u00e0rrega. Farem el grup amb les fam\u00edlies que siguin al lloc i hora de la convocat\u00f2ria. Sigueu puntuals i REPASSEU LES INDICACIONS DE LA FITXA.<\/p>\n<p>Dinarem al mateix lloc on haurem deixat el cotxe al mat\u00ed, per tant no caldr\u00e0 carregar-lo. Com sempre, carmanyola o entrepans depenen de cadasc\u00fa.<\/p>\n<p>Si hi ha possibilitat de mal temps, el dissabte dia 12 de novembre a les 20 hores es penjar\u00e0 una nota al blog i al Facebook per avisar si s\u2019anul\u00b7la o mant\u00e9 l\u2019activitat.<\/p>\n<p>Si teniu propostes, idees, comentaris, o encara millor, si us voleu afegir a la comissi\u00f3 <b>Treskatecnos<\/b>, nom\u00e9s cal que ens ho feu saber.<\/p>\n<p>Per qualsevol consulta, podeu contactar-nos a l\u2019adre\u00e7a\u00a0<a href=\"mailto:treskatecnos@tecnos.cat\">treskatecnos<\/a><a href=\"mailto:treskatecnos@tecnos.cat\">@<\/a><a href=\"mailto:treskatecnos@tecnos.cat\">tecnos.cat<\/a>\u00a0o, el dia de la sortida als tel\u00e8fons 654706352 (Carles), 645174230 (Javier), 636579712 (Xavi), 659146237 (David) o 606666004 (S\u00edlvia).<\/p>\n<p><b>Esperem ser una bona colla de nou, no hi falteu!<\/b><\/p>\n<div class=\"sharedaddy sd-sharing-enabled\"><div class=\"robots-nocontent sd-block sd-social sd-social-icon sd-sharing\"><h3 class=\"sd-title\">Share this:<\/h3><div class=\"sd-content\"><ul><li class=\"share-print\"><a rel=\"nofollow noopener noreferrer\" data-shared=\"\" class=\"share-print sd-button share-icon no-text\" href=\"http:\/\/www.tecnos.cat\/ampa\/rellinars-les-fonts-cami-ral-casajoana-el-proper-13-de-novembre\/\" target=\"_blank\" title=\"Click to print\" ><span><\/span><span class=\"sharing-screen-reader-text\">Click to print (Opens in new window)<\/span><\/a><\/li><li class=\"share-email\"><a rel=\"nofollow noopener noreferrer\" data-shared=\"\" class=\"share-email sd-button share-icon no-text\" href=\"mailto:?subject=%5BShared%20Post%5D%20RELLINARS%3A%20LES%20FONTS%20-%20CAM%C3%8D%20RAL%20-%20CASAJOANA%2C%20el%20proper%2013%20de%20novembre&body=http%3A%2F%2Fwww.tecnos.cat%2Fampa%2Frellinars-les-fonts-cami-ral-casajoana-el-proper-13-de-novembre%2F&share=email\" target=\"_blank\" title=\"Click to email a link to a friend\" data-email-share-error-title=\"Do you have email set up?\" data-email-share-error-text=\"If you&#039;re having problems sharing via email, you might not have email set up for your browser. You may need to create a new email yourself.\" data-email-share-nonce=\"f2b3aebb78\" data-email-share-track-url=\"http:\/\/www.tecnos.cat\/ampa\/rellinars-les-fonts-cami-ral-casajoana-el-proper-13-de-novembre\/?share=email\"><span><\/span><span class=\"sharing-screen-reader-text\">Click to email a link to a friend (Opens in new window)<\/span><\/a><\/li><li class=\"share-facebook\"><a rel=\"nofollow noopener noreferrer\" data-shared=\"sharing-facebook-2356\" class=\"share-facebook sd-button share-icon no-text\" href=\"http:\/\/www.tecnos.cat\/ampa\/rellinars-les-fonts-cami-ral-casajoana-el-proper-13-de-novembre\/?share=facebook\" target=\"_blank\" title=\"Click to share on Facebook\" ><span><\/span><span class=\"sharing-screen-reader-text\">Click to share on Facebook (Opens in new window)<\/span><\/a><\/li><li class=\"share-linkedin\"><a rel=\"nofollow noopener noreferrer\" data-shared=\"sharing-linkedin-2356\" class=\"share-linkedin sd-button share-icon no-text\" href=\"http:\/\/www.tecnos.cat\/ampa\/rellinars-les-fonts-cami-ral-casajoana-el-proper-13-de-novembre\/?share=linkedin\" target=\"_blank\" title=\"Click to share on LinkedIn\" ><span><\/span><span class=\"sharing-screen-reader-text\">Click to share on LinkedIn (Opens in new window)<\/span><\/a><\/li><li class=\"share-twitter\"><a rel=\"nofollow noopener noreferrer\" data-shared=\"sharing-twitter-2356\" class=\"share-twitter sd-button share-icon no-text\" href=\"http:\/\/www.tecnos.cat\/ampa\/rellinars-les-fonts-cami-ral-casajoana-el-proper-13-de-novembre\/?share=twitter\" target=\"_blank\" title=\"Click to share on Twitter\" ><span><\/span><span class=\"sharing-screen-reader-text\">Click to share on Twitter (Opens in new window)<\/span><\/a><\/li><li class=\"share-end\"><\/li><\/ul><\/div><\/div><\/div>","protected":false},"excerpt":{"rendered":"<p>Hola\u00a0Treskaires! Amb el curs ja engegat, tornen les sortides per con\u00e8ixer millor el territori, per con\u00e8ixer-nos millor entre nosaltres i gaudir d\u2019un dia de natura i bona companyia! Dia:\u00a013 de novembre\u00a0de 2016 Hora d\u2019inici:\u00a09:00 h Punt d\u2019inici: Aparcament de les Fonts de Rellinars (seguir direcci\u00f3 \u201cla f\u00e0brica\u201d i un cop all\u00e0, direcci\u00f3 les Fonts). S\u2019hi &hellip; <a href=\"http:\/\/www.tecnos.cat\/ampa\/rellinars-les-fonts-cami-ral-casajoana-el-proper-13-de-novembre\/\" class=\"more-link\">Continua la lectura de <span class=\"screen-reader-text\">RELLINARS: LES FONTS &#8211; CAM\u00cd RAL &#8211; CASAJOANA, el proper 13 de novembre<\/span><\/a><\/p>\n<div class=\"sharedaddy sd-sharing-enabled\"><div class=\"robots-nocontent sd-block sd-social sd-social-icon sd-sharing\"><h3 class=\"sd-title\">Share this:<\/h3><div class=\"sd-content\"><ul><li class=\"share-print\"><a rel=\"nofollow noopener noreferrer\" data-shared=\"\" class=\"share-print sd-button share-icon no-text\" href=\"http:\/\/www.tecnos.cat\/ampa\/rellinars-les-fonts-cami-ral-casajoana-el-proper-13-de-novembre\/\" target=\"_blank\" title=\"Click to print\" ><span><\/span><span class=\"sharing-screen-reader-text\">Click to print (Opens in new window)<\/span><\/a><\/li><li class=\"share-email\"><a rel=\"nofollow noopener noreferrer\" data-shared=\"\" class=\"share-email sd-button share-icon no-text\" href=\"mailto:?subject=%5BShared%20Post%5D%20RELLINARS%3A%20LES%20FONTS%20-%20CAM%C3%8D%20RAL%20-%20CASAJOANA%2C%20el%20proper%2013%20de%20novembre&body=http%3A%2F%2Fwww.tecnos.cat%2Fampa%2Frellinars-les-fonts-cami-ral-casajoana-el-proper-13-de-novembre%2F&share=email\" target=\"_blank\" title=\"Click to email a link to a friend\" data-email-share-error-title=\"Do you have email set up?\" data-email-share-error-text=\"If you&#039;re having problems sharing via email, you might not have email set up for your browser. You may need to create a new email yourself.\" data-email-share-nonce=\"f2b3aebb78\" data-email-share-track-url=\"http:\/\/www.tecnos.cat\/ampa\/rellinars-les-fonts-cami-ral-casajoana-el-proper-13-de-novembre\/?share=email\"><span><\/span><span class=\"sharing-screen-reader-text\">Click to email a link to a friend (Opens in new window)<\/span><\/a><\/li><li class=\"share-facebook\"><a rel=\"nofollow noopener noreferrer\" data-shared=\"sharing-facebook-2356\" class=\"share-facebook sd-button share-icon no-text\" href=\"http:\/\/www.tecnos.cat\/ampa\/rellinars-les-fonts-cami-ral-casajoana-el-proper-13-de-novembre\/?share=facebook\" target=\"_blank\" title=\"Click to share on Facebook\" ><span><\/span><span class=\"sharing-screen-reader-text\">Click to share on Facebook (Opens in new window)<\/span><\/a><\/li><li class=\"share-linkedin\"><a rel=\"nofollow noopener noreferrer\" data-shared=\"sharing-linkedin-2356\" class=\"share-linkedin sd-button share-icon no-text\" href=\"http:\/\/www.tecnos.cat\/ampa\/rellinars-les-fonts-cami-ral-casajoana-el-proper-13-de-novembre\/?share=linkedin\" target=\"_blank\" title=\"Click to share on LinkedIn\" ><span><\/span><span class=\"sharing-screen-reader-text\">Click to share on LinkedIn (Opens in new window)<\/span><\/a><\/li><li class=\"share-twitter\"><a rel=\"nofollow noopener noreferrer\" data-shared=\"sharing-twitter-2356\" class=\"share-twitter sd-button share-icon no-text\" href=\"http:\/\/www.tecnos.cat\/ampa\/rellinars-les-fonts-cami-ral-casajoana-el-proper-13-de-novembre\/?share=twitter\" target=\"_blank\" title=\"Click to share on Twitter\" ><span><\/span><span class=\"sharing-screen-reader-text\">Click to share on Twitter (Opens in new window)<\/span><\/a><\/li><li class=\"share-end\"><\/li><\/ul><\/div><\/div><\/div>","protected":false},"author":1,"featured_media":0,"comment_status":"open","ping_status":"closed","sticky":false,"template":"","format":"standard","meta":{"jetpack_post_was_ever_published":false,"jetpack_publicize_message":"","jetpack_is_tweetstorm":false,"jetpack_publicize_feature_enabled":true},"categories":[33],"tags":[],"jetpack_publicize_connections":[],"jetpack_featured_media_url":"","jetpack_sharing_enabled":true,"jetpack_shortlink":"https:\/\/wp.me\/p3fByE-C0","_links":{"self":[{"href":"http:\/\/www.tecnos.cat\/ampa\/wp-json\/wp\/v2\/posts\/2356"}],"collection":[{"href":"http:\/\/www.tecnos.cat\/ampa\/wp-json\/wp\/v2\/posts"}],"about":[{"href":"http:\/\/www.tecnos.cat\/ampa\/wp-json\/wp\/v2\/types\/post"}],"author":[{"embeddable":true,"href":"http:\/\/www.tecnos.cat\/ampa\/wp-json\/wp\/v2\/users\/1"}],"replies":[{"embeddable":true,"href":"http:\/\/www.tecnos.cat\/ampa\/wp-json\/wp\/v2\/comments?post=2356"}],"version-history":[{"count":21,"href":"http:\/\/www.tecnos.cat\/ampa\/wp-json\/wp\/v2\/posts\/2356\/revisions"}],"predecessor-version":[{"id":2388,"href":"http:\/\/www.tecnos.cat\/ampa\/wp-json\/wp\/v2\/posts\/2356\/revisions\/2388"}],"wp:attachment":[{"href":"http:\/\/www.tecnos.cat\/ampa\/wp-json\/wp\/v2\/media?parent=2356"}],"wp:term":[{"taxonomy":"category","embeddable":true,"href":"http:\/\/www.tecnos.cat\/ampa\/wp-json\/wp\/v2\/categories?post=2356"},{"taxonomy":"post_tag","embeddable":true,"href":"http:\/\/www.tecnos.cat\/ampa\/wp-json\/wp\/v2\/tags?post=2356"}],"curies":[{"name":"wp","href":"https:\/\/api.w.org\/{rel}","templated":true}]}}