{"id":2288,"date":"2016-05-02T22:33:40","date_gmt":"2016-05-02T22:33:40","guid":{"rendered":"http:\/\/www.tecnos.cat\/ampa\/?p=2288"},"modified":"2016-05-02T22:40:25","modified_gmt":"2016-05-02T22:40:25","slug":"xerrada-escola-de-pareson-son-les-habilitats-socials-dels-nostres-fillsles-potenciem-o-les-debilitem","status":"publish","type":"post","link":"http:\/\/www.tecnos.cat\/ampa\/xerrada-escola-de-pareson-son-les-habilitats-socials-dels-nostres-fillsles-potenciem-o-les-debilitem\/","title":{"rendered":"xerrada escola de pares:On s\u00f3n les habilitats socials dels nostres fills?Les potenciem o les debilitem?"},"content":{"rendered":"<p><strong>DIJOUS, 5 de MAIG, a les 8.00 del vespre, <\/strong><strong>a la SALA D\u2019ACTES de l&#8217;escola.<\/strong><\/p>\n<p><strong>On s\u00f3n les habilitats socials dels nostres fills?<\/strong><strong>Les potenciem o les debilitem? amb\u00a0<\/strong><strong>Ruth Garc\u00eda<\/strong><\/p>\n<p>&nbsp;<\/p>\n<p>Psic\u00f2loga d&#8217;Actiuhum\u00e0, especialista en educaci\u00f3 emocional i habilitats socials.<br \/>\nResponsable i Coordinadora de l&#8217;Emotion-Room, taller de gesti\u00f3 emocional per a infants i del taller d&#8217;Habilitats Socials per Adolescents.<\/p>\n<p>Parlarem de relacions socials positives en els nens\/es i com d&#8217;importants s\u00f3n per ser feli\u00e7os.<\/p>\n<p><a href=\"http:\/\/www.tecnos.cat\/ampa\/wp-content\/uploads\/2016\/05\/cartell-relacions-socials-positives.pdf\" target=\"_blank\">Cartell aqu\u00ed<\/a><br \/>\n<img loading=\"lazy\" class=\"aligncenter size-full wp-image-1988\" src=\"http:\/\/www.tecnos.cat\/ampa\/wp-content\/uploads\/2015\/04\/tecnos-escola-de-pares.jpg\" alt=\"tecnos-escola-de-pares\" width=\"432\" height=\"174\" srcset=\"http:\/\/www.tecnos.cat\/ampa\/wp-content\/uploads\/2015\/04\/tecnos-escola-de-pares.jpg 432w, http:\/\/www.tecnos.cat\/ampa\/wp-content\/uploads\/2015\/04\/tecnos-escola-de-pares-300x121.jpg 300w\" sizes=\"(max-width: 432px) 100vw, 432px\" \/><\/p>\n<div class=\"sharedaddy sd-sharing-enabled\"><div class=\"robots-nocontent sd-block sd-social sd-social-icon sd-sharing\"><h3 class=\"sd-title\">Share this:<\/h3><div class=\"sd-content\"><ul><li class=\"share-print\"><a rel=\"nofollow noopener noreferrer\" data-shared=\"\" class=\"share-print sd-button share-icon no-text\" href=\"http:\/\/www.tecnos.cat\/ampa\/xerrada-escola-de-pareson-son-les-habilitats-socials-dels-nostres-fillsles-potenciem-o-les-debilitem\/\" target=\"_blank\" title=\"Click to print\" ><span><\/span><span class=\"sharing-screen-reader-text\">Click to print (Opens in new window)<\/span><\/a><\/li><li class=\"share-email\"><a rel=\"nofollow noopener noreferrer\" data-shared=\"\" class=\"share-email sd-button share-icon no-text\" href=\"mailto:?subject=%5BShared%20Post%5D%20xerrada%20escola%20de%20pares%3AOn%20s%C3%B3n%20les%20habilitats%20socials%20dels%20nostres%20fills%3FLes%20potenciem%20o%20les%20debilitem%3F&body=http%3A%2F%2Fwww.tecnos.cat%2Fampa%2Fxerrada-escola-de-pareson-son-les-habilitats-socials-dels-nostres-fillsles-potenciem-o-les-debilitem%2F&share=email\" target=\"_blank\" title=\"Click to email a link to a friend\" data-email-share-error-title=\"Do you have email set up?\" data-email-share-error-text=\"If you&#039;re having problems sharing via email, you might not have email set up for your browser. You may need to create a new email yourself.\" data-email-share-nonce=\"32a60d522a\" data-email-share-track-url=\"http:\/\/www.tecnos.cat\/ampa\/xerrada-escola-de-pareson-son-les-habilitats-socials-dels-nostres-fillsles-potenciem-o-les-debilitem\/?share=email\"><span><\/span><span class=\"sharing-screen-reader-text\">Click to email a link to a friend (Opens in new window)<\/span><\/a><\/li><li class=\"share-facebook\"><a rel=\"nofollow noopener noreferrer\" data-shared=\"sharing-facebook-2288\" class=\"share-facebook sd-button share-icon no-text\" href=\"http:\/\/www.tecnos.cat\/ampa\/xerrada-escola-de-pareson-son-les-habilitats-socials-dels-nostres-fillsles-potenciem-o-les-debilitem\/?share=facebook\" target=\"_blank\" title=\"Click to share on Facebook\" ><span><\/span><span class=\"sharing-screen-reader-text\">Click to share on Facebook (Opens in new window)<\/span><\/a><\/li><li class=\"share-linkedin\"><a rel=\"nofollow noopener noreferrer\" data-shared=\"sharing-linkedin-2288\" class=\"share-linkedin sd-button share-icon no-text\" href=\"http:\/\/www.tecnos.cat\/ampa\/xerrada-escola-de-pareson-son-les-habilitats-socials-dels-nostres-fillsles-potenciem-o-les-debilitem\/?share=linkedin\" target=\"_blank\" title=\"Click to share on LinkedIn\" ><span><\/span><span class=\"sharing-screen-reader-text\">Click to share on LinkedIn (Opens in new window)<\/span><\/a><\/li><li class=\"share-twitter\"><a rel=\"nofollow noopener noreferrer\" data-shared=\"sharing-twitter-2288\" class=\"share-twitter sd-button share-icon no-text\" href=\"http:\/\/www.tecnos.cat\/ampa\/xerrada-escola-de-pareson-son-les-habilitats-socials-dels-nostres-fillsles-potenciem-o-les-debilitem\/?share=twitter\" target=\"_blank\" title=\"Click to share on Twitter\" ><span><\/span><span class=\"sharing-screen-reader-text\">Click to share on Twitter (Opens in new window)<\/span><\/a><\/li><li class=\"share-end\"><\/li><\/ul><\/div><\/div><\/div>","protected":false},"excerpt":{"rendered":"<p>DIJOUS, 5 de MAIG, a les 8.00 del vespre, a la SALA D\u2019ACTES de l&#8217;escola. On s\u00f3n les habilitats socials dels nostres fills?Les potenciem o les debilitem? amb\u00a0Ruth Garc\u00eda &nbsp; Psic\u00f2loga d&#8217;Actiuhum\u00e0, especialista en educaci\u00f3 emocional i habilitats socials. Responsable i Coordinadora de l&#8217;Emotion-Room, taller de gesti\u00f3 emocional per a infants i del taller d&#8217;Habilitats &hellip; <a href=\"http:\/\/www.tecnos.cat\/ampa\/xerrada-escola-de-pareson-son-les-habilitats-socials-dels-nostres-fillsles-potenciem-o-les-debilitem\/\" class=\"more-link\">Continua la lectura de <span class=\"screen-reader-text\">xerrada escola de pares:On s\u00f3n les habilitats socials dels nostres fills?Les potenciem o les debilitem?<\/span><\/a><\/p>\n<div class=\"sharedaddy sd-sharing-enabled\"><div class=\"robots-nocontent sd-block sd-social sd-social-icon sd-sharing\"><h3 class=\"sd-title\">Share this:<\/h3><div class=\"sd-content\"><ul><li class=\"share-print\"><a rel=\"nofollow noopener noreferrer\" data-shared=\"\" class=\"share-print sd-button share-icon no-text\" href=\"http:\/\/www.tecnos.cat\/ampa\/xerrada-escola-de-pareson-son-les-habilitats-socials-dels-nostres-fillsles-potenciem-o-les-debilitem\/\" target=\"_blank\" title=\"Click to print\" ><span><\/span><span class=\"sharing-screen-reader-text\">Click to print (Opens in new window)<\/span><\/a><\/li><li class=\"share-email\"><a rel=\"nofollow noopener noreferrer\" data-shared=\"\" class=\"share-email sd-button share-icon no-text\" href=\"mailto:?subject=%5BShared%20Post%5D%20xerrada%20escola%20de%20pares%3AOn%20s%C3%B3n%20les%20habilitats%20socials%20dels%20nostres%20fills%3FLes%20potenciem%20o%20les%20debilitem%3F&body=http%3A%2F%2Fwww.tecnos.cat%2Fampa%2Fxerrada-escola-de-pareson-son-les-habilitats-socials-dels-nostres-fillsles-potenciem-o-les-debilitem%2F&share=email\" target=\"_blank\" title=\"Click to email a link to a friend\" data-email-share-error-title=\"Do you have email set up?\" data-email-share-error-text=\"If you&#039;re having problems sharing via email, you might not have email set up for your browser. You may need to create a new email yourself.\" data-email-share-nonce=\"32a60d522a\" data-email-share-track-url=\"http:\/\/www.tecnos.cat\/ampa\/xerrada-escola-de-pareson-son-les-habilitats-socials-dels-nostres-fillsles-potenciem-o-les-debilitem\/?share=email\"><span><\/span><span class=\"sharing-screen-reader-text\">Click to email a link to a friend (Opens in new window)<\/span><\/a><\/li><li class=\"share-facebook\"><a rel=\"nofollow noopener noreferrer\" data-shared=\"sharing-facebook-2288\" class=\"share-facebook sd-button share-icon no-text\" href=\"http:\/\/www.tecnos.cat\/ampa\/xerrada-escola-de-pareson-son-les-habilitats-socials-dels-nostres-fillsles-potenciem-o-les-debilitem\/?share=facebook\" target=\"_blank\" title=\"Click to share on Facebook\" ><span><\/span><span class=\"sharing-screen-reader-text\">Click to share on Facebook (Opens in new window)<\/span><\/a><\/li><li class=\"share-linkedin\"><a rel=\"nofollow noopener noreferrer\" data-shared=\"sharing-linkedin-2288\" class=\"share-linkedin sd-button share-icon no-text\" href=\"http:\/\/www.tecnos.cat\/ampa\/xerrada-escola-de-pareson-son-les-habilitats-socials-dels-nostres-fillsles-potenciem-o-les-debilitem\/?share=linkedin\" target=\"_blank\" title=\"Click to share on LinkedIn\" ><span><\/span><span class=\"sharing-screen-reader-text\">Click to share on LinkedIn (Opens in new window)<\/span><\/a><\/li><li class=\"share-twitter\"><a rel=\"nofollow noopener noreferrer\" data-shared=\"sharing-twitter-2288\" class=\"share-twitter sd-button share-icon no-text\" href=\"http:\/\/www.tecnos.cat\/ampa\/xerrada-escola-de-pareson-son-les-habilitats-socials-dels-nostres-fillsles-potenciem-o-les-debilitem\/?share=twitter\" target=\"_blank\" title=\"Click to share on Twitter\" ><span><\/span><span class=\"sharing-screen-reader-text\">Click to share on Twitter (Opens in new window)<\/span><\/a><\/li><li class=\"share-end\"><\/li><\/ul><\/div><\/div><\/div>","protected":false},"author":1,"featured_media":0,"comment_status":"open","ping_status":"closed","sticky":false,"template":"","format":"standard","meta":{"jetpack_post_was_ever_published":false,"jetpack_publicize_message":"","jetpack_is_tweetstorm":false,"jetpack_publicize_feature_enabled":true},"categories":[9],"tags":[],"jetpack_publicize_connections":[],"jetpack_featured_media_url":"","jetpack_sharing_enabled":true,"jetpack_shortlink":"https:\/\/wp.me\/p3fByE-AU","_links":{"self":[{"href":"http:\/\/www.tecnos.cat\/ampa\/wp-json\/wp\/v2\/posts\/2288"}],"collection":[{"href":"http:\/\/www.tecnos.cat\/ampa\/wp-json\/wp\/v2\/posts"}],"about":[{"href":"http:\/\/www.tecnos.cat\/ampa\/wp-json\/wp\/v2\/types\/post"}],"author":[{"embeddable":true,"href":"http:\/\/www.tecnos.cat\/ampa\/wp-json\/wp\/v2\/users\/1"}],"replies":[{"embeddable":true,"href":"http:\/\/www.tecnos.cat\/ampa\/wp-json\/wp\/v2\/comments?post=2288"}],"version-history":[{"count":2,"href":"http:\/\/www.tecnos.cat\/ampa\/wp-json\/wp\/v2\/posts\/2288\/revisions"}],"predecessor-version":[{"id":2291,"href":"http:\/\/www.tecnos.cat\/ampa\/wp-json\/wp\/v2\/posts\/2288\/revisions\/2291"}],"wp:attachment":[{"href":"http:\/\/www.tecnos.cat\/ampa\/wp-json\/wp\/v2\/media?parent=2288"}],"wp:term":[{"taxonomy":"category","embeddable":true,"href":"http:\/\/www.tecnos.cat\/ampa\/wp-json\/wp\/v2\/categories?post=2288"},{"taxonomy":"post_tag","embeddable":true,"href":"http:\/\/www.tecnos.cat\/ampa\/wp-json\/wp\/v2\/tags?post=2288"}],"curies":[{"name":"wp","href":"https:\/\/api.w.org\/{rel}","templated":true}]}}