{"id":2252,"date":"2016-03-05T13:09:15","date_gmt":"2016-03-05T13:09:15","guid":{"rendered":"http:\/\/www.tecnos.cat\/ampa\/?p=2252"},"modified":"2016-03-13T21:28:16","modified_gmt":"2016-03-13T21:28:16","slug":"treskatecnos-a-la-vall-dhorta-el-proper-dia-13-de-marc","status":"publish","type":"post","link":"http:\/\/www.tecnos.cat\/ampa\/treskatecnos-a-la-vall-dhorta-el-proper-dia-13-de-marc\/","title":{"rendered":"Treskatecnos a la Vall d&#8217;horta el proper dia 13 de mar\u00e7"},"content":{"rendered":"<p>Hola\u00a0<b>Treskaires<\/b>! Ja tenim a punt la segona sortida del curs. Us proposem un itinerari que t\u00e9 un primer tram molt f\u00e0cil fins el Marquet de les Roques, apte per a totes les fam\u00edlies, i un tram final (opcional) de forta pendent per fam\u00edlies amb nens \u201cgrans\u201d (6-7 anys).<\/p>\n<p>Farem una passejada al llarg de la <b>Vall d<\/b><b>\u2019<\/b><b>Horta<\/b> per camins i pistes ben indicades fins arribar al <b>Marquet<\/b><b> de les Roques<\/b>. Arribats al Marquet, ens enfilarem fins el <strong>Coll del Llor<\/strong><b>\u00a0<\/b>on disposarem d\u2019unes vistes espectaculars del Montcau i de la carena dels Emprius. La tornada la farem pel mateix lloc. El recorregut seran uns 8 km que ens serviran per descobrir la vessant est del parc de Sant Lloren\u00e7 de Munt.<br \/>\n<img loading=\"lazy\" class=\"alignleft wp-image-2253 size-medium\" src=\"http:\/\/www.tecnos.cat\/ampa\/wp-content\/uploads\/2016\/03\/FOTO-2-300x200.jpg\" alt=\"FOTO 2\" width=\"300\" height=\"200\" srcset=\"http:\/\/www.tecnos.cat\/ampa\/wp-content\/uploads\/2016\/03\/FOTO-2-300x200.jpg 300w, http:\/\/www.tecnos.cat\/ampa\/wp-content\/uploads\/2016\/03\/FOTO-2-768x511.jpg 768w, http:\/\/www.tecnos.cat\/ampa\/wp-content\/uploads\/2016\/03\/FOTO-2-1024x682.jpg 1024w, http:\/\/www.tecnos.cat\/ampa\/wp-content\/uploads\/2016\/03\/FOTO-2.jpg 1200w\" sizes=\"(max-width: 300px) 100vw, 300px\" \/>Dia: 13\u00a0de mar\u00e7 de 2016<br \/>\nHora d\u2019inici: 10:15 h<br \/>\nPunt d\u2019ini:Aparcament senyalitzat al principi pista asfaltada de la Vall d\u2019Horta<br \/>\n(desviaci\u00f3 a l\u2019esquerra al km 17.1 de la b-124)<\/p>\n<p><a href=\"http:\/\/www.tecnos.cat\/ampa\/wp-content\/uploads\/2016\/03\/Fitxa_VallHorta_2016.pdf\" target=\"_blank\" rel=\"\">FITXA SORTIDA<\/a><\/p>\n<p><a href=\"http:\/\/es.wikiloc.com\/wikiloc\/view.do?id=12556666\" target=\"_blank\">Ruta a Wikiloc<\/a><\/p>\n<p>&nbsp;<\/p>\n<p>Properament podreu descarregar-vos la fitxa de la ruta per consultar recorregut, detalls i informaci\u00f3 sobre l\u2019itinerari. Aquesta activitat no t\u00e9 inscripci\u00f3 pr\u00e8via. El mateix dia haureu us donarem un full de participaci\u00f3 perqu\u00e8 el signeu. Farem el grup amb les fam\u00edlies que siguin al lloc i hora de la convocat\u00f2ria. Sigueu puntuals.<\/p>\n<p>Un cop finalitzada l\u2019excursi\u00f3 i l\u2019activitat programada, podrem quedar-nos a dinar als voltants del Marquet de les Roques. Com sempre, carmanyola, entrepans i bunyols ja depenen de cadasc\u00fa.<\/p>\n<p>Si hi ha possibilitat de mal temps, el dissabte dia 12 de mar\u00e7 a les 20 hores es penjar\u00e0 una nota al blog i al Facebook per avisar si s\u2019anul\u00b7la o mant\u00e9 l\u2019activitat.<\/p>\n<p>Si teniu propostes, idees, comentaris, o encara millor, si us voleu afegir a la comissi\u00f3 <b>Treskatecnos<\/b>, nom\u00e9s cal que ens ho feu saber.<\/p>\n<p>Per qualsevol consulta, podeu contactar-nos a l\u2019adre\u00e7a\u00a0<a href=\"mailto:treskatecnos@tecnos.cat\">treskatecnos<\/a><a href=\"mailto:treskatecnos@tecnos.cat\">@<\/a><a href=\"mailto:treskatecnos@tecnos.cat\">tecnos.cat<\/a>\u00a0o, el dia de la sortida als tel\u00e8fons 654706352 (Carles), 645174230 (Javier), 636579712 (Xavi), 659146237 (David) o 606666004 (S\u00edlvia).<\/p>\n<p><strong>Esperem ser una bona colla de nou, no hi falteu!<\/strong><\/p>\n<p>La participaci\u00f3 a l\u2019activitat implica acceptar que\u00a0l\u2019organitzaci\u00f3 no es fa responsable de les \u00a0incid\u00e8ncies que es puguin produir durant la\u00a0sortida i que els menors d\u2019edat estan sota la\u00a0responsabilitat directa dels seus pares o adults\u00a0acompanyants en qui els pares hagin delegat\u00a0aquesta responsabilitat. \u00c9s per aix\u00f2 que caldr\u00e0\u00a0que els adults participants signin el corresponent\u00a0<a href=\"http:\/\/www.tecnos.cat\/ampa\/wp-content\/uploads\/2015\/09\/Document-desc\u00e0rrega-curs-15-16.pdf\">full de desc\u00e0rrega que us facilitarem.<\/a><\/p>\n<div class=\"sharedaddy sd-sharing-enabled\"><div class=\"robots-nocontent sd-block sd-social sd-social-icon sd-sharing\"><h3 class=\"sd-title\">Share this:<\/h3><div class=\"sd-content\"><ul><li class=\"share-print\"><a rel=\"nofollow noopener noreferrer\" data-shared=\"\" class=\"share-print sd-button share-icon no-text\" href=\"http:\/\/www.tecnos.cat\/ampa\/treskatecnos-a-la-vall-dhorta-el-proper-dia-13-de-marc\/\" target=\"_blank\" title=\"Click to print\" ><span><\/span><span class=\"sharing-screen-reader-text\">Click to print (Opens in new window)<\/span><\/a><\/li><li class=\"share-email\"><a rel=\"nofollow noopener noreferrer\" data-shared=\"\" class=\"share-email sd-button share-icon no-text\" href=\"mailto:?subject=%5BShared%20Post%5D%20Treskatecnos%20a%20la%20Vall%20d%27horta%20el%20proper%20dia%2013%20de%20mar%C3%A7&body=http%3A%2F%2Fwww.tecnos.cat%2Fampa%2Ftreskatecnos-a-la-vall-dhorta-el-proper-dia-13-de-marc%2F&share=email\" target=\"_blank\" title=\"Click to email a link to a friend\" data-email-share-error-title=\"Do you have email set up?\" data-email-share-error-text=\"If you&#039;re having problems sharing via email, you might not have email set up for your browser. You may need to create a new email yourself.\" data-email-share-nonce=\"cee7f00a5c\" data-email-share-track-url=\"http:\/\/www.tecnos.cat\/ampa\/treskatecnos-a-la-vall-dhorta-el-proper-dia-13-de-marc\/?share=email\"><span><\/span><span class=\"sharing-screen-reader-text\">Click to email a link to a friend (Opens in new window)<\/span><\/a><\/li><li class=\"share-facebook\"><a rel=\"nofollow noopener noreferrer\" data-shared=\"sharing-facebook-2252\" class=\"share-facebook sd-button share-icon no-text\" href=\"http:\/\/www.tecnos.cat\/ampa\/treskatecnos-a-la-vall-dhorta-el-proper-dia-13-de-marc\/?share=facebook\" target=\"_blank\" title=\"Click to share on Facebook\" ><span><\/span><span class=\"sharing-screen-reader-text\">Click to share on Facebook (Opens in new window)<\/span><\/a><\/li><li class=\"share-linkedin\"><a rel=\"nofollow noopener noreferrer\" data-shared=\"sharing-linkedin-2252\" class=\"share-linkedin sd-button share-icon no-text\" href=\"http:\/\/www.tecnos.cat\/ampa\/treskatecnos-a-la-vall-dhorta-el-proper-dia-13-de-marc\/?share=linkedin\" target=\"_blank\" title=\"Click to share on LinkedIn\" ><span><\/span><span class=\"sharing-screen-reader-text\">Click to share on LinkedIn (Opens in new window)<\/span><\/a><\/li><li class=\"share-twitter\"><a rel=\"nofollow noopener noreferrer\" data-shared=\"sharing-twitter-2252\" class=\"share-twitter sd-button share-icon no-text\" href=\"http:\/\/www.tecnos.cat\/ampa\/treskatecnos-a-la-vall-dhorta-el-proper-dia-13-de-marc\/?share=twitter\" target=\"_blank\" title=\"Click to share on Twitter\" ><span><\/span><span class=\"sharing-screen-reader-text\">Click to share on Twitter (Opens in new window)<\/span><\/a><\/li><li class=\"share-end\"><\/li><\/ul><\/div><\/div><\/div>","protected":false},"excerpt":{"rendered":"<p>Hola\u00a0Treskaires! Ja tenim a punt la segona sortida del curs. Us proposem un itinerari que t\u00e9 un primer tram molt f\u00e0cil fins el Marquet de les Roques, apte per a totes les fam\u00edlies, i un tram final (opcional) de forta pendent per fam\u00edlies amb nens \u201cgrans\u201d (6-7 anys). Farem una passejada al llarg de la &hellip; <a href=\"http:\/\/www.tecnos.cat\/ampa\/treskatecnos-a-la-vall-dhorta-el-proper-dia-13-de-marc\/\" class=\"more-link\">Continua la lectura de <span class=\"screen-reader-text\">Treskatecnos a la Vall d&#8217;horta el proper dia 13 de mar\u00e7<\/span><\/a><\/p>\n<div class=\"sharedaddy sd-sharing-enabled\"><div class=\"robots-nocontent sd-block sd-social sd-social-icon sd-sharing\"><h3 class=\"sd-title\">Share this:<\/h3><div class=\"sd-content\"><ul><li class=\"share-print\"><a rel=\"nofollow noopener noreferrer\" data-shared=\"\" class=\"share-print sd-button share-icon no-text\" href=\"http:\/\/www.tecnos.cat\/ampa\/treskatecnos-a-la-vall-dhorta-el-proper-dia-13-de-marc\/\" target=\"_blank\" title=\"Click to print\" ><span><\/span><span class=\"sharing-screen-reader-text\">Click to print (Opens in new window)<\/span><\/a><\/li><li class=\"share-email\"><a rel=\"nofollow noopener noreferrer\" data-shared=\"\" class=\"share-email sd-button share-icon no-text\" href=\"mailto:?subject=%5BShared%20Post%5D%20Treskatecnos%20a%20la%20Vall%20d%27horta%20el%20proper%20dia%2013%20de%20mar%C3%A7&body=http%3A%2F%2Fwww.tecnos.cat%2Fampa%2Ftreskatecnos-a-la-vall-dhorta-el-proper-dia-13-de-marc%2F&share=email\" target=\"_blank\" title=\"Click to email a link to a friend\" data-email-share-error-title=\"Do you have email set up?\" data-email-share-error-text=\"If you&#039;re having problems sharing via email, you might not have email set up for your browser. You may need to create a new email yourself.\" data-email-share-nonce=\"cee7f00a5c\" data-email-share-track-url=\"http:\/\/www.tecnos.cat\/ampa\/treskatecnos-a-la-vall-dhorta-el-proper-dia-13-de-marc\/?share=email\"><span><\/span><span class=\"sharing-screen-reader-text\">Click to email a link to a friend (Opens in new window)<\/span><\/a><\/li><li class=\"share-facebook\"><a rel=\"nofollow noopener noreferrer\" data-shared=\"sharing-facebook-2252\" class=\"share-facebook sd-button share-icon no-text\" href=\"http:\/\/www.tecnos.cat\/ampa\/treskatecnos-a-la-vall-dhorta-el-proper-dia-13-de-marc\/?share=facebook\" target=\"_blank\" title=\"Click to share on Facebook\" ><span><\/span><span class=\"sharing-screen-reader-text\">Click to share on Facebook (Opens in new window)<\/span><\/a><\/li><li class=\"share-linkedin\"><a rel=\"nofollow noopener noreferrer\" data-shared=\"sharing-linkedin-2252\" class=\"share-linkedin sd-button share-icon no-text\" href=\"http:\/\/www.tecnos.cat\/ampa\/treskatecnos-a-la-vall-dhorta-el-proper-dia-13-de-marc\/?share=linkedin\" target=\"_blank\" title=\"Click to share on LinkedIn\" ><span><\/span><span class=\"sharing-screen-reader-text\">Click to share on LinkedIn (Opens in new window)<\/span><\/a><\/li><li class=\"share-twitter\"><a rel=\"nofollow noopener noreferrer\" data-shared=\"sharing-twitter-2252\" class=\"share-twitter sd-button share-icon no-text\" href=\"http:\/\/www.tecnos.cat\/ampa\/treskatecnos-a-la-vall-dhorta-el-proper-dia-13-de-marc\/?share=twitter\" target=\"_blank\" title=\"Click to share on Twitter\" ><span><\/span><span class=\"sharing-screen-reader-text\">Click to share on Twitter (Opens in new window)<\/span><\/a><\/li><li class=\"share-end\"><\/li><\/ul><\/div><\/div><\/div>","protected":false},"author":1,"featured_media":0,"comment_status":"open","ping_status":"closed","sticky":false,"template":"","format":"standard","meta":{"jetpack_post_was_ever_published":false,"jetpack_publicize_message":"","jetpack_is_tweetstorm":false,"jetpack_publicize_feature_enabled":true},"categories":[33],"tags":[],"jetpack_publicize_connections":[],"jetpack_featured_media_url":"","jetpack_sharing_enabled":true,"jetpack_shortlink":"https:\/\/wp.me\/p3fByE-Ak","_links":{"self":[{"href":"http:\/\/www.tecnos.cat\/ampa\/wp-json\/wp\/v2\/posts\/2252"}],"collection":[{"href":"http:\/\/www.tecnos.cat\/ampa\/wp-json\/wp\/v2\/posts"}],"about":[{"href":"http:\/\/www.tecnos.cat\/ampa\/wp-json\/wp\/v2\/types\/post"}],"author":[{"embeddable":true,"href":"http:\/\/www.tecnos.cat\/ampa\/wp-json\/wp\/v2\/users\/1"}],"replies":[{"embeddable":true,"href":"http:\/\/www.tecnos.cat\/ampa\/wp-json\/wp\/v2\/comments?post=2252"}],"version-history":[{"count":6,"href":"http:\/\/www.tecnos.cat\/ampa\/wp-json\/wp\/v2\/posts\/2252\/revisions"}],"predecessor-version":[{"id":2268,"href":"http:\/\/www.tecnos.cat\/ampa\/wp-json\/wp\/v2\/posts\/2252\/revisions\/2268"}],"wp:attachment":[{"href":"http:\/\/www.tecnos.cat\/ampa\/wp-json\/wp\/v2\/media?parent=2252"}],"wp:term":[{"taxonomy":"category","embeddable":true,"href":"http:\/\/www.tecnos.cat\/ampa\/wp-json\/wp\/v2\/categories?post=2252"},{"taxonomy":"post_tag","embeddable":true,"href":"http:\/\/www.tecnos.cat\/ampa\/wp-json\/wp\/v2\/tags?post=2252"}],"curies":[{"name":"wp","href":"https:\/\/api.w.org\/{rel}","templated":true}]}}