{"id":2245,"date":"2016-01-31T16:25:19","date_gmt":"2016-01-31T16:25:19","guid":{"rendered":"http:\/\/www.tecnos.cat\/ampa\/?p=2245"},"modified":"2016-01-31T16:25:19","modified_gmt":"2016-01-31T16:25:19","slug":"xerrada-escola-de-pares-els-rebels-del-benestar","status":"publish","type":"post","link":"http:\/\/www.tecnos.cat\/ampa\/xerrada-escola-de-pares-els-rebels-del-benestar\/","title":{"rendered":"xerrada escola de pares: els rebels del benestar"},"content":{"rendered":"<p>DIMARTS, 16 de FEBRER, A LES 8.00 del vespre,\u00a0a la SALA D\u2019ACTES DE L\u2019ESCOLA.\u00a0<strong>ELS REBELS DEL BENESTAR<\/strong><\/p>\n<p>Xerrada a c\u00e0rrec de\u00a0Jordi Royo, cartell <a href=\"http:\/\/www.tecnos.cat\/ampa\/wp-content\/uploads\/2016\/01\/Els-rebels-del-benestar.pdf\" target=\"_blank\">aqu\u00ed<\/a><\/p>\n<p>Psic\u00f2leg cl\u00ednic que des de l\u2019any 1981 treballa essencialment en l\u2019atenci\u00f3 de joves, adolescents i les<br \/>\nseves fam\u00edlies. \u00c9s tamb\u00e9 col\u00b7laborador docent de les facultats de Psicologia i Medicina de la<br \/>\nUniversitat Aut\u00f2noma de Barcelona i de la Universitat de Girona. Autor de manuals b\u00e0sics i de<br \/>\nnombrosos articles sobre comportaments de risc de joves i adolescents en publicacions<br \/>\nespecialitzades, nacionals i internacionals i, director d\u2019exposicions preventives itinerants respecte al<br \/>\nconsum de drogues com \u201cCiutadans? Ciutadans!\u201d i \u201cA tota pastilla\u201d<\/p>\n<p><img loading=\"lazy\" class=\"aligncenter size-full wp-image-1988\" src=\"http:\/\/www.tecnos.cat\/ampa\/wp-content\/uploads\/2015\/04\/tecnos-escola-de-pares.jpg\" alt=\"tecnos-escola-de-pares\" width=\"432\" height=\"174\" srcset=\"http:\/\/www.tecnos.cat\/ampa\/wp-content\/uploads\/2015\/04\/tecnos-escola-de-pares.jpg 432w, http:\/\/www.tecnos.cat\/ampa\/wp-content\/uploads\/2015\/04\/tecnos-escola-de-pares-300x121.jpg 300w\" sizes=\"(max-width: 432px) 100vw, 432px\" \/><\/p>\n<div class=\"sharedaddy sd-sharing-enabled\"><div class=\"robots-nocontent sd-block sd-social sd-social-icon sd-sharing\"><h3 class=\"sd-title\">Share this:<\/h3><div class=\"sd-content\"><ul><li class=\"share-print\"><a rel=\"nofollow noopener noreferrer\" data-shared=\"\" class=\"share-print sd-button share-icon no-text\" href=\"http:\/\/www.tecnos.cat\/ampa\/xerrada-escola-de-pares-els-rebels-del-benestar\/\" target=\"_blank\" title=\"Click to print\" ><span><\/span><span class=\"sharing-screen-reader-text\">Click to print (Opens in new window)<\/span><\/a><\/li><li class=\"share-email\"><a rel=\"nofollow noopener noreferrer\" data-shared=\"\" class=\"share-email sd-button share-icon no-text\" href=\"mailto:?subject=%5BShared%20Post%5D%20xerrada%20escola%20de%20pares%3A%20els%20rebels%20del%20benestar&body=http%3A%2F%2Fwww.tecnos.cat%2Fampa%2Fxerrada-escola-de-pares-els-rebels-del-benestar%2F&share=email\" target=\"_blank\" title=\"Click to email a link to a friend\" data-email-share-error-title=\"Do you have email set up?\" data-email-share-error-text=\"If you&#039;re having problems sharing via email, you might not have email set up for your browser. You may need to create a new email yourself.\" data-email-share-nonce=\"e03cba1bcb\" data-email-share-track-url=\"http:\/\/www.tecnos.cat\/ampa\/xerrada-escola-de-pares-els-rebels-del-benestar\/?share=email\"><span><\/span><span class=\"sharing-screen-reader-text\">Click to email a link to a friend (Opens in new window)<\/span><\/a><\/li><li class=\"share-facebook\"><a rel=\"nofollow noopener noreferrer\" data-shared=\"sharing-facebook-2245\" class=\"share-facebook sd-button share-icon no-text\" href=\"http:\/\/www.tecnos.cat\/ampa\/xerrada-escola-de-pares-els-rebels-del-benestar\/?share=facebook\" target=\"_blank\" title=\"Click to share on Facebook\" ><span><\/span><span class=\"sharing-screen-reader-text\">Click to share on Facebook (Opens in new window)<\/span><\/a><\/li><li class=\"share-linkedin\"><a rel=\"nofollow noopener noreferrer\" data-shared=\"sharing-linkedin-2245\" class=\"share-linkedin sd-button share-icon no-text\" href=\"http:\/\/www.tecnos.cat\/ampa\/xerrada-escola-de-pares-els-rebels-del-benestar\/?share=linkedin\" target=\"_blank\" title=\"Click to share on LinkedIn\" ><span><\/span><span class=\"sharing-screen-reader-text\">Click to share on LinkedIn (Opens in new window)<\/span><\/a><\/li><li class=\"share-twitter\"><a rel=\"nofollow noopener noreferrer\" data-shared=\"sharing-twitter-2245\" class=\"share-twitter sd-button share-icon no-text\" href=\"http:\/\/www.tecnos.cat\/ampa\/xerrada-escola-de-pares-els-rebels-del-benestar\/?share=twitter\" target=\"_blank\" title=\"Click to share on Twitter\" ><span><\/span><span class=\"sharing-screen-reader-text\">Click to share on Twitter (Opens in new window)<\/span><\/a><\/li><li class=\"share-end\"><\/li><\/ul><\/div><\/div><\/div>","protected":false},"excerpt":{"rendered":"<p>DIMARTS, 16 de FEBRER, A LES 8.00 del vespre,\u00a0a la SALA D\u2019ACTES DE L\u2019ESCOLA.\u00a0ELS REBELS DEL BENESTAR Xerrada a c\u00e0rrec de\u00a0Jordi Royo, cartell aqu\u00ed Psic\u00f2leg cl\u00ednic que des de l\u2019any 1981 treballa essencialment en l\u2019atenci\u00f3 de joves, adolescents i les seves fam\u00edlies. \u00c9s tamb\u00e9 col\u00b7laborador docent de les facultats de Psicologia i Medicina de la &hellip; <a href=\"http:\/\/www.tecnos.cat\/ampa\/xerrada-escola-de-pares-els-rebels-del-benestar\/\" class=\"more-link\">Continua la lectura de <span class=\"screen-reader-text\">xerrada escola de pares: els rebels del benestar<\/span><\/a><\/p>\n<div class=\"sharedaddy sd-sharing-enabled\"><div class=\"robots-nocontent sd-block sd-social sd-social-icon sd-sharing\"><h3 class=\"sd-title\">Share this:<\/h3><div class=\"sd-content\"><ul><li class=\"share-print\"><a rel=\"nofollow noopener noreferrer\" data-shared=\"\" class=\"share-print sd-button share-icon no-text\" href=\"http:\/\/www.tecnos.cat\/ampa\/xerrada-escola-de-pares-els-rebels-del-benestar\/\" target=\"_blank\" title=\"Click to print\" ><span><\/span><span class=\"sharing-screen-reader-text\">Click to print (Opens in new window)<\/span><\/a><\/li><li class=\"share-email\"><a rel=\"nofollow noopener noreferrer\" data-shared=\"\" class=\"share-email sd-button share-icon no-text\" href=\"mailto:?subject=%5BShared%20Post%5D%20xerrada%20escola%20de%20pares%3A%20els%20rebels%20del%20benestar&body=http%3A%2F%2Fwww.tecnos.cat%2Fampa%2Fxerrada-escola-de-pares-els-rebels-del-benestar%2F&share=email\" target=\"_blank\" title=\"Click to email a link to a friend\" data-email-share-error-title=\"Do you have email set up?\" data-email-share-error-text=\"If you&#039;re having problems sharing via email, you might not have email set up for your browser. You may need to create a new email yourself.\" data-email-share-nonce=\"e03cba1bcb\" data-email-share-track-url=\"http:\/\/www.tecnos.cat\/ampa\/xerrada-escola-de-pares-els-rebels-del-benestar\/?share=email\"><span><\/span><span class=\"sharing-screen-reader-text\">Click to email a link to a friend (Opens in new window)<\/span><\/a><\/li><li class=\"share-facebook\"><a rel=\"nofollow noopener noreferrer\" data-shared=\"sharing-facebook-2245\" class=\"share-facebook sd-button share-icon no-text\" href=\"http:\/\/www.tecnos.cat\/ampa\/xerrada-escola-de-pares-els-rebels-del-benestar\/?share=facebook\" target=\"_blank\" title=\"Click to share on Facebook\" ><span><\/span><span class=\"sharing-screen-reader-text\">Click to share on Facebook (Opens in new window)<\/span><\/a><\/li><li class=\"share-linkedin\"><a rel=\"nofollow noopener noreferrer\" data-shared=\"sharing-linkedin-2245\" class=\"share-linkedin sd-button share-icon no-text\" href=\"http:\/\/www.tecnos.cat\/ampa\/xerrada-escola-de-pares-els-rebels-del-benestar\/?share=linkedin\" target=\"_blank\" title=\"Click to share on LinkedIn\" ><span><\/span><span class=\"sharing-screen-reader-text\">Click to share on LinkedIn (Opens in new window)<\/span><\/a><\/li><li class=\"share-twitter\"><a rel=\"nofollow noopener noreferrer\" data-shared=\"sharing-twitter-2245\" class=\"share-twitter sd-button share-icon no-text\" href=\"http:\/\/www.tecnos.cat\/ampa\/xerrada-escola-de-pares-els-rebels-del-benestar\/?share=twitter\" target=\"_blank\" title=\"Click to share on Twitter\" ><span><\/span><span class=\"sharing-screen-reader-text\">Click to share on Twitter (Opens in new window)<\/span><\/a><\/li><li class=\"share-end\"><\/li><\/ul><\/div><\/div><\/div>","protected":false},"author":1,"featured_media":0,"comment_status":"open","ping_status":"closed","sticky":false,"template":"","format":"standard","meta":{"jetpack_post_was_ever_published":false,"jetpack_publicize_message":"","jetpack_is_tweetstorm":false,"jetpack_publicize_feature_enabled":true},"categories":[9],"tags":[],"jetpack_publicize_connections":[],"jetpack_featured_media_url":"","jetpack_sharing_enabled":true,"jetpack_shortlink":"https:\/\/wp.me\/p3fByE-Ad","_links":{"self":[{"href":"http:\/\/www.tecnos.cat\/ampa\/wp-json\/wp\/v2\/posts\/2245"}],"collection":[{"href":"http:\/\/www.tecnos.cat\/ampa\/wp-json\/wp\/v2\/posts"}],"about":[{"href":"http:\/\/www.tecnos.cat\/ampa\/wp-json\/wp\/v2\/types\/post"}],"author":[{"embeddable":true,"href":"http:\/\/www.tecnos.cat\/ampa\/wp-json\/wp\/v2\/users\/1"}],"replies":[{"embeddable":true,"href":"http:\/\/www.tecnos.cat\/ampa\/wp-json\/wp\/v2\/comments?post=2245"}],"version-history":[{"count":1,"href":"http:\/\/www.tecnos.cat\/ampa\/wp-json\/wp\/v2\/posts\/2245\/revisions"}],"predecessor-version":[{"id":2247,"href":"http:\/\/www.tecnos.cat\/ampa\/wp-json\/wp\/v2\/posts\/2245\/revisions\/2247"}],"wp:attachment":[{"href":"http:\/\/www.tecnos.cat\/ampa\/wp-json\/wp\/v2\/media?parent=2245"}],"wp:term":[{"taxonomy":"category","embeddable":true,"href":"http:\/\/www.tecnos.cat\/ampa\/wp-json\/wp\/v2\/categories?post=2245"},{"taxonomy":"post_tag","embeddable":true,"href":"http:\/\/www.tecnos.cat\/ampa\/wp-json\/wp\/v2\/tags?post=2245"}],"curies":[{"name":"wp","href":"https:\/\/api.w.org\/{rel}","templated":true}]}}