{"id":2204,"date":"2015-12-17T23:23:01","date_gmt":"2015-12-17T23:23:01","guid":{"rendered":"http:\/\/www.tecnos.cat\/ampa\/?p=2204"},"modified":"2015-12-17T23:42:05","modified_gmt":"2015-12-17T23:42:05","slug":"pujada-nocturna-a-la-mola-nit-de-nadal-2015","status":"publish","type":"post","link":"http:\/\/www.tecnos.cat\/ampa\/pujada-nocturna-a-la-mola-nit-de-nadal-2015\/","title":{"rendered":"Pujada nocturna a La Mola: Nit de Nadal 2015"},"content":{"rendered":"<p><a href=\"http:\/\/www.tecnos.cat\/ampa\/wp-content\/uploads\/2014\/12\/mola_nit.jpg\"><img loading=\"lazy\" class=\"size-medium wp-image-1892 alignleft\" src=\"http:\/\/www.tecnos.cat\/ampa\/wp-content\/uploads\/2014\/12\/mola_nit-204x300.jpg\" alt=\"mola_nit\" width=\"204\" height=\"300\" srcset=\"http:\/\/www.tecnos.cat\/ampa\/wp-content\/uploads\/2014\/12\/mola_nit-204x300.jpg 204w, http:\/\/www.tecnos.cat\/ampa\/wp-content\/uploads\/2014\/12\/mola_nit.jpg 434w\" sizes=\"(max-width: 204px) 100vw, 204px\" \/><\/a><\/p>\n<p>Hola\u00a0<b>Treskaires<\/b>,<\/p>\n<p>heu pujat mai al cim de La Mola la Nit de Nadal? Per molts terrassencs i terrassenques \u00e9s tota una tradici\u00f3. A les 12 es celebra al Monestir rom\u00e0nic de Sant Lloren\u00e7 la Missa del Gall i l\u2019ambient que s\u2019hi respira \u00e9s incre\u00efble. El cim s\u2019omple de gent, \u00e9s emocionant veure la corrua de llumetes pujant pel cam\u00ed dels Monjos. Despr\u00e9s de la missa la gent porta espelmes i frontals per seguir els cants amb el can\u00e7oner que es reparteix i comen\u00e7a el fam\u00f3s ressop\u00f3: tothom treu de la motxilla el que ha portat per compartir; una barra de torrons, xocolata, coca, neules, vi bo&#8230; Aix\u00ed, enmig de la foscor l&#8217;ambient de la muntanya omple el monestir. \u00c9s Nadal. La festa recupera els seus or\u00edgens populars: trobar-se per festejar el solstici d&#8217;hivern al cim de la muntanya m\u00e9s emblem\u00e0tica del Vall\u00e8s Occidental. Us ho perdreu?<\/p>\n<p>Dia: <b>\u00a024 de desembre<\/b>\u00a0de 2015<br \/>\nHora d\u2019inici:\u00a0<b>21.45 h<br \/>\n<\/b>Punt d\u2019ini:\u00a0<b>Cam\u00ed dels Monjos\u00a0<\/b>sortida des dels Dip\u00f2sits de Matadepera.<\/p>\n<p><strong><strong>\u00bb<a href=\"http:\/\/www.tecnos.cat\/ampa\/wp-content\/uploads\/2015\/12\/fitxa_24_12_2015_LaMola.pdf\">FITXA SORTIDA\u00a0<\/a><\/strong><\/strong><\/p>\n<p>En aquesta ocasi\u00f3, per les caracter\u00edstiques de l\u2019activitat, <span style=\"color: #ff0000;\"><strong>CAL QUE US INSCRIVIU<\/strong> <\/span>a <a href=\"mailto:treskatecnos@tecnos.cat\"><em><strong><span style=\"color: #ff0000;\">treskatecnos@tecnos.cat<\/span><\/strong><\/em><\/a>, teniu temps per fer-ho fins el 22 de desembre.<\/p>\n<p>\u00c9s important que tingueu molt en compte les seg\u00fcents recomanacions:<\/p>\n<ul>\n<li>Cal que vingueu molt abrigats perqu\u00e8 al cim hi pot fer molt fred i no tothom t\u00e9 cabuda dins l\u2019edifici; roba t\u00e8rmica, impermeable, guants i gorres.<\/li>\n<li>Porteu un a\u00efllant o manta per seure a terra.<\/li>\n<li>Cal que vingueu sopats de casa.<\/li>\n<li>\u00c9s tradici\u00f3 portar alguna cosa per picar a la motxilla, que puguem compartir.<\/li>\n<li>Important\u00edssim que cadasc\u00fa porti una llanterna o frontal i piles de recanvi.<\/li>\n<li>Tamb\u00e9 s\u00f3n recomanables els pals de caminar, a la nit ajuden.<\/li>\n<li>I per \u00faltim, per\u00f2 el m\u00e9s important. En aquesta ocasi\u00f3 cal que cadasc\u00fa controli molt b\u00e9 als seus fills durant la pujada, el fet que sigui de nit i que pugi molt\u00edssima gent fa que sigui f\u00e0cil perdre de vista als m\u00e9s menuts.<\/li>\n<\/ul>\n<p>La pujada la farem junts per\u00f2 deixem lliure la baixada, de manera que tothom pot estirar cim i ressop\u00f3 al seu gust.<\/p>\n<p>Si hi ha possibilitat de mal temps, el mateix dimecres 24 a mitja tarda es penjar\u00e0 una nota al blog i al Facebook per avisar si s\u2019anul\u00b7la o mant\u00e9 la pujada.<\/p>\n<p>El Treskatecnos l\u2019organitzem des de l\u2019Ampa, si teniu propostes, idees, comentaris, o encara millor, si us voleu afegir al grup, nom\u00e9s cal que ens ho feu saber.<\/p>\n<p>Per qualsevol consulta, podeu contactar-nos a l\u2019adre\u00e7a\u00a0<a href=\"mailto:treskatecnos@tecnos.cat\">treskatecnos@tecnos.cat<\/a>\u00a0o als tel\u00e8fons 654706352 (Carles), 636579712 (Xavi) o 606666004 (S\u00edlvia).<\/p>\n<p>La participaci\u00f3 a l\u2019activitat implica acceptar que l\u2019organitzaci\u00f3 no es fa responsable de les incid\u00e8ncies que es puguin produir durant la sortida i que els menors d\u2019edat estan sota la responsabilitat directa dels seus pares o adults acompanyants en qui els pares hagin delegat aquesta responsabilitat.<\/p>\n<p><strong>Esperem ser una bona colla de nou, no hi falteu!<\/strong><\/p>\n<div class=\"sharedaddy sd-sharing-enabled\"><div class=\"robots-nocontent sd-block sd-social sd-social-icon sd-sharing\"><h3 class=\"sd-title\">Share this:<\/h3><div class=\"sd-content\"><ul><li class=\"share-print\"><a rel=\"nofollow noopener noreferrer\" data-shared=\"\" class=\"share-print sd-button share-icon no-text\" href=\"http:\/\/www.tecnos.cat\/ampa\/pujada-nocturna-a-la-mola-nit-de-nadal-2015\/\" target=\"_blank\" title=\"Click to print\" ><span><\/span><span class=\"sharing-screen-reader-text\">Click to print (Opens in new window)<\/span><\/a><\/li><li class=\"share-email\"><a rel=\"nofollow noopener noreferrer\" data-shared=\"\" class=\"share-email sd-button share-icon no-text\" href=\"mailto:?subject=%5BShared%20Post%5D%20Pujada%20nocturna%20a%20La%20Mola%3A%20Nit%20de%20Nadal%202015&body=http%3A%2F%2Fwww.tecnos.cat%2Fampa%2Fpujada-nocturna-a-la-mola-nit-de-nadal-2015%2F&share=email\" target=\"_blank\" title=\"Click to email a link to a friend\" data-email-share-error-title=\"Do you have email set up?\" data-email-share-error-text=\"If you&#039;re having problems sharing via email, you might not have email set up for your browser. You may need to create a new email yourself.\" data-email-share-nonce=\"61329d6beb\" data-email-share-track-url=\"http:\/\/www.tecnos.cat\/ampa\/pujada-nocturna-a-la-mola-nit-de-nadal-2015\/?share=email\"><span><\/span><span class=\"sharing-screen-reader-text\">Click to email a link to a friend (Opens in new window)<\/span><\/a><\/li><li class=\"share-facebook\"><a rel=\"nofollow noopener noreferrer\" data-shared=\"sharing-facebook-2204\" class=\"share-facebook sd-button share-icon no-text\" href=\"http:\/\/www.tecnos.cat\/ampa\/pujada-nocturna-a-la-mola-nit-de-nadal-2015\/?share=facebook\" target=\"_blank\" title=\"Click to share on Facebook\" ><span><\/span><span class=\"sharing-screen-reader-text\">Click to share on Facebook (Opens in new window)<\/span><\/a><\/li><li class=\"share-linkedin\"><a rel=\"nofollow noopener noreferrer\" data-shared=\"sharing-linkedin-2204\" class=\"share-linkedin sd-button share-icon no-text\" href=\"http:\/\/www.tecnos.cat\/ampa\/pujada-nocturna-a-la-mola-nit-de-nadal-2015\/?share=linkedin\" target=\"_blank\" title=\"Click to share on LinkedIn\" ><span><\/span><span class=\"sharing-screen-reader-text\">Click to share on LinkedIn (Opens in new window)<\/span><\/a><\/li><li class=\"share-twitter\"><a rel=\"nofollow noopener noreferrer\" data-shared=\"sharing-twitter-2204\" class=\"share-twitter sd-button share-icon no-text\" href=\"http:\/\/www.tecnos.cat\/ampa\/pujada-nocturna-a-la-mola-nit-de-nadal-2015\/?share=twitter\" target=\"_blank\" title=\"Click to share on Twitter\" ><span><\/span><span class=\"sharing-screen-reader-text\">Click to share on Twitter (Opens in new window)<\/span><\/a><\/li><li class=\"share-end\"><\/li><\/ul><\/div><\/div><\/div>","protected":false},"excerpt":{"rendered":"<p>Hola\u00a0Treskaires, heu pujat mai al cim de La Mola la Nit de Nadal? Per molts terrassencs i terrassenques \u00e9s tota una tradici\u00f3. A les 12 es celebra al Monestir rom\u00e0nic de Sant Lloren\u00e7 la Missa del Gall i l\u2019ambient que s\u2019hi respira \u00e9s incre\u00efble. El cim s\u2019omple de gent, \u00e9s emocionant veure la corrua de &hellip; <a href=\"http:\/\/www.tecnos.cat\/ampa\/pujada-nocturna-a-la-mola-nit-de-nadal-2015\/\" class=\"more-link\">Continua la lectura de <span class=\"screen-reader-text\">Pujada nocturna a La Mola: Nit de Nadal 2015<\/span><\/a><\/p>\n<div class=\"sharedaddy sd-sharing-enabled\"><div class=\"robots-nocontent sd-block sd-social sd-social-icon sd-sharing\"><h3 class=\"sd-title\">Share this:<\/h3><div class=\"sd-content\"><ul><li class=\"share-print\"><a rel=\"nofollow noopener noreferrer\" data-shared=\"\" class=\"share-print sd-button share-icon no-text\" href=\"http:\/\/www.tecnos.cat\/ampa\/pujada-nocturna-a-la-mola-nit-de-nadal-2015\/\" target=\"_blank\" title=\"Click to print\" ><span><\/span><span class=\"sharing-screen-reader-text\">Click to print (Opens in new window)<\/span><\/a><\/li><li class=\"share-email\"><a rel=\"nofollow noopener noreferrer\" data-shared=\"\" class=\"share-email sd-button share-icon no-text\" href=\"mailto:?subject=%5BShared%20Post%5D%20Pujada%20nocturna%20a%20La%20Mola%3A%20Nit%20de%20Nadal%202015&body=http%3A%2F%2Fwww.tecnos.cat%2Fampa%2Fpujada-nocturna-a-la-mola-nit-de-nadal-2015%2F&share=email\" target=\"_blank\" title=\"Click to email a link to a friend\" data-email-share-error-title=\"Do you have email set up?\" data-email-share-error-text=\"If you&#039;re having problems sharing via email, you might not have email set up for your browser. You may need to create a new email yourself.\" data-email-share-nonce=\"61329d6beb\" data-email-share-track-url=\"http:\/\/www.tecnos.cat\/ampa\/pujada-nocturna-a-la-mola-nit-de-nadal-2015\/?share=email\"><span><\/span><span class=\"sharing-screen-reader-text\">Click to email a link to a friend (Opens in new window)<\/span><\/a><\/li><li class=\"share-facebook\"><a rel=\"nofollow noopener noreferrer\" data-shared=\"sharing-facebook-2204\" class=\"share-facebook sd-button share-icon no-text\" href=\"http:\/\/www.tecnos.cat\/ampa\/pujada-nocturna-a-la-mola-nit-de-nadal-2015\/?share=facebook\" target=\"_blank\" title=\"Click to share on Facebook\" ><span><\/span><span class=\"sharing-screen-reader-text\">Click to share on Facebook (Opens in new window)<\/span><\/a><\/li><li class=\"share-linkedin\"><a rel=\"nofollow noopener noreferrer\" data-shared=\"sharing-linkedin-2204\" class=\"share-linkedin sd-button share-icon no-text\" href=\"http:\/\/www.tecnos.cat\/ampa\/pujada-nocturna-a-la-mola-nit-de-nadal-2015\/?share=linkedin\" target=\"_blank\" title=\"Click to share on LinkedIn\" ><span><\/span><span class=\"sharing-screen-reader-text\">Click to share on LinkedIn (Opens in new window)<\/span><\/a><\/li><li class=\"share-twitter\"><a rel=\"nofollow noopener noreferrer\" data-shared=\"sharing-twitter-2204\" class=\"share-twitter sd-button share-icon no-text\" href=\"http:\/\/www.tecnos.cat\/ampa\/pujada-nocturna-a-la-mola-nit-de-nadal-2015\/?share=twitter\" target=\"_blank\" title=\"Click to share on Twitter\" ><span><\/span><span class=\"sharing-screen-reader-text\">Click to share on Twitter (Opens in new window)<\/span><\/a><\/li><li class=\"share-end\"><\/li><\/ul><\/div><\/div><\/div>","protected":false},"author":1,"featured_media":0,"comment_status":"open","ping_status":"closed","sticky":false,"template":"","format":"standard","meta":{"jetpack_post_was_ever_published":false,"jetpack_publicize_message":"","jetpack_is_tweetstorm":false,"jetpack_publicize_feature_enabled":true},"categories":[33],"tags":[],"jetpack_publicize_connections":[],"jetpack_featured_media_url":"","jetpack_sharing_enabled":true,"jetpack_shortlink":"https:\/\/wp.me\/p3fByE-zy","_links":{"self":[{"href":"http:\/\/www.tecnos.cat\/ampa\/wp-json\/wp\/v2\/posts\/2204"}],"collection":[{"href":"http:\/\/www.tecnos.cat\/ampa\/wp-json\/wp\/v2\/posts"}],"about":[{"href":"http:\/\/www.tecnos.cat\/ampa\/wp-json\/wp\/v2\/types\/post"}],"author":[{"embeddable":true,"href":"http:\/\/www.tecnos.cat\/ampa\/wp-json\/wp\/v2\/users\/1"}],"replies":[{"embeddable":true,"href":"http:\/\/www.tecnos.cat\/ampa\/wp-json\/wp\/v2\/comments?post=2204"}],"version-history":[{"count":3,"href":"http:\/\/www.tecnos.cat\/ampa\/wp-json\/wp\/v2\/posts\/2204\/revisions"}],"predecessor-version":[{"id":2208,"href":"http:\/\/www.tecnos.cat\/ampa\/wp-json\/wp\/v2\/posts\/2204\/revisions\/2208"}],"wp:attachment":[{"href":"http:\/\/www.tecnos.cat\/ampa\/wp-json\/wp\/v2\/media?parent=2204"}],"wp:term":[{"taxonomy":"category","embeddable":true,"href":"http:\/\/www.tecnos.cat\/ampa\/wp-json\/wp\/v2\/categories?post=2204"},{"taxonomy":"post_tag","embeddable":true,"href":"http:\/\/www.tecnos.cat\/ampa\/wp-json\/wp\/v2\/tags?post=2204"}],"curies":[{"name":"wp","href":"https:\/\/api.w.org\/{rel}","templated":true}]}}