{"id":2023,"date":"2015-05-12T20:10:26","date_gmt":"2015-05-12T20:10:26","guid":{"rendered":"http:\/\/www.tecnos.cat\/ampa\/?p=2023"},"modified":"2015-05-12T20:10:26","modified_gmt":"2015-05-12T20:10:26","slug":"proposta-de-cap-de-setmana-treskatecnos-el-27-28-de-maig","status":"publish","type":"post","link":"http:\/\/www.tecnos.cat\/ampa\/proposta-de-cap-de-setmana-treskatecnos-el-27-28-de-maig\/","title":{"rendered":"Proposta de cap de setmana Treskatecnos el 27-28 de maig"},"content":{"rendered":"<ul>\n<li>Cap de setmana del 27-28 de juny<\/li>\n<li>La idea \u00e9s fer una excursi\u00f3 a la <strong>Serra d&#8217;Ensija el diumenge<\/strong> per\u00f2 pujar a la casa i ja passar el dissabte, dinar, sopar i dormir, esmorzar diumenge i acabar fent el picnic a l&#8217;excursi\u00f3 per baixar a Terrassa a la tarda-vespre&#8230;<\/li>\n<li>A la casa de col\u00f2nies el &#8216;Pedraforca&#8217;, aqu\u00ed <a href=\"http:\/\/tecnos.mailrelay-ii.com\/newslink\/143142\/190.html\" target=\"_blank\">web<\/a>, el tema \u00e9s reservar quan abans millor ja que compartim la casa amb un altre grup i nom\u00e9s\u00a0disposem de 54 places que s&#8217;adjudicaran per ordre d&#8217;inscripci\u00f3 enviant un correu a\u00a0<a href=\"mailto:treskatecnos@tecnos.cat\" target=\"_blank\">treskatecnos@tecnos.cat<\/a><\/li>\n<li>El preu de la casa \u00e9s de 39.50\u20ac adults (a partir de 13) amb pensi\u00f3 complerta i 29.50\u20ac nens.<\/li>\n<\/ul>\n<div class=\"sharedaddy sd-sharing-enabled\"><div class=\"robots-nocontent sd-block sd-social sd-social-icon sd-sharing\"><h3 class=\"sd-title\">Share this:<\/h3><div class=\"sd-content\"><ul><li class=\"share-print\"><a rel=\"nofollow noopener noreferrer\" data-shared=\"\" class=\"share-print sd-button share-icon no-text\" href=\"http:\/\/www.tecnos.cat\/ampa\/proposta-de-cap-de-setmana-treskatecnos-el-27-28-de-maig\/\" target=\"_blank\" title=\"Click to print\" ><span><\/span><span class=\"sharing-screen-reader-text\">Click to print (Opens in new window)<\/span><\/a><\/li><li class=\"share-email\"><a rel=\"nofollow noopener noreferrer\" data-shared=\"\" class=\"share-email sd-button share-icon no-text\" href=\"mailto:?subject=%5BShared%20Post%5D%20Proposta%20de%20cap%20de%20setmana%20Treskatecnos%20el%2027-28%20de%20maig&body=http%3A%2F%2Fwww.tecnos.cat%2Fampa%2Fproposta-de-cap-de-setmana-treskatecnos-el-27-28-de-maig%2F&share=email\" target=\"_blank\" title=\"Click to email a link to a friend\" data-email-share-error-title=\"Do you have email set up?\" data-email-share-error-text=\"If you&#039;re having problems sharing via email, you might not have email set up for your browser. You may need to create a new email yourself.\" data-email-share-nonce=\"6c7a303684\" data-email-share-track-url=\"http:\/\/www.tecnos.cat\/ampa\/proposta-de-cap-de-setmana-treskatecnos-el-27-28-de-maig\/?share=email\"><span><\/span><span class=\"sharing-screen-reader-text\">Click to email a link to a friend (Opens in new window)<\/span><\/a><\/li><li class=\"share-facebook\"><a rel=\"nofollow noopener noreferrer\" data-shared=\"sharing-facebook-2023\" class=\"share-facebook sd-button share-icon no-text\" href=\"http:\/\/www.tecnos.cat\/ampa\/proposta-de-cap-de-setmana-treskatecnos-el-27-28-de-maig\/?share=facebook\" target=\"_blank\" title=\"Click to share on Facebook\" ><span><\/span><span class=\"sharing-screen-reader-text\">Click to share on Facebook (Opens in new window)<\/span><\/a><\/li><li class=\"share-linkedin\"><a rel=\"nofollow noopener noreferrer\" data-shared=\"sharing-linkedin-2023\" class=\"share-linkedin sd-button share-icon no-text\" href=\"http:\/\/www.tecnos.cat\/ampa\/proposta-de-cap-de-setmana-treskatecnos-el-27-28-de-maig\/?share=linkedin\" target=\"_blank\" title=\"Click to share on LinkedIn\" ><span><\/span><span class=\"sharing-screen-reader-text\">Click to share on LinkedIn (Opens in new window)<\/span><\/a><\/li><li class=\"share-twitter\"><a rel=\"nofollow noopener noreferrer\" data-shared=\"sharing-twitter-2023\" class=\"share-twitter sd-button share-icon no-text\" href=\"http:\/\/www.tecnos.cat\/ampa\/proposta-de-cap-de-setmana-treskatecnos-el-27-28-de-maig\/?share=twitter\" target=\"_blank\" title=\"Click to share on Twitter\" ><span><\/span><span class=\"sharing-screen-reader-text\">Click to share on Twitter (Opens in new window)<\/span><\/a><\/li><li class=\"share-end\"><\/li><\/ul><\/div><\/div><\/div>","protected":false},"excerpt":{"rendered":"<p>Cap de setmana del 27-28 de juny La idea \u00e9s fer una excursi\u00f3 a la Serra d&#8217;Ensija el diumenge per\u00f2 pujar a la casa i ja passar el dissabte, dinar, sopar i dormir, esmorzar diumenge i acabar fent el picnic a l&#8217;excursi\u00f3 per baixar a Terrassa a la tarda-vespre&#8230; A la casa de col\u00f2nies el &hellip; <a href=\"http:\/\/www.tecnos.cat\/ampa\/proposta-de-cap-de-setmana-treskatecnos-el-27-28-de-maig\/\" class=\"more-link\">Continua la lectura de <span class=\"screen-reader-text\">Proposta de cap de setmana Treskatecnos el 27-28 de maig<\/span><\/a><\/p>\n<div class=\"sharedaddy sd-sharing-enabled\"><div class=\"robots-nocontent sd-block sd-social sd-social-icon sd-sharing\"><h3 class=\"sd-title\">Share this:<\/h3><div class=\"sd-content\"><ul><li class=\"share-print\"><a rel=\"nofollow noopener noreferrer\" data-shared=\"\" class=\"share-print sd-button share-icon no-text\" href=\"http:\/\/www.tecnos.cat\/ampa\/proposta-de-cap-de-setmana-treskatecnos-el-27-28-de-maig\/\" target=\"_blank\" title=\"Click to print\" ><span><\/span><span class=\"sharing-screen-reader-text\">Click to print (Opens in new window)<\/span><\/a><\/li><li class=\"share-email\"><a rel=\"nofollow noopener noreferrer\" data-shared=\"\" class=\"share-email sd-button share-icon no-text\" href=\"mailto:?subject=%5BShared%20Post%5D%20Proposta%20de%20cap%20de%20setmana%20Treskatecnos%20el%2027-28%20de%20maig&body=http%3A%2F%2Fwww.tecnos.cat%2Fampa%2Fproposta-de-cap-de-setmana-treskatecnos-el-27-28-de-maig%2F&share=email\" target=\"_blank\" title=\"Click to email a link to a friend\" data-email-share-error-title=\"Do you have email set up?\" data-email-share-error-text=\"If you&#039;re having problems sharing via email, you might not have email set up for your browser. You may need to create a new email yourself.\" data-email-share-nonce=\"6c7a303684\" data-email-share-track-url=\"http:\/\/www.tecnos.cat\/ampa\/proposta-de-cap-de-setmana-treskatecnos-el-27-28-de-maig\/?share=email\"><span><\/span><span class=\"sharing-screen-reader-text\">Click to email a link to a friend (Opens in new window)<\/span><\/a><\/li><li class=\"share-facebook\"><a rel=\"nofollow noopener noreferrer\" data-shared=\"sharing-facebook-2023\" class=\"share-facebook sd-button share-icon no-text\" href=\"http:\/\/www.tecnos.cat\/ampa\/proposta-de-cap-de-setmana-treskatecnos-el-27-28-de-maig\/?share=facebook\" target=\"_blank\" title=\"Click to share on Facebook\" ><span><\/span><span class=\"sharing-screen-reader-text\">Click to share on Facebook (Opens in new window)<\/span><\/a><\/li><li class=\"share-linkedin\"><a rel=\"nofollow noopener noreferrer\" data-shared=\"sharing-linkedin-2023\" class=\"share-linkedin sd-button share-icon no-text\" href=\"http:\/\/www.tecnos.cat\/ampa\/proposta-de-cap-de-setmana-treskatecnos-el-27-28-de-maig\/?share=linkedin\" target=\"_blank\" title=\"Click to share on LinkedIn\" ><span><\/span><span class=\"sharing-screen-reader-text\">Click to share on LinkedIn (Opens in new window)<\/span><\/a><\/li><li class=\"share-twitter\"><a rel=\"nofollow noopener noreferrer\" data-shared=\"sharing-twitter-2023\" class=\"share-twitter sd-button share-icon no-text\" href=\"http:\/\/www.tecnos.cat\/ampa\/proposta-de-cap-de-setmana-treskatecnos-el-27-28-de-maig\/?share=twitter\" target=\"_blank\" title=\"Click to share on Twitter\" ><span><\/span><span class=\"sharing-screen-reader-text\">Click to share on Twitter (Opens in new window)<\/span><\/a><\/li><li class=\"share-end\"><\/li><\/ul><\/div><\/div><\/div>","protected":false},"author":1,"featured_media":0,"comment_status":"open","ping_status":"closed","sticky":false,"template":"","format":"standard","meta":{"jetpack_post_was_ever_published":false,"jetpack_publicize_message":"","jetpack_is_tweetstorm":false,"jetpack_publicize_feature_enabled":true},"categories":[33],"tags":[],"jetpack_publicize_connections":[],"jetpack_featured_media_url":"","jetpack_sharing_enabled":true,"jetpack_shortlink":"https:\/\/wp.me\/p3fByE-wD","_links":{"self":[{"href":"http:\/\/www.tecnos.cat\/ampa\/wp-json\/wp\/v2\/posts\/2023"}],"collection":[{"href":"http:\/\/www.tecnos.cat\/ampa\/wp-json\/wp\/v2\/posts"}],"about":[{"href":"http:\/\/www.tecnos.cat\/ampa\/wp-json\/wp\/v2\/types\/post"}],"author":[{"embeddable":true,"href":"http:\/\/www.tecnos.cat\/ampa\/wp-json\/wp\/v2\/users\/1"}],"replies":[{"embeddable":true,"href":"http:\/\/www.tecnos.cat\/ampa\/wp-json\/wp\/v2\/comments?post=2023"}],"version-history":[{"count":1,"href":"http:\/\/www.tecnos.cat\/ampa\/wp-json\/wp\/v2\/posts\/2023\/revisions"}],"predecessor-version":[{"id":2024,"href":"http:\/\/www.tecnos.cat\/ampa\/wp-json\/wp\/v2\/posts\/2023\/revisions\/2024"}],"wp:attachment":[{"href":"http:\/\/www.tecnos.cat\/ampa\/wp-json\/wp\/v2\/media?parent=2023"}],"wp:term":[{"taxonomy":"category","embeddable":true,"href":"http:\/\/www.tecnos.cat\/ampa\/wp-json\/wp\/v2\/categories?post=2023"},{"taxonomy":"post_tag","embeddable":true,"href":"http:\/\/www.tecnos.cat\/ampa\/wp-json\/wp\/v2\/tags?post=2023"}],"curies":[{"name":"wp","href":"https:\/\/api.w.org\/{rel}","templated":true}]}}