{"id":2010,"date":"2015-05-03T20:06:43","date_gmt":"2015-05-03T20:06:43","guid":{"rendered":"http:\/\/www.tecnos.cat\/ampa\/?p=2010"},"modified":"2018-02-25T16:08:46","modified_gmt":"2018-02-25T15:08:46","slug":"recollida-daliments-amb-els-alumnes-de-6e","status":"publish","type":"post","link":"http:\/\/www.tecnos.cat\/ampa\/recollida-daliments-amb-els-alumnes-de-6e\/","title":{"rendered":"Recollida d&#8217;aliments amb els alumnes de 6\u00e8"},"content":{"rendered":"<div><img class=\" aligncenter\" src=\"https:\/\/ci5.googleusercontent.com\/proxy\/cw81UD3xPXyleh3BaGMqdl6Pml7Z-GurwMnmzwKMxxIRnTk19F68MwA0ay6xp-xDb9gIWlpzlYQcnlLdaGct_IoEuuUtzDYm-u61JSLrDazBvzNu-4dl-nQWYy6X1HDQ-tdeAaXzxrd2pbAnkZSU7j_7=s0-d-e1-ft#http:\/\/tecnos.ip-zone.com\/mailing-manager\/domains\/tecnos_ip-zone_com\/files\/img\/\/dibujo-6.jpg\" alt=\"\" \/><\/div>\n<div><\/div>\n<div>Us informem que els <strong>alumnes de 6\u00e8<\/strong> de l\u2019escola estan participant en un projecte amb el Banc d\u2019aliments de la nostra ciutat. Aquesta activitat s\u2019emmarca en un projecte global de la Tecnos que t\u00e9 per objectiu que els nostres alumnes esdevinguin persones socialment compromeses a trav\u00e9s d\u2019activitats d\u2019aprenentatge i servei amb diverses entitats de la ciutat, entre d\u2019altres.<\/div>\n<div><\/div>\n<div>Aquesta acci\u00f3 tamb\u00e9 s\u2019emmarca dins el treball conjunt que estem realitzant amb l\u2019AMPA de l\u2019escola, a trav\u00e9s de la Comissi\u00f3 solid\u00e0ria, compartint \u00a0aquesta i altres activitats, amb la voluntat de crear sin\u00e8rgies i sumar esfor\u00e7os, \u00a0en aquest objectiu com\u00fa.<\/p>\n<div>Van comen\u00e7ar fent una <span style=\"text-decoration: underline;\">visita al centre del Banc d\u2019aliments<\/span> on recullen i distribueixen el menjar, amb l\u2019objectiu de con\u00e8ixer de primera m\u00e0 la realitat de la nostra ciutat al voltant d\u2019un tema molt preocupant: la dificultat de moltes fam\u00edlies del nostre entorn per tenir cada dia un plat a taula. Ara, s\u2019han d\u2019encarregar d\u2019organitzar una recollida d\u2019aliments a la nostra escola.<\/div>\n<div><\/div>\n<div><\/div>\n<div>\u00c9s per aix\u00f2 que us demanen la vostra col\u2022laboraci\u00f3. La <strong>setmana del 4 al 8 de maig<\/strong>, els alumnes d\u2019infantil i prim\u00e0ria trobaran unes caixes a les aules on podran deixar els aliments pel Rebost. Els alumnes de l\u2019ESO i Batxillerat les trobaran a l\u2019entrada del carrer Topete. Cada dia, els alumnes de 6\u00e8 recolliran el menjar del dia i prepararan la caixa per l\u2019endem\u00e0.<\/div>\n<div><\/div>\n<div>Els responsables del Rebost ens han demanat uns productes determinats, ja que sovint es troben que tenen molt menjar d\u2019un mateix tipus i en canvi els falten productes molt essencials i necessaris. Us demanem uns aliments determinats per cada cicle:<\/div>\n<div>\n<ul>\n<li>Educaci\u00f3 infantil:\u00a0Cacau soluble<\/li>\n<li>Cicle Inicial:\u00a0Pasta<\/li>\n<li>Cicle Mitj\u00e0: Oli d\u2019Oliva.<\/li>\n<li>Cicle Superior:\u00a0Conserves de peix<\/li>\n<li>ESO i BTX: Farina<\/li>\n<\/ul>\n<div>\n<div>El <strong>divendres 8 de maig al mat\u00ed la furgoneta del Rebost<\/strong> vindr\u00e0 a recollir totes les caixes d\u2019aliments que s\u2019hagin recollit.<\/div>\n<div><\/div>\n<div>Moltes gr\u00e0cies per la vostra ajuda i col\u00b7laboraci\u00f3.<\/div>\n<div><img loading=\"lazy\" class=\"aligncenter wp-image-2011\" src=\"http:\/\/www.tecnos.cat\/ampa\/wp-content\/uploads\/2015\/05\/unnamed-222x300.jpg\" alt=\"unnamed\" width=\"400\" height=\"541\" srcset=\"http:\/\/www.tecnos.cat\/ampa\/wp-content\/uploads\/2015\/05\/unnamed-222x300.jpg 222w, http:\/\/www.tecnos.cat\/ampa\/wp-content\/uploads\/2015\/05\/unnamed.jpg 614w\" sizes=\"(max-width: 400px) 100vw, 400px\" \/><\/div>\n<div><\/div>\n<\/div>\n<\/div>\n<\/div>\n<div class=\"sharedaddy sd-sharing-enabled\"><div class=\"robots-nocontent sd-block sd-social sd-social-icon sd-sharing\"><h3 class=\"sd-title\">Share this:<\/h3><div class=\"sd-content\"><ul><li class=\"share-print\"><a rel=\"nofollow noopener noreferrer\" data-shared=\"\" class=\"share-print sd-button share-icon no-text\" href=\"http:\/\/www.tecnos.cat\/ampa\/recollida-daliments-amb-els-alumnes-de-6e\/\" target=\"_blank\" title=\"Click to print\" ><span><\/span><span class=\"sharing-screen-reader-text\">Click to print (Opens in new window)<\/span><\/a><\/li><li class=\"share-email\"><a rel=\"nofollow noopener noreferrer\" data-shared=\"\" class=\"share-email sd-button share-icon no-text\" href=\"mailto:?subject=%5BShared%20Post%5D%20Recollida%20d%27aliments%20amb%20els%20alumnes%20de%206%C3%A8&body=http%3A%2F%2Fwww.tecnos.cat%2Fampa%2Frecollida-daliments-amb-els-alumnes-de-6e%2F&share=email\" target=\"_blank\" title=\"Click to email a link to a friend\" data-email-share-error-title=\"Do you have email set up?\" data-email-share-error-text=\"If you&#039;re having problems sharing via email, you might not have email set up for your browser. You may need to create a new email yourself.\" data-email-share-nonce=\"98522a6856\" data-email-share-track-url=\"http:\/\/www.tecnos.cat\/ampa\/recollida-daliments-amb-els-alumnes-de-6e\/?share=email\"><span><\/span><span class=\"sharing-screen-reader-text\">Click to email a link to a friend (Opens in new window)<\/span><\/a><\/li><li class=\"share-facebook\"><a rel=\"nofollow noopener noreferrer\" data-shared=\"sharing-facebook-2010\" class=\"share-facebook sd-button share-icon no-text\" href=\"http:\/\/www.tecnos.cat\/ampa\/recollida-daliments-amb-els-alumnes-de-6e\/?share=facebook\" target=\"_blank\" title=\"Click to share on Facebook\" ><span><\/span><span class=\"sharing-screen-reader-text\">Click to share on Facebook (Opens in new window)<\/span><\/a><\/li><li class=\"share-linkedin\"><a rel=\"nofollow noopener noreferrer\" data-shared=\"sharing-linkedin-2010\" class=\"share-linkedin sd-button share-icon no-text\" href=\"http:\/\/www.tecnos.cat\/ampa\/recollida-daliments-amb-els-alumnes-de-6e\/?share=linkedin\" target=\"_blank\" title=\"Click to share on LinkedIn\" ><span><\/span><span class=\"sharing-screen-reader-text\">Click to share on LinkedIn (Opens in new window)<\/span><\/a><\/li><li class=\"share-twitter\"><a rel=\"nofollow noopener noreferrer\" data-shared=\"sharing-twitter-2010\" class=\"share-twitter sd-button share-icon no-text\" href=\"http:\/\/www.tecnos.cat\/ampa\/recollida-daliments-amb-els-alumnes-de-6e\/?share=twitter\" target=\"_blank\" title=\"Click to share on Twitter\" ><span><\/span><span class=\"sharing-screen-reader-text\">Click to share on Twitter (Opens in new window)<\/span><\/a><\/li><li class=\"share-end\"><\/li><\/ul><\/div><\/div><\/div>","protected":false},"excerpt":{"rendered":"<p>Us informem que els alumnes de 6\u00e8 de l\u2019escola estan participant en un projecte amb el Banc d\u2019aliments de la nostra ciutat. Aquesta activitat s\u2019emmarca en un projecte global de la Tecnos que t\u00e9 per objectiu que els nostres alumnes esdevinguin persones socialment compromeses a trav\u00e9s d\u2019activitats d\u2019aprenentatge i servei amb diverses entitats de la &hellip; <a href=\"http:\/\/www.tecnos.cat\/ampa\/recollida-daliments-amb-els-alumnes-de-6e\/\" class=\"more-link\">Continua la lectura de <span class=\"screen-reader-text\">Recollida d&#8217;aliments amb els alumnes de 6\u00e8<\/span><\/a><\/p>\n<div class=\"sharedaddy sd-sharing-enabled\"><div class=\"robots-nocontent sd-block sd-social sd-social-icon sd-sharing\"><h3 class=\"sd-title\">Share this:<\/h3><div class=\"sd-content\"><ul><li class=\"share-print\"><a rel=\"nofollow noopener noreferrer\" data-shared=\"\" class=\"share-print sd-button share-icon no-text\" href=\"http:\/\/www.tecnos.cat\/ampa\/recollida-daliments-amb-els-alumnes-de-6e\/\" target=\"_blank\" title=\"Click to print\" ><span><\/span><span class=\"sharing-screen-reader-text\">Click to print (Opens in new window)<\/span><\/a><\/li><li class=\"share-email\"><a rel=\"nofollow noopener noreferrer\" data-shared=\"\" class=\"share-email sd-button share-icon no-text\" href=\"mailto:?subject=%5BShared%20Post%5D%20Recollida%20d%27aliments%20amb%20els%20alumnes%20de%206%C3%A8&body=http%3A%2F%2Fwww.tecnos.cat%2Fampa%2Frecollida-daliments-amb-els-alumnes-de-6e%2F&share=email\" target=\"_blank\" title=\"Click to email a link to a friend\" data-email-share-error-title=\"Do you have email set up?\" data-email-share-error-text=\"If you&#039;re having problems sharing via email, you might not have email set up for your browser. You may need to create a new email yourself.\" data-email-share-nonce=\"98522a6856\" data-email-share-track-url=\"http:\/\/www.tecnos.cat\/ampa\/recollida-daliments-amb-els-alumnes-de-6e\/?share=email\"><span><\/span><span class=\"sharing-screen-reader-text\">Click to email a link to a friend (Opens in new window)<\/span><\/a><\/li><li class=\"share-facebook\"><a rel=\"nofollow noopener noreferrer\" data-shared=\"sharing-facebook-2010\" class=\"share-facebook sd-button share-icon no-text\" href=\"http:\/\/www.tecnos.cat\/ampa\/recollida-daliments-amb-els-alumnes-de-6e\/?share=facebook\" target=\"_blank\" title=\"Click to share on Facebook\" ><span><\/span><span class=\"sharing-screen-reader-text\">Click to share on Facebook (Opens in new window)<\/span><\/a><\/li><li class=\"share-linkedin\"><a rel=\"nofollow noopener noreferrer\" data-shared=\"sharing-linkedin-2010\" class=\"share-linkedin sd-button share-icon no-text\" href=\"http:\/\/www.tecnos.cat\/ampa\/recollida-daliments-amb-els-alumnes-de-6e\/?share=linkedin\" target=\"_blank\" title=\"Click to share on LinkedIn\" ><span><\/span><span class=\"sharing-screen-reader-text\">Click to share on LinkedIn (Opens in new window)<\/span><\/a><\/li><li class=\"share-twitter\"><a rel=\"nofollow noopener noreferrer\" data-shared=\"sharing-twitter-2010\" class=\"share-twitter sd-button share-icon no-text\" href=\"http:\/\/www.tecnos.cat\/ampa\/recollida-daliments-amb-els-alumnes-de-6e\/?share=twitter\" target=\"_blank\" title=\"Click to share on Twitter\" ><span><\/span><span class=\"sharing-screen-reader-text\">Click to share on Twitter (Opens in new window)<\/span><\/a><\/li><li class=\"share-end\"><\/li><\/ul><\/div><\/div><\/div>","protected":false},"author":1,"featured_media":0,"comment_status":"open","ping_status":"closed","sticky":false,"template":"","format":"standard","meta":{"jetpack_post_was_ever_published":false,"jetpack_publicize_message":"","jetpack_is_tweetstorm":false,"jetpack_publicize_feature_enabled":true},"categories":[8],"tags":[220],"jetpack_publicize_connections":[],"jetpack_featured_media_url":"","jetpack_sharing_enabled":true,"jetpack_shortlink":"https:\/\/wp.me\/p3fByE-wq","_links":{"self":[{"href":"http:\/\/www.tecnos.cat\/ampa\/wp-json\/wp\/v2\/posts\/2010"}],"collection":[{"href":"http:\/\/www.tecnos.cat\/ampa\/wp-json\/wp\/v2\/posts"}],"about":[{"href":"http:\/\/www.tecnos.cat\/ampa\/wp-json\/wp\/v2\/types\/post"}],"author":[{"embeddable":true,"href":"http:\/\/www.tecnos.cat\/ampa\/wp-json\/wp\/v2\/users\/1"}],"replies":[{"embeddable":true,"href":"http:\/\/www.tecnos.cat\/ampa\/wp-json\/wp\/v2\/comments?post=2010"}],"version-history":[{"count":1,"href":"http:\/\/www.tecnos.cat\/ampa\/wp-json\/wp\/v2\/posts\/2010\/revisions"}],"predecessor-version":[{"id":2012,"href":"http:\/\/www.tecnos.cat\/ampa\/wp-json\/wp\/v2\/posts\/2010\/revisions\/2012"}],"wp:attachment":[{"href":"http:\/\/www.tecnos.cat\/ampa\/wp-json\/wp\/v2\/media?parent=2010"}],"wp:term":[{"taxonomy":"category","embeddable":true,"href":"http:\/\/www.tecnos.cat\/ampa\/wp-json\/wp\/v2\/categories?post=2010"},{"taxonomy":"post_tag","embeddable":true,"href":"http:\/\/www.tecnos.cat\/ampa\/wp-json\/wp\/v2\/tags?post=2010"}],"curies":[{"name":"wp","href":"https:\/\/api.w.org\/{rel}","templated":true}]}}