{"id":2006,"date":"2015-04-28T10:54:28","date_gmt":"2015-04-28T10:54:28","guid":{"rendered":"http:\/\/www.tecnos.cat\/ampa\/?p=2006"},"modified":"2015-04-28T10:55:31","modified_gmt":"2015-04-28T10:55:31","slug":"afaec-xerrada-del-gregorio-luri-intel%c2%b7ligentment-emocionals","status":"publish","type":"post","link":"http:\/\/www.tecnos.cat\/ampa\/afaec-xerrada-del-gregorio-luri-intel%c2%b7ligentment-emocionals\/","title":{"rendered":"AFAEC Xerrada del Gregorio Luri: Intel\u00b7ligentment emocionals"},"content":{"rendered":"<p>Pares i Mares, ja sabeu que enguany des de l&#8217;Ampa estem federats i formem part de la Junta de <strong><a href=\"http:\/\/www.afaec.cat\">l&#8217;AFAEC<\/a><\/strong>, la Federaci\u00f3 d&#8217;Associacions de Mares i Pares de l&#8217;Agrupaci\u00f3 Escolar Catalana (AEC), aix\u00f2 en resum vol dir que un grup d&#8217;Ampes d&#8217;escoles de l&#8217;AEC volem com a pares i mares tenir un marc com\u00fa de treball i de posada en com\u00fa arrel del tarann\u00e0 d&#8217;escola on portem als nostes fills\/es.<\/p>\n<p>L&#8217;AFAEC comen\u00e7a a bellugar-se amb l&#8217;escola de pares amb una <strong>Xerrada del Gregorio Luri<\/strong>: Intel\u00b7ligentment emocionals. La xerrada estar\u00e0 condu\u00efda pel Roger de Gr\u00e0cia, l&#8217;Anna Manso i en Francesc Canosa que ens van acompanyar a la presentaci\u00f3 oficial de la federaci\u00f3. Esteu tots convidats, heu de fer <a href=\"http:\/\/goo.gl\/forms\/rUPrKRQY9z\">clic al seg\u00fcent enlla\u00e7<\/a> per poder fer la inscripci\u00f3.<\/p>\n<p><strong>La xerrada ser\u00e0 a l&#8217;Escola IPSI de Barcelona el proper 11 de maig a les 19h.<\/strong><\/p>\n<p>&nbsp;<\/p>\n<p><a href=\"http:\/\/www.tecnos.cat\/ampa\/wp-content\/uploads\/2015\/04\/xerrades-afaec.jpg\"><img loading=\"lazy\" class=\"aligncenter wp-image-2007 size-large\" src=\"http:\/\/www.tecnos.cat\/ampa\/wp-content\/uploads\/2015\/04\/xerrades-afaec-476x1024.jpg\" alt=\"xerrades-afaec\" width=\"476\" height=\"1024\" srcset=\"http:\/\/www.tecnos.cat\/ampa\/wp-content\/uploads\/2015\/04\/xerrades-afaec-476x1024.jpg 476w, http:\/\/www.tecnos.cat\/ampa\/wp-content\/uploads\/2015\/04\/xerrades-afaec-139x300.jpg 139w, http:\/\/www.tecnos.cat\/ampa\/wp-content\/uploads\/2015\/04\/xerrades-afaec.jpg 700w\" sizes=\"(max-width: 476px) 100vw, 476px\" \/><\/a><\/p>\n<div class=\"sharedaddy sd-sharing-enabled\"><div class=\"robots-nocontent sd-block sd-social sd-social-icon sd-sharing\"><h3 class=\"sd-title\">Share this:<\/h3><div class=\"sd-content\"><ul><li class=\"share-print\"><a rel=\"nofollow noopener noreferrer\" data-shared=\"\" class=\"share-print sd-button share-icon no-text\" href=\"http:\/\/www.tecnos.cat\/ampa\/afaec-xerrada-del-gregorio-luri-intel%c2%b7ligentment-emocionals\/\" target=\"_blank\" title=\"Click to print\" ><span><\/span><span class=\"sharing-screen-reader-text\">Click to print (Opens in new window)<\/span><\/a><\/li><li class=\"share-email\"><a rel=\"nofollow noopener noreferrer\" data-shared=\"\" class=\"share-email sd-button share-icon no-text\" href=\"mailto:?subject=%5BShared%20Post%5D%20AFAEC%20Xerrada%20del%20Gregorio%20Luri%3A%20Intel%C2%B7ligentment%20emocionals&body=http%3A%2F%2Fwww.tecnos.cat%2Fampa%2Fafaec-xerrada-del-gregorio-luri-intel%25c2%25b7ligentment-emocionals%2F&share=email\" target=\"_blank\" title=\"Click to email a link to a friend\" data-email-share-error-title=\"Do you have email set up?\" data-email-share-error-text=\"If you&#039;re having problems sharing via email, you might not have email set up for your browser. You may need to create a new email yourself.\" data-email-share-nonce=\"df6345d3ca\" data-email-share-track-url=\"http:\/\/www.tecnos.cat\/ampa\/afaec-xerrada-del-gregorio-luri-intel%c2%b7ligentment-emocionals\/?share=email\"><span><\/span><span class=\"sharing-screen-reader-text\">Click to email a link to a friend (Opens in new window)<\/span><\/a><\/li><li class=\"share-facebook\"><a rel=\"nofollow noopener noreferrer\" data-shared=\"sharing-facebook-2006\" class=\"share-facebook sd-button share-icon no-text\" href=\"http:\/\/www.tecnos.cat\/ampa\/afaec-xerrada-del-gregorio-luri-intel%c2%b7ligentment-emocionals\/?share=facebook\" target=\"_blank\" title=\"Click to share on Facebook\" ><span><\/span><span class=\"sharing-screen-reader-text\">Click to share on Facebook (Opens in new window)<\/span><\/a><\/li><li class=\"share-linkedin\"><a rel=\"nofollow noopener noreferrer\" data-shared=\"sharing-linkedin-2006\" class=\"share-linkedin sd-button share-icon no-text\" href=\"http:\/\/www.tecnos.cat\/ampa\/afaec-xerrada-del-gregorio-luri-intel%c2%b7ligentment-emocionals\/?share=linkedin\" target=\"_blank\" title=\"Click to share on LinkedIn\" ><span><\/span><span class=\"sharing-screen-reader-text\">Click to share on LinkedIn (Opens in new window)<\/span><\/a><\/li><li class=\"share-twitter\"><a rel=\"nofollow noopener noreferrer\" data-shared=\"sharing-twitter-2006\" class=\"share-twitter sd-button share-icon no-text\" href=\"http:\/\/www.tecnos.cat\/ampa\/afaec-xerrada-del-gregorio-luri-intel%c2%b7ligentment-emocionals\/?share=twitter\" target=\"_blank\" title=\"Click to share on Twitter\" ><span><\/span><span class=\"sharing-screen-reader-text\">Click to share on Twitter (Opens in new window)<\/span><\/a><\/li><li class=\"share-end\"><\/li><\/ul><\/div><\/div><\/div>","protected":false},"excerpt":{"rendered":"<p>Pares i Mares, ja sabeu que enguany des de l&#8217;Ampa estem federats i formem part de la Junta de l&#8217;AFAEC, la Federaci\u00f3 d&#8217;Associacions de Mares i Pares de l&#8217;Agrupaci\u00f3 Escolar Catalana (AEC), aix\u00f2 en resum vol dir que un grup d&#8217;Ampes d&#8217;escoles de l&#8217;AEC volem com a pares i mares tenir un marc com\u00fa de &hellip; <a href=\"http:\/\/www.tecnos.cat\/ampa\/afaec-xerrada-del-gregorio-luri-intel%c2%b7ligentment-emocionals\/\" class=\"more-link\">Continua la lectura de <span class=\"screen-reader-text\">AFAEC Xerrada del Gregorio Luri: Intel\u00b7ligentment emocionals<\/span><\/a><\/p>\n<div class=\"sharedaddy sd-sharing-enabled\"><div class=\"robots-nocontent sd-block sd-social sd-social-icon sd-sharing\"><h3 class=\"sd-title\">Share this:<\/h3><div class=\"sd-content\"><ul><li class=\"share-print\"><a rel=\"nofollow noopener noreferrer\" data-shared=\"\" class=\"share-print sd-button share-icon no-text\" href=\"http:\/\/www.tecnos.cat\/ampa\/afaec-xerrada-del-gregorio-luri-intel%c2%b7ligentment-emocionals\/\" target=\"_blank\" title=\"Click to print\" ><span><\/span><span class=\"sharing-screen-reader-text\">Click to print (Opens in new window)<\/span><\/a><\/li><li class=\"share-email\"><a rel=\"nofollow noopener noreferrer\" data-shared=\"\" class=\"share-email sd-button share-icon no-text\" href=\"mailto:?subject=%5BShared%20Post%5D%20AFAEC%20Xerrada%20del%20Gregorio%20Luri%3A%20Intel%C2%B7ligentment%20emocionals&body=http%3A%2F%2Fwww.tecnos.cat%2Fampa%2Fafaec-xerrada-del-gregorio-luri-intel%25c2%25b7ligentment-emocionals%2F&share=email\" target=\"_blank\" title=\"Click to email a link to a friend\" data-email-share-error-title=\"Do you have email set up?\" data-email-share-error-text=\"If you&#039;re having problems sharing via email, you might not have email set up for your browser. You may need to create a new email yourself.\" data-email-share-nonce=\"df6345d3ca\" data-email-share-track-url=\"http:\/\/www.tecnos.cat\/ampa\/afaec-xerrada-del-gregorio-luri-intel%c2%b7ligentment-emocionals\/?share=email\"><span><\/span><span class=\"sharing-screen-reader-text\">Click to email a link to a friend (Opens in new window)<\/span><\/a><\/li><li class=\"share-facebook\"><a rel=\"nofollow noopener noreferrer\" data-shared=\"sharing-facebook-2006\" class=\"share-facebook sd-button share-icon no-text\" href=\"http:\/\/www.tecnos.cat\/ampa\/afaec-xerrada-del-gregorio-luri-intel%c2%b7ligentment-emocionals\/?share=facebook\" target=\"_blank\" title=\"Click to share on Facebook\" ><span><\/span><span class=\"sharing-screen-reader-text\">Click to share on Facebook (Opens in new window)<\/span><\/a><\/li><li class=\"share-linkedin\"><a rel=\"nofollow noopener noreferrer\" data-shared=\"sharing-linkedin-2006\" class=\"share-linkedin sd-button share-icon no-text\" href=\"http:\/\/www.tecnos.cat\/ampa\/afaec-xerrada-del-gregorio-luri-intel%c2%b7ligentment-emocionals\/?share=linkedin\" target=\"_blank\" title=\"Click to share on LinkedIn\" ><span><\/span><span class=\"sharing-screen-reader-text\">Click to share on LinkedIn (Opens in new window)<\/span><\/a><\/li><li class=\"share-twitter\"><a rel=\"nofollow noopener noreferrer\" data-shared=\"sharing-twitter-2006\" class=\"share-twitter sd-button share-icon no-text\" href=\"http:\/\/www.tecnos.cat\/ampa\/afaec-xerrada-del-gregorio-luri-intel%c2%b7ligentment-emocionals\/?share=twitter\" target=\"_blank\" title=\"Click to share on Twitter\" ><span><\/span><span class=\"sharing-screen-reader-text\">Click to share on Twitter (Opens in new window)<\/span><\/a><\/li><li class=\"share-end\"><\/li><\/ul><\/div><\/div><\/div>","protected":false},"author":1,"featured_media":0,"comment_status":"open","ping_status":"closed","sticky":false,"template":"","format":"standard","meta":{"jetpack_post_was_ever_published":false,"jetpack_publicize_message":"","jetpack_is_tweetstorm":false,"jetpack_publicize_feature_enabled":true},"categories":[9,1],"tags":[156],"jetpack_publicize_connections":[],"jetpack_featured_media_url":"","jetpack_sharing_enabled":true,"jetpack_shortlink":"https:\/\/wp.me\/p3fByE-wm","_links":{"self":[{"href":"http:\/\/www.tecnos.cat\/ampa\/wp-json\/wp\/v2\/posts\/2006"}],"collection":[{"href":"http:\/\/www.tecnos.cat\/ampa\/wp-json\/wp\/v2\/posts"}],"about":[{"href":"http:\/\/www.tecnos.cat\/ampa\/wp-json\/wp\/v2\/types\/post"}],"author":[{"embeddable":true,"href":"http:\/\/www.tecnos.cat\/ampa\/wp-json\/wp\/v2\/users\/1"}],"replies":[{"embeddable":true,"href":"http:\/\/www.tecnos.cat\/ampa\/wp-json\/wp\/v2\/comments?post=2006"}],"version-history":[{"count":2,"href":"http:\/\/www.tecnos.cat\/ampa\/wp-json\/wp\/v2\/posts\/2006\/revisions"}],"predecessor-version":[{"id":2009,"href":"http:\/\/www.tecnos.cat\/ampa\/wp-json\/wp\/v2\/posts\/2006\/revisions\/2009"}],"wp:attachment":[{"href":"http:\/\/www.tecnos.cat\/ampa\/wp-json\/wp\/v2\/media?parent=2006"}],"wp:term":[{"taxonomy":"category","embeddable":true,"href":"http:\/\/www.tecnos.cat\/ampa\/wp-json\/wp\/v2\/categories?post=2006"},{"taxonomy":"post_tag","embeddable":true,"href":"http:\/\/www.tecnos.cat\/ampa\/wp-json\/wp\/v2\/tags?post=2006"}],"curies":[{"name":"wp","href":"https:\/\/api.w.org\/{rel}","templated":true}]}}