{"id":1947,"date":"2015-02-16T23:00:14","date_gmt":"2015-02-16T23:00:14","guid":{"rendered":"http:\/\/www.tecnos.cat\/ampa\/?p=1947"},"modified":"2015-11-30T21:40:22","modified_gmt":"2015-11-30T21:40:22","slug":"a-que-tagradaria-que-el-teu-filla-es-dediques-de-gran-reflexions","status":"publish","type":"post","link":"http:\/\/www.tecnos.cat\/ampa\/a-que-tagradaria-que-el-teu-filla-es-dediques-de-gran-reflexions\/","title":{"rendered":"A qu\u00e8 t\u2019agradaria que el teu fill\/a es dediqu\u00e9s de gran? reflexions&#8230;."},"content":{"rendered":"<p><em><strong>Am\u00e0lia de Miguel, mare\u00a0de l&#8217;escola:<\/strong> Ufff!!! Carai amb la pregunta&#8230; perqu\u00e8 \u00e9s una pregunta que admet moltes i variades respostes i que pot crear confusi\u00f3, rebuig, malestar&#8230; bueno, que cadasc\u00fa col\u00b7loqui l\u2019adjectiu m\u00e9s adient a all\u00f2 que va sentir quan va llegir la pregunta.<\/em><\/p>\n<p><em>En el meu cas va ser una pregunta que em va convidar a fer una parada en el meu dia a dia i reflexionar sobre el futur&#8230; sobre aquell futur que veiem molt lluny per\u00f2 que mica en mica, i a vegades massa r\u00e0pid, va arribant.<\/em><\/p>\n<p><em>I amb la curiositat de veure qu\u00e8 hi havia darrera d\u2019aquesta pregunta, el passat 22 de gener vaig assistir a la trobada que v\u00e0rem fer alguns pares i mares a l\u2019escola. I dic trobada, perqu\u00e8 no va ser pas una reuni\u00f3 d\u2019AMPA convencional o una xerrada sobre professions, sino una trobada de mares i pares, que es va fer a l\u2019escola, per\u00f2 que, per l\u2019ambient que es va crear, es podia haver fet al bar de la cantonada fent unes cerveses o una coca-cola. <\/em><\/p>\n<p><em>No hi havia cap conferenciant que ens digu\u00e9s quina ser\u00e0 la professi\u00f3 del futur, o la que, segons les previsions, tindr\u00e0 menys \u00edndex d\u2019atur; tampoc hi havia cap persona experta en estad\u00edstica que analitz\u00e9s amb lupa el resultat de les respostes, simplement \u00e9rem mares i pares exposant e intercanviant els nostres neguits envers el futur dels nostres fills i filles&#8230; I la tranquil\u00b7litat que et d\u00f3na veure que els teus neguits s\u00f3n semblants als neguits de la mare que tens asseguda al costat, i del pare que tens al davant!!!.<br \/>\n<\/em><\/p>\n<p><em>La din\u00e0mica que v\u00e0rem fer ens donava peu a plantejar-nos moltes q\u00fcestions, per\u00f2 no \u00fanicament relaciones amb el futur dels nostres fills i filles, sino amb el nostre present: que li estic transmetent al meu fill\/filla que valori m\u00e9s, l\u2019\u00e8xit professional o els amics; realment li estic donant completa llibertat per qu\u00e8 tri\u00ef el seu futur o l\u2019estic dirigint\/orientant en exc\u00e9s???; de quina manera ho estic fent???<\/em><\/p>\n<p><em>\u00c9s per tot aix\u00f2, que voldria donar les gr\u00e0cies als pares i mares de l\u2019AMPA que han tingut la idea de plantejar aquest tipus de \u201cTROBADES\u201d, per posar sobre la taula temes que, sino a tots a la gran majoria, ens ronden pel cap. Per donar-nos l\u2019oportunitat de poder intercanviar impressions amb altres pares i mares i fer una paradeta, que de tant en tant no est\u00e0 gens malament. Agrair la feina feta i les hores de dedicaci\u00f3, per qu\u00e8 aix\u00f2 no es prepara en un parell de minutets.<\/em><\/p>\n<p><em>Perqu\u00e8, a banda de la professi\u00f3 que acabin exercint els nostres fills i filles, el que volen o en el meu cas el que vull, per davant de tot, \u00e9s que el meu fill sigui FELI\u00c7. <\/em><\/p>\n<p><em>Enhorabona i ens veiem a la pr\u00f2xima!!!<\/em><br \/>\n<em><strong>David Puig, pare de l&#8217;escola:<\/strong> Hola, vaig venir ahir a la reuni\u00f3 \u201cnou format\u201d del ampa i hem va agradar molt. Per:<\/em><\/p>\n<ul>\n<li><em>Parar una estona, i parlar i pensar em sembla molt enriquidor.<\/em><\/li>\n<li><em>El tema, pensar sobre l\u2019escala de valors i com transmetem aquesta \u00e9s molt interessant. Totalment cert, molts volem que siguin feli\u00e7os per\u00f2 els donem el que fa falta?<\/em><\/li>\n<li><em>El format molt encertat, treball en grups petits i posta en comu tots.<\/em><\/li>\n<li><em>Segur que gent que no han vingut, ni vindran pel fet de rebre l\u2019enquesta i haver-la de omplir, han generat un debat a casa amb els fills i la parella que \u00e9s interessant! A rumiar-hi en aquesta utilitat!<\/em><\/li>\n<li><em>Encertat el &#8216;Do it yourself&#8217;, sense experts, nom\u00e9s els pares<\/em><\/li>\n<li><em>Mai m\u2019havia plantejat que valoro m\u00e9s els amics o l\u2019acc\u00e9s a la cultura, encara hi dono voltes&#8230;<\/em><\/li>\n<\/ul>\n<p><strong><em>..qu\u00e8 et fa m\u00e9s feli\u00e7? <\/em><\/strong><\/p>\n<p><a href=\"http:\/\/www.tecnos.cat\/ampa\/wp-content\/uploads\/2015\/02\/ordre-prioritats.jpg\"><img loading=\"lazy\" class=\"alignleft wp-image-1953 size-full\" src=\"http:\/\/www.tecnos.cat\/ampa\/wp-content\/uploads\/2015\/02\/ordre-prioritats.jpg\" alt=\"ordre-prioritats\" width=\"508\" height=\"700\" srcset=\"http:\/\/www.tecnos.cat\/ampa\/wp-content\/uploads\/2015\/02\/ordre-prioritats.jpg 508w, http:\/\/www.tecnos.cat\/ampa\/wp-content\/uploads\/2015\/02\/ordre-prioritats-218x300.jpg 218w\" sizes=\"(max-width: 508px) 100vw, 508px\" \/><\/a><\/p>\n<p><strong>&#8230;.el que &#8220;pensem&#8221; que ens fa feli\u00e7os i el que &#8220;transmetem&#8221;&#8230;.<\/strong><\/p>\n<div class=\"youtube_sc  fluid widescreen\"><div class=\"inner block\"><noscript><style type=\"text\/css\">.youtube_sc iframe.yp{display:none;}<\/style><object width=\"560\" height=\"340\" class=\"yp\" title=\"YouTube video player\"><param name=\"movie\" value=\"http:\/\/www.youtube.com\/v\/ouYHJ5-m-8k?version=3&amp;hl=en_US\"><param name=\"allowscriptaccess\" value=\"always\"><param name=\"wmode\" value=\"transparent\"><embed src=\"http:\/\/www.youtube.com\/v\/ouYHJ5-m-8k?version=3&amp;hl=en_US\" width=\"560\" height=\"340\" class=\"yp\" type=\"application\/x-shockwave-flash\" wmode=\"transparent\" allowscriptaccess=\"always\"><span style=\"display:block;margin-top:15px;\">The Adobe Flash Player is required for video playback.<br><a href=\"http:\/\/get.adobe.com\/flashplayer\/\" title=\"Install from Adobe\">Get the latest Flash Player<\/a> or <a href=\"http:\/\/www.youtube.com\/watch?v=ouYHJ5-m-8k\" target=\"_blank\" title=\"Watch on YouTube\">Watch this video on YouTube<\/a>.<\/span><\/object><\/noscript><iframe src=\"http:\/\/www.youtube.com\/embed\/ouYHJ5-m-8k?version=3&amp;wmode=transparent\" width=\"560\" height=\"340\" class=\"yp\" title=\"YouTube video player\" frameborder=\"0\" allowfullscreen><\/iframe><\/div><\/div>\n<p><strong><br \/>\n<a href=\"http:\/\/www.tecnos.cat\/ampa\/wp-content\/uploads\/2015\/02\/felicitat-xerrada-ampa-tecnos1.jpg\"><img loading=\"lazy\" class=\"alignleft wp-image-1952 size-full\" src=\"http:\/\/www.tecnos.cat\/ampa\/wp-content\/uploads\/2015\/02\/felicitat-xerrada-ampa-tecnos1.jpg\" alt=\"felicitat-xerrada-ampa-tecnos\" width=\"508\" height=\"336\" srcset=\"http:\/\/www.tecnos.cat\/ampa\/wp-content\/uploads\/2015\/02\/felicitat-xerrada-ampa-tecnos1.jpg 508w, http:\/\/www.tecnos.cat\/ampa\/wp-content\/uploads\/2015\/02\/felicitat-xerrada-ampa-tecnos1-300x198.jpg 300w\" sizes=\"(max-width: 508px) 100vw, 508px\" \/><\/a><br \/>\n<\/strong><\/p>\n<p><span style=\"color: #ff9900;\"><strong>Aqu\u00ed teniu la versi\u00f3 de primera m\u00e0 de reuni\u00f3 de l&#8217;Ampa del passat gener, el qu\u00e8 es va viure i el que es va treballar en equip, fent xarxa de pares!\u00a0esperem que us transmeti les ganes\u00a0de compratir properes trobades i que us engresqui a formar-ne part per participar activament en elles. Que sortin temes interessants amb els que ens trobem en el nostre dia a dia com a pares i mares.<\/strong><\/span><\/p>\n<p><span style=\"color: #ff9900;\"><strong>La propera reuni\u00f3 en aquesta l\u00ednia ser\u00e0 la reuni\u00f3 del mes d&#8217;Abril i si voleu participar per muntar-la i teniu idees veniu, feu arribar un correu, us esperem!: ampa@tecnos.cat<\/strong><\/span><\/p>\n<div class=\"sharedaddy sd-sharing-enabled\"><div class=\"robots-nocontent sd-block sd-social sd-social-icon sd-sharing\"><h3 class=\"sd-title\">Share this:<\/h3><div class=\"sd-content\"><ul><li class=\"share-print\"><a rel=\"nofollow noopener noreferrer\" data-shared=\"\" class=\"share-print sd-button share-icon no-text\" href=\"http:\/\/www.tecnos.cat\/ampa\/a-que-tagradaria-que-el-teu-filla-es-dediques-de-gran-reflexions\/\" target=\"_blank\" title=\"Click to print\" ><span><\/span><span class=\"sharing-screen-reader-text\">Click to print (Opens in new window)<\/span><\/a><\/li><li class=\"share-email\"><a rel=\"nofollow noopener noreferrer\" data-shared=\"\" class=\"share-email sd-button share-icon no-text\" href=\"mailto:?subject=%5BShared%20Post%5D%20A%20qu%C3%A8%20t%E2%80%99agradaria%20que%20el%20teu%20fill%2Fa%20es%20dediqu%C3%A9s%20de%20gran%3F%20reflexions....&body=http%3A%2F%2Fwww.tecnos.cat%2Fampa%2Fa-que-tagradaria-que-el-teu-filla-es-dediques-de-gran-reflexions%2F&share=email\" target=\"_blank\" title=\"Click to email a link to a friend\" data-email-share-error-title=\"Do you have email set up?\" data-email-share-error-text=\"If you&#039;re having problems sharing via email, you might not have email set up for your browser. You may need to create a new email yourself.\" data-email-share-nonce=\"26e3144ecb\" data-email-share-track-url=\"http:\/\/www.tecnos.cat\/ampa\/a-que-tagradaria-que-el-teu-filla-es-dediques-de-gran-reflexions\/?share=email\"><span><\/span><span class=\"sharing-screen-reader-text\">Click to email a link to a friend (Opens in new window)<\/span><\/a><\/li><li class=\"share-facebook\"><a rel=\"nofollow noopener noreferrer\" data-shared=\"sharing-facebook-1947\" class=\"share-facebook sd-button share-icon no-text\" href=\"http:\/\/www.tecnos.cat\/ampa\/a-que-tagradaria-que-el-teu-filla-es-dediques-de-gran-reflexions\/?share=facebook\" target=\"_blank\" title=\"Click to share on Facebook\" ><span><\/span><span class=\"sharing-screen-reader-text\">Click to share on Facebook (Opens in new window)<\/span><\/a><\/li><li class=\"share-linkedin\"><a rel=\"nofollow noopener noreferrer\" data-shared=\"sharing-linkedin-1947\" class=\"share-linkedin sd-button share-icon no-text\" href=\"http:\/\/www.tecnos.cat\/ampa\/a-que-tagradaria-que-el-teu-filla-es-dediques-de-gran-reflexions\/?share=linkedin\" target=\"_blank\" title=\"Click to share on LinkedIn\" ><span><\/span><span class=\"sharing-screen-reader-text\">Click to share on LinkedIn (Opens in new window)<\/span><\/a><\/li><li class=\"share-twitter\"><a rel=\"nofollow noopener noreferrer\" data-shared=\"sharing-twitter-1947\" class=\"share-twitter sd-button share-icon no-text\" href=\"http:\/\/www.tecnos.cat\/ampa\/a-que-tagradaria-que-el-teu-filla-es-dediques-de-gran-reflexions\/?share=twitter\" target=\"_blank\" title=\"Click to share on Twitter\" ><span><\/span><span class=\"sharing-screen-reader-text\">Click to share on Twitter (Opens in new window)<\/span><\/a><\/li><li class=\"share-end\"><\/li><\/ul><\/div><\/div><\/div>","protected":false},"excerpt":{"rendered":"<p>Am\u00e0lia de Miguel, mare\u00a0de l&#8217;escola: Ufff!!! Carai amb la pregunta&#8230; perqu\u00e8 \u00e9s una pregunta que admet moltes i variades respostes i que pot crear confusi\u00f3, rebuig, malestar&#8230; bueno, que cadasc\u00fa col\u00b7loqui l\u2019adjectiu m\u00e9s adient a all\u00f2 que va sentir quan va llegir la pregunta. En el meu cas va ser una pregunta que em va &hellip; <a href=\"http:\/\/www.tecnos.cat\/ampa\/a-que-tagradaria-que-el-teu-filla-es-dediques-de-gran-reflexions\/\" class=\"more-link\">Continua la lectura de <span class=\"screen-reader-text\">A qu\u00e8 t\u2019agradaria que el teu fill\/a es dediqu\u00e9s de gran? reflexions&#8230;.<\/span><\/a><\/p>\n<div class=\"sharedaddy sd-sharing-enabled\"><div class=\"robots-nocontent sd-block sd-social sd-social-icon sd-sharing\"><h3 class=\"sd-title\">Share this:<\/h3><div class=\"sd-content\"><ul><li class=\"share-print\"><a rel=\"nofollow noopener noreferrer\" data-shared=\"\" class=\"share-print sd-button share-icon no-text\" href=\"http:\/\/www.tecnos.cat\/ampa\/a-que-tagradaria-que-el-teu-filla-es-dediques-de-gran-reflexions\/\" target=\"_blank\" title=\"Click to print\" ><span><\/span><span class=\"sharing-screen-reader-text\">Click to print (Opens in new window)<\/span><\/a><\/li><li class=\"share-email\"><a rel=\"nofollow noopener noreferrer\" data-shared=\"\" class=\"share-email sd-button share-icon no-text\" href=\"mailto:?subject=%5BShared%20Post%5D%20A%20qu%C3%A8%20t%E2%80%99agradaria%20que%20el%20teu%20fill%2Fa%20es%20dediqu%C3%A9s%20de%20gran%3F%20reflexions....&body=http%3A%2F%2Fwww.tecnos.cat%2Fampa%2Fa-que-tagradaria-que-el-teu-filla-es-dediques-de-gran-reflexions%2F&share=email\" target=\"_blank\" title=\"Click to email a link to a friend\" data-email-share-error-title=\"Do you have email set up?\" data-email-share-error-text=\"If you&#039;re having problems sharing via email, you might not have email set up for your browser. You may need to create a new email yourself.\" data-email-share-nonce=\"26e3144ecb\" data-email-share-track-url=\"http:\/\/www.tecnos.cat\/ampa\/a-que-tagradaria-que-el-teu-filla-es-dediques-de-gran-reflexions\/?share=email\"><span><\/span><span class=\"sharing-screen-reader-text\">Click to email a link to a friend (Opens in new window)<\/span><\/a><\/li><li class=\"share-facebook\"><a rel=\"nofollow noopener noreferrer\" data-shared=\"sharing-facebook-1947\" class=\"share-facebook sd-button share-icon no-text\" href=\"http:\/\/www.tecnos.cat\/ampa\/a-que-tagradaria-que-el-teu-filla-es-dediques-de-gran-reflexions\/?share=facebook\" target=\"_blank\" title=\"Click to share on Facebook\" ><span><\/span><span class=\"sharing-screen-reader-text\">Click to share on Facebook (Opens in new window)<\/span><\/a><\/li><li class=\"share-linkedin\"><a rel=\"nofollow noopener noreferrer\" data-shared=\"sharing-linkedin-1947\" class=\"share-linkedin sd-button share-icon no-text\" href=\"http:\/\/www.tecnos.cat\/ampa\/a-que-tagradaria-que-el-teu-filla-es-dediques-de-gran-reflexions\/?share=linkedin\" target=\"_blank\" title=\"Click to share on LinkedIn\" ><span><\/span><span class=\"sharing-screen-reader-text\">Click to share on LinkedIn (Opens in new window)<\/span><\/a><\/li><li class=\"share-twitter\"><a rel=\"nofollow noopener noreferrer\" data-shared=\"sharing-twitter-1947\" class=\"share-twitter sd-button share-icon no-text\" href=\"http:\/\/www.tecnos.cat\/ampa\/a-que-tagradaria-que-el-teu-filla-es-dediques-de-gran-reflexions\/?share=twitter\" target=\"_blank\" title=\"Click to share on Twitter\" ><span><\/span><span class=\"sharing-screen-reader-text\">Click to share on Twitter (Opens in new window)<\/span><\/a><\/li><li class=\"share-end\"><\/li><\/ul><\/div><\/div><\/div>","protected":false},"author":1,"featured_media":0,"comment_status":"open","ping_status":"closed","sticky":false,"template":"","format":"standard","meta":{"jetpack_post_was_ever_published":false,"jetpack_publicize_message":"","jetpack_is_tweetstorm":false,"jetpack_publicize_feature_enabled":true},"categories":[32,1],"tags":[],"jetpack_publicize_connections":[],"jetpack_featured_media_url":"","jetpack_sharing_enabled":true,"jetpack_shortlink":"https:\/\/wp.me\/p3fByE-vp","_links":{"self":[{"href":"http:\/\/www.tecnos.cat\/ampa\/wp-json\/wp\/v2\/posts\/1947"}],"collection":[{"href":"http:\/\/www.tecnos.cat\/ampa\/wp-json\/wp\/v2\/posts"}],"about":[{"href":"http:\/\/www.tecnos.cat\/ampa\/wp-json\/wp\/v2\/types\/post"}],"author":[{"embeddable":true,"href":"http:\/\/www.tecnos.cat\/ampa\/wp-json\/wp\/v2\/users\/1"}],"replies":[{"embeddable":true,"href":"http:\/\/www.tecnos.cat\/ampa\/wp-json\/wp\/v2\/comments?post=1947"}],"version-history":[{"count":11,"href":"http:\/\/www.tecnos.cat\/ampa\/wp-json\/wp\/v2\/posts\/1947\/revisions"}],"predecessor-version":[{"id":1955,"href":"http:\/\/www.tecnos.cat\/ampa\/wp-json\/wp\/v2\/posts\/1947\/revisions\/1955"}],"wp:attachment":[{"href":"http:\/\/www.tecnos.cat\/ampa\/wp-json\/wp\/v2\/media?parent=1947"}],"wp:term":[{"taxonomy":"category","embeddable":true,"href":"http:\/\/www.tecnos.cat\/ampa\/wp-json\/wp\/v2\/categories?post=1947"},{"taxonomy":"post_tag","embeddable":true,"href":"http:\/\/www.tecnos.cat\/ampa\/wp-json\/wp\/v2\/tags?post=1947"}],"curies":[{"name":"wp","href":"https:\/\/api.w.org\/{rel}","templated":true}]}}