{"id":1904,"date":"2015-01-12T15:23:15","date_gmt":"2015-01-12T15:23:15","guid":{"rendered":"http:\/\/www.tecnos.cat\/ampa\/?p=1904"},"modified":"2015-01-12T15:27:05","modified_gmt":"2015-01-12T15:27:05","slug":"les-enquestes-per-la-primera-reunio-del-2015","status":"publish","type":"post","link":"http:\/\/www.tecnos.cat\/ampa\/les-enquestes-per-la-primera-reunio-del-2015\/","title":{"rendered":"Les &#8216;enquestes&#8217; per la primera reuni\u00f3 del 2015"},"content":{"rendered":"<p><span style=\"font-family: georgia, serif;\">Fam\u00edlies:<\/span><\/p>\n<div class=\"gmail_default\"><span style=\"color: #0c343d;\">Us fem aquest comunicat des de la <span style=\"text-decoration: underline;\">Junta de l\u2019Ampa<\/span> en aclariment\/explicaci\u00f3 a les \u201cenquestes\u201d que heu rebut aquest cap de setmana.<\/span><\/div>\n<div class=\"gmail_default\"><\/div>\n<div class=\"gmail_default\"><span style=\"color: #0c343d;\">Primer de tot dir-vos que les \u201cenquestes\u201d que heu rebut s\u00f3n totalment\u00a0<b>VOLUNT\u00c0RIES<\/b>\u00a0i que en\u00a0<b>CAP CAS\u00a0<\/b>l\u2019Escola ha format part en l\u2019el\u00b7laboraci\u00f3 i posterior procesament de les dades que es recullin.<\/span><\/div>\n<div class=\"gmail_default\"><\/div>\n<div class=\"gmail_default\"><span style=\"color: #0c343d;\"><span style=\"color: #0c343d;\">&#8220;L\u2019enquesta&#8221; t\u00e9 una intenci\u00f3<b>\u00a0TOTALMENT POSITIVA\u00a0<\/b>i es volen utilizar les vostres respostes i les dels vostres fills\/es per engegar un debat i crear un espai de reflexi\u00f3 arrel del que ja es comentava al paper que heu rebut:\u00a0<b>estem preparats pel futur dels nostres fills?<\/b>. L&#8217;objectiu no \u00e9s controlar ni condicionar el futur \u201cprofessional\u201d dels nostres fills que en cap moment s&#8217;ha demanat, aix\u00ed doncs respostes com \u201cque sigui feli\u00e7\u201d que \u201cfaci el que m\u00e9s li apassioni\u201d\u2026serien possibles respostes v\u00e0lides i no cal entrar en una professi\u00f3 concreta,\u2026El fet de demanar el nom i cognoms \u00e9s per poder donar-vos les respostes als pares que ho vulgueu, m\u00e9s enll\u00e0 de l&#8217;an\u00e0lisi i com a un reclam d&#8217;assit\u00e8ncia.<\/span><\/span><\/div>\n<div class=\"gmail_default\"><span style=\"color: #0c343d;\">Aix\u00ed doncs, esperem les vostres respostes totalment volunt\u00e0ries i que <strong>PODEN SER AN\u00d2NIMES<\/strong> i us convidem a participar de la reflexi\u00f3 sobre aquestes respostes, que va m\u00e9s enll\u00e0 de generar estad\u00edstiques de resultats i que en cap cas es far\u00e0 \u00fas, m\u00e9s enll\u00e0, d&#8217;engegar una xerrada entre pares i mares.<\/span><\/div>\n<div class=\"gmail_default\"><\/div>\n<div class=\"gmail_default\"><span style=\"color: #0c343d;\">Per qualsevol aclariment o pregunta no dubteu en adre\u00e7ar-vos a <a href=\"mailto:ampa@tecnos.cat?subject=enquestes\" data-cke-saved-href=\"mailto:ampa@tecnos.cat?subject=enquestes\">ampa@tecnos.cat<\/a><br \/>\nMoltes gr\u00e0cies, Junta Ampa Tecnos<\/span><\/div>\n<div class=\"sharedaddy sd-sharing-enabled\"><div class=\"robots-nocontent sd-block sd-social sd-social-icon sd-sharing\"><h3 class=\"sd-title\">Share this:<\/h3><div class=\"sd-content\"><ul><li class=\"share-print\"><a rel=\"nofollow noopener noreferrer\" data-shared=\"\" class=\"share-print sd-button share-icon no-text\" href=\"http:\/\/www.tecnos.cat\/ampa\/les-enquestes-per-la-primera-reunio-del-2015\/\" target=\"_blank\" title=\"Click to print\" ><span><\/span><span class=\"sharing-screen-reader-text\">Click to print (Opens in new window)<\/span><\/a><\/li><li class=\"share-email\"><a rel=\"nofollow noopener noreferrer\" data-shared=\"\" class=\"share-email sd-button share-icon no-text\" href=\"mailto:?subject=%5BShared%20Post%5D%20Les%20%27enquestes%27%20per%20la%20primera%20reuni%C3%B3%20del%202015&body=http%3A%2F%2Fwww.tecnos.cat%2Fampa%2Fles-enquestes-per-la-primera-reunio-del-2015%2F&share=email\" target=\"_blank\" title=\"Click to email a link to a friend\" data-email-share-error-title=\"Do you have email set up?\" data-email-share-error-text=\"If you&#039;re having problems sharing via email, you might not have email set up for your browser. You may need to create a new email yourself.\" data-email-share-nonce=\"dfa38b4703\" data-email-share-track-url=\"http:\/\/www.tecnos.cat\/ampa\/les-enquestes-per-la-primera-reunio-del-2015\/?share=email\"><span><\/span><span class=\"sharing-screen-reader-text\">Click to email a link to a friend (Opens in new window)<\/span><\/a><\/li><li class=\"share-facebook\"><a rel=\"nofollow noopener noreferrer\" data-shared=\"sharing-facebook-1904\" class=\"share-facebook sd-button share-icon no-text\" href=\"http:\/\/www.tecnos.cat\/ampa\/les-enquestes-per-la-primera-reunio-del-2015\/?share=facebook\" target=\"_blank\" title=\"Click to share on Facebook\" ><span><\/span><span class=\"sharing-screen-reader-text\">Click to share on Facebook (Opens in new window)<\/span><\/a><\/li><li class=\"share-linkedin\"><a rel=\"nofollow noopener noreferrer\" data-shared=\"sharing-linkedin-1904\" class=\"share-linkedin sd-button share-icon no-text\" href=\"http:\/\/www.tecnos.cat\/ampa\/les-enquestes-per-la-primera-reunio-del-2015\/?share=linkedin\" target=\"_blank\" title=\"Click to share on LinkedIn\" ><span><\/span><span class=\"sharing-screen-reader-text\">Click to share on LinkedIn (Opens in new window)<\/span><\/a><\/li><li class=\"share-twitter\"><a rel=\"nofollow noopener noreferrer\" data-shared=\"sharing-twitter-1904\" class=\"share-twitter sd-button share-icon no-text\" href=\"http:\/\/www.tecnos.cat\/ampa\/les-enquestes-per-la-primera-reunio-del-2015\/?share=twitter\" target=\"_blank\" title=\"Click to share on Twitter\" ><span><\/span><span class=\"sharing-screen-reader-text\">Click to share on Twitter (Opens in new window)<\/span><\/a><\/li><li class=\"share-end\"><\/li><\/ul><\/div><\/div><\/div>","protected":false},"excerpt":{"rendered":"<p>Fam\u00edlies: Us fem aquest comunicat des de la Junta de l\u2019Ampa en aclariment\/explicaci\u00f3 a les \u201cenquestes\u201d que heu rebut aquest cap de setmana. Primer de tot dir-vos que les \u201cenquestes\u201d que heu rebut s\u00f3n totalment\u00a0VOLUNT\u00c0RIES\u00a0i que en\u00a0CAP CAS\u00a0l\u2019Escola ha format part en l\u2019el\u00b7laboraci\u00f3 i posterior procesament de les dades que es recullin. &#8220;L\u2019enquesta&#8221; t\u00e9 una &hellip; <a href=\"http:\/\/www.tecnos.cat\/ampa\/les-enquestes-per-la-primera-reunio-del-2015\/\" class=\"more-link\">Continua la lectura de <span class=\"screen-reader-text\">Les &#8216;enquestes&#8217; per la primera reuni\u00f3 del 2015<\/span><\/a><\/p>\n<div class=\"sharedaddy sd-sharing-enabled\"><div class=\"robots-nocontent sd-block sd-social sd-social-icon sd-sharing\"><h3 class=\"sd-title\">Share this:<\/h3><div class=\"sd-content\"><ul><li class=\"share-print\"><a rel=\"nofollow noopener noreferrer\" data-shared=\"\" class=\"share-print sd-button share-icon no-text\" href=\"http:\/\/www.tecnos.cat\/ampa\/les-enquestes-per-la-primera-reunio-del-2015\/\" target=\"_blank\" title=\"Click to print\" ><span><\/span><span class=\"sharing-screen-reader-text\">Click to print (Opens in new window)<\/span><\/a><\/li><li class=\"share-email\"><a rel=\"nofollow noopener noreferrer\" data-shared=\"\" class=\"share-email sd-button share-icon no-text\" href=\"mailto:?subject=%5BShared%20Post%5D%20Les%20%27enquestes%27%20per%20la%20primera%20reuni%C3%B3%20del%202015&body=http%3A%2F%2Fwww.tecnos.cat%2Fampa%2Fles-enquestes-per-la-primera-reunio-del-2015%2F&share=email\" target=\"_blank\" title=\"Click to email a link to a friend\" data-email-share-error-title=\"Do you have email set up?\" data-email-share-error-text=\"If you&#039;re having problems sharing via email, you might not have email set up for your browser. You may need to create a new email yourself.\" data-email-share-nonce=\"dfa38b4703\" data-email-share-track-url=\"http:\/\/www.tecnos.cat\/ampa\/les-enquestes-per-la-primera-reunio-del-2015\/?share=email\"><span><\/span><span class=\"sharing-screen-reader-text\">Click to email a link to a friend (Opens in new window)<\/span><\/a><\/li><li class=\"share-facebook\"><a rel=\"nofollow noopener noreferrer\" data-shared=\"sharing-facebook-1904\" class=\"share-facebook sd-button share-icon no-text\" href=\"http:\/\/www.tecnos.cat\/ampa\/les-enquestes-per-la-primera-reunio-del-2015\/?share=facebook\" target=\"_blank\" title=\"Click to share on Facebook\" ><span><\/span><span class=\"sharing-screen-reader-text\">Click to share on Facebook (Opens in new window)<\/span><\/a><\/li><li class=\"share-linkedin\"><a rel=\"nofollow noopener noreferrer\" data-shared=\"sharing-linkedin-1904\" class=\"share-linkedin sd-button share-icon no-text\" href=\"http:\/\/www.tecnos.cat\/ampa\/les-enquestes-per-la-primera-reunio-del-2015\/?share=linkedin\" target=\"_blank\" title=\"Click to share on LinkedIn\" ><span><\/span><span class=\"sharing-screen-reader-text\">Click to share on LinkedIn (Opens in new window)<\/span><\/a><\/li><li class=\"share-twitter\"><a rel=\"nofollow noopener noreferrer\" data-shared=\"sharing-twitter-1904\" class=\"share-twitter sd-button share-icon no-text\" href=\"http:\/\/www.tecnos.cat\/ampa\/les-enquestes-per-la-primera-reunio-del-2015\/?share=twitter\" target=\"_blank\" title=\"Click to share on Twitter\" ><span><\/span><span class=\"sharing-screen-reader-text\">Click to share on Twitter (Opens in new window)<\/span><\/a><\/li><li class=\"share-end\"><\/li><\/ul><\/div><\/div><\/div>","protected":false},"author":1,"featured_media":0,"comment_status":"open","ping_status":"closed","sticky":false,"template":"","format":"standard","meta":{"jetpack_post_was_ever_published":false,"jetpack_publicize_message":"","jetpack_is_tweetstorm":false,"jetpack_publicize_feature_enabled":true},"categories":[1],"tags":[],"jetpack_publicize_connections":[],"jetpack_featured_media_url":"","jetpack_sharing_enabled":true,"jetpack_shortlink":"https:\/\/wp.me\/p3fByE-uI","_links":{"self":[{"href":"http:\/\/www.tecnos.cat\/ampa\/wp-json\/wp\/v2\/posts\/1904"}],"collection":[{"href":"http:\/\/www.tecnos.cat\/ampa\/wp-json\/wp\/v2\/posts"}],"about":[{"href":"http:\/\/www.tecnos.cat\/ampa\/wp-json\/wp\/v2\/types\/post"}],"author":[{"embeddable":true,"href":"http:\/\/www.tecnos.cat\/ampa\/wp-json\/wp\/v2\/users\/1"}],"replies":[{"embeddable":true,"href":"http:\/\/www.tecnos.cat\/ampa\/wp-json\/wp\/v2\/comments?post=1904"}],"version-history":[{"count":4,"href":"http:\/\/www.tecnos.cat\/ampa\/wp-json\/wp\/v2\/posts\/1904\/revisions"}],"predecessor-version":[{"id":1908,"href":"http:\/\/www.tecnos.cat\/ampa\/wp-json\/wp\/v2\/posts\/1904\/revisions\/1908"}],"wp:attachment":[{"href":"http:\/\/www.tecnos.cat\/ampa\/wp-json\/wp\/v2\/media?parent=1904"}],"wp:term":[{"taxonomy":"category","embeddable":true,"href":"http:\/\/www.tecnos.cat\/ampa\/wp-json\/wp\/v2\/categories?post=1904"},{"taxonomy":"post_tag","embeddable":true,"href":"http:\/\/www.tecnos.cat\/ampa\/wp-json\/wp\/v2\/tags?post=1904"}],"curies":[{"name":"wp","href":"https:\/\/api.w.org\/{rel}","templated":true}]}}