{"id":1703,"date":"2014-05-22T21:14:13","date_gmt":"2014-05-22T21:14:13","guid":{"rendered":"http:\/\/www.tecnos.cat\/ampa\/?p=1703"},"modified":"2014-05-22T21:14:13","modified_gmt":"2014-05-22T21:14:13","slug":"xerrada-prevenim-els-trastorns-de-la-conducta-alimentaria","status":"publish","type":"post","link":"http:\/\/www.tecnos.cat\/ampa\/xerrada-prevenim-els-trastorns-de-la-conducta-alimentaria\/","title":{"rendered":"Xerrada: Prevenim els trastorns de la conducta aliment\u00e0ria"},"content":{"rendered":"<p><strong>El proper DIMARTS, 3 DE JUNY, A LES 8 DEL VESPRE, A LA SALA D\u2019ACTES DE L\u2019ESCOLA.<\/strong><\/p>\n<p><strong>\u00a0<\/strong>28.000 nois i noies a Catalunya pateixen trastorns de la conducta aliment\u00e0ria.<\/p>\n<p>Qu\u00e8 podem fer des de casa per prevenir-los.<\/p>\n<p>Com els podem detectar?<\/p>\n<p>Com podem actuar des del primer moment?<\/p>\n<p>&nbsp;<\/p>\n<p>La xerrada anir\u00e0 a c\u00e0rrec de\u00a0<strong>Cristina Carretero i Jard\u00ed\u00a0<\/strong>(exalumna de l\u2019escola)<img loading=\"lazy\" class=\"size-full wp-image-1704 alignleft\" src=\"http:\/\/www.tecnos.cat\/ampa\/wp-content\/uploads\/2014\/05\/cristina_carreter_tecnos.jpg\" alt=\"cristina_carreter_tecnos\" width=\"177\" height=\"236\" \/><\/p>\n<p>Llicenciada en psicologia per la Universitat Aut\u00f2noma de Barcelona i doctoranda a la Universitat Aut\u00f2noma de Barcelona\u00a0en el \u00a0Camp de treball de la tesi doctoral: Imatge Corporal i trastorns de la conducta aliment\u00e0ria<\/p>\n<p>Directora de Formaci\u00f3 i Promoci\u00f3 per a la Salut de la fundaci\u00f3\u00a0 \u201cImatge i Autoestima\u201d impulsada per l\u2019Associaci\u00f3 contra l\u2019Anor\u00e8xia i la Bul\u00edmia (ACAB)<\/p>\n<p>La comunicaci\u00f3 fam\u00edlia-escola \u00e9s essencial en l\u2019educaci\u00f3.<\/p>\n<p>PARTICIPEU A L\u2019ESCOLA DE PARES.<\/p>\n<p><strong>Si voleu adre\u00e7ar alguna pregunta a la ponent podeu fer arribar un correu a: <\/strong><a href=\"mailto:escoladepares@tecnos.cat\">escoladepares@tecnos.cat<\/a><\/p>\n<div class=\"sharedaddy sd-sharing-enabled\"><div class=\"robots-nocontent sd-block sd-social sd-social-icon sd-sharing\"><h3 class=\"sd-title\">Share this:<\/h3><div class=\"sd-content\"><ul><li class=\"share-print\"><a rel=\"nofollow noopener noreferrer\" data-shared=\"\" class=\"share-print sd-button share-icon no-text\" href=\"http:\/\/www.tecnos.cat\/ampa\/xerrada-prevenim-els-trastorns-de-la-conducta-alimentaria\/\" target=\"_blank\" title=\"Click to print\" ><span><\/span><span class=\"sharing-screen-reader-text\">Click to print (Opens in new window)<\/span><\/a><\/li><li class=\"share-email\"><a rel=\"nofollow noopener noreferrer\" data-shared=\"\" class=\"share-email sd-button share-icon no-text\" href=\"mailto:?subject=%5BShared%20Post%5D%20Xerrada%3A%20Prevenim%20els%20trastorns%20de%20la%20conducta%20aliment%C3%A0ria&body=http%3A%2F%2Fwww.tecnos.cat%2Fampa%2Fxerrada-prevenim-els-trastorns-de-la-conducta-alimentaria%2F&share=email\" target=\"_blank\" title=\"Click to email a link to a friend\" data-email-share-error-title=\"Do you have email set up?\" data-email-share-error-text=\"If you&#039;re having problems sharing via email, you might not have email set up for your browser. You may need to create a new email yourself.\" data-email-share-nonce=\"b9d10ef3f0\" data-email-share-track-url=\"http:\/\/www.tecnos.cat\/ampa\/xerrada-prevenim-els-trastorns-de-la-conducta-alimentaria\/?share=email\"><span><\/span><span class=\"sharing-screen-reader-text\">Click to email a link to a friend (Opens in new window)<\/span><\/a><\/li><li class=\"share-facebook\"><a rel=\"nofollow noopener noreferrer\" data-shared=\"sharing-facebook-1703\" class=\"share-facebook sd-button share-icon no-text\" href=\"http:\/\/www.tecnos.cat\/ampa\/xerrada-prevenim-els-trastorns-de-la-conducta-alimentaria\/?share=facebook\" target=\"_blank\" title=\"Click to share on Facebook\" ><span><\/span><span class=\"sharing-screen-reader-text\">Click to share on Facebook (Opens in new window)<\/span><\/a><\/li><li class=\"share-linkedin\"><a rel=\"nofollow noopener noreferrer\" data-shared=\"sharing-linkedin-1703\" class=\"share-linkedin sd-button share-icon no-text\" href=\"http:\/\/www.tecnos.cat\/ampa\/xerrada-prevenim-els-trastorns-de-la-conducta-alimentaria\/?share=linkedin\" target=\"_blank\" title=\"Click to share on LinkedIn\" ><span><\/span><span class=\"sharing-screen-reader-text\">Click to share on LinkedIn (Opens in new window)<\/span><\/a><\/li><li class=\"share-twitter\"><a rel=\"nofollow noopener noreferrer\" data-shared=\"sharing-twitter-1703\" class=\"share-twitter sd-button share-icon no-text\" href=\"http:\/\/www.tecnos.cat\/ampa\/xerrada-prevenim-els-trastorns-de-la-conducta-alimentaria\/?share=twitter\" target=\"_blank\" title=\"Click to share on Twitter\" ><span><\/span><span class=\"sharing-screen-reader-text\">Click to share on Twitter (Opens in new window)<\/span><\/a><\/li><li class=\"share-end\"><\/li><\/ul><\/div><\/div><\/div>","protected":false},"excerpt":{"rendered":"<p>El proper DIMARTS, 3 DE JUNY, A LES 8 DEL VESPRE, A LA SALA D\u2019ACTES DE L\u2019ESCOLA. \u00a028.000 nois i noies a Catalunya pateixen trastorns de la conducta aliment\u00e0ria. Qu\u00e8 podem fer des de casa per prevenir-los. Com els podem detectar? Com podem actuar des del primer moment? &nbsp; La xerrada anir\u00e0 a c\u00e0rrec de\u00a0Cristina &hellip; <a href=\"http:\/\/www.tecnos.cat\/ampa\/xerrada-prevenim-els-trastorns-de-la-conducta-alimentaria\/\" class=\"more-link\">Continua la lectura de <span class=\"screen-reader-text\">Xerrada: Prevenim els trastorns de la conducta aliment\u00e0ria<\/span><\/a><\/p>\n<div class=\"sharedaddy sd-sharing-enabled\"><div class=\"robots-nocontent sd-block sd-social sd-social-icon sd-sharing\"><h3 class=\"sd-title\">Share this:<\/h3><div class=\"sd-content\"><ul><li class=\"share-print\"><a rel=\"nofollow noopener noreferrer\" data-shared=\"\" class=\"share-print sd-button share-icon no-text\" href=\"http:\/\/www.tecnos.cat\/ampa\/xerrada-prevenim-els-trastorns-de-la-conducta-alimentaria\/\" target=\"_blank\" title=\"Click to print\" ><span><\/span><span class=\"sharing-screen-reader-text\">Click to print (Opens in new window)<\/span><\/a><\/li><li class=\"share-email\"><a rel=\"nofollow noopener noreferrer\" data-shared=\"\" class=\"share-email sd-button share-icon no-text\" href=\"mailto:?subject=%5BShared%20Post%5D%20Xerrada%3A%20Prevenim%20els%20trastorns%20de%20la%20conducta%20aliment%C3%A0ria&body=http%3A%2F%2Fwww.tecnos.cat%2Fampa%2Fxerrada-prevenim-els-trastorns-de-la-conducta-alimentaria%2F&share=email\" target=\"_blank\" title=\"Click to email a link to a friend\" data-email-share-error-title=\"Do you have email set up?\" data-email-share-error-text=\"If you&#039;re having problems sharing via email, you might not have email set up for your browser. You may need to create a new email yourself.\" data-email-share-nonce=\"b9d10ef3f0\" data-email-share-track-url=\"http:\/\/www.tecnos.cat\/ampa\/xerrada-prevenim-els-trastorns-de-la-conducta-alimentaria\/?share=email\"><span><\/span><span class=\"sharing-screen-reader-text\">Click to email a link to a friend (Opens in new window)<\/span><\/a><\/li><li class=\"share-facebook\"><a rel=\"nofollow noopener noreferrer\" data-shared=\"sharing-facebook-1703\" class=\"share-facebook sd-button share-icon no-text\" href=\"http:\/\/www.tecnos.cat\/ampa\/xerrada-prevenim-els-trastorns-de-la-conducta-alimentaria\/?share=facebook\" target=\"_blank\" title=\"Click to share on Facebook\" ><span><\/span><span class=\"sharing-screen-reader-text\">Click to share on Facebook (Opens in new window)<\/span><\/a><\/li><li class=\"share-linkedin\"><a rel=\"nofollow noopener noreferrer\" data-shared=\"sharing-linkedin-1703\" class=\"share-linkedin sd-button share-icon no-text\" href=\"http:\/\/www.tecnos.cat\/ampa\/xerrada-prevenim-els-trastorns-de-la-conducta-alimentaria\/?share=linkedin\" target=\"_blank\" title=\"Click to share on LinkedIn\" ><span><\/span><span class=\"sharing-screen-reader-text\">Click to share on LinkedIn (Opens in new window)<\/span><\/a><\/li><li class=\"share-twitter\"><a rel=\"nofollow noopener noreferrer\" data-shared=\"sharing-twitter-1703\" class=\"share-twitter sd-button share-icon no-text\" href=\"http:\/\/www.tecnos.cat\/ampa\/xerrada-prevenim-els-trastorns-de-la-conducta-alimentaria\/?share=twitter\" target=\"_blank\" title=\"Click to share on Twitter\" ><span><\/span><span class=\"sharing-screen-reader-text\">Click to share on Twitter (Opens in new window)<\/span><\/a><\/li><li class=\"share-end\"><\/li><\/ul><\/div><\/div><\/div>","protected":false},"author":1,"featured_media":0,"comment_status":"open","ping_status":"closed","sticky":false,"template":"","format":"standard","meta":{"jetpack_post_was_ever_published":false,"jetpack_publicize_message":"","jetpack_is_tweetstorm":false,"jetpack_publicize_feature_enabled":true},"categories":[9],"tags":[],"jetpack_publicize_connections":[],"jetpack_featured_media_url":"","jetpack_sharing_enabled":true,"jetpack_shortlink":"https:\/\/wp.me\/p3fByE-rt","_links":{"self":[{"href":"http:\/\/www.tecnos.cat\/ampa\/wp-json\/wp\/v2\/posts\/1703"}],"collection":[{"href":"http:\/\/www.tecnos.cat\/ampa\/wp-json\/wp\/v2\/posts"}],"about":[{"href":"http:\/\/www.tecnos.cat\/ampa\/wp-json\/wp\/v2\/types\/post"}],"author":[{"embeddable":true,"href":"http:\/\/www.tecnos.cat\/ampa\/wp-json\/wp\/v2\/users\/1"}],"replies":[{"embeddable":true,"href":"http:\/\/www.tecnos.cat\/ampa\/wp-json\/wp\/v2\/comments?post=1703"}],"version-history":[{"count":3,"href":"http:\/\/www.tecnos.cat\/ampa\/wp-json\/wp\/v2\/posts\/1703\/revisions"}],"predecessor-version":[{"id":1707,"href":"http:\/\/www.tecnos.cat\/ampa\/wp-json\/wp\/v2\/posts\/1703\/revisions\/1707"}],"wp:attachment":[{"href":"http:\/\/www.tecnos.cat\/ampa\/wp-json\/wp\/v2\/media?parent=1703"}],"wp:term":[{"taxonomy":"category","embeddable":true,"href":"http:\/\/www.tecnos.cat\/ampa\/wp-json\/wp\/v2\/categories?post=1703"},{"taxonomy":"post_tag","embeddable":true,"href":"http:\/\/www.tecnos.cat\/ampa\/wp-json\/wp\/v2\/tags?post=1703"}],"curies":[{"name":"wp","href":"https:\/\/api.w.org\/{rel}","templated":true}]}}