{"id":1572,"date":"2014-03-08T10:16:25","date_gmt":"2014-03-08T09:16:25","guid":{"rendered":"http:\/\/www.tecnos.cat\/ampa\/?p=1572"},"modified":"2018-02-28T16:53:45","modified_gmt":"2018-02-28T15:53:45","slug":"collserola-de-verdaguer-al-cel-ampa-tecnos","status":"publish","type":"post","link":"http:\/\/www.tecnos.cat\/ampa\/collserola-de-verdaguer-al-cel-ampa-tecnos\/","title":{"rendered":"Sortida a Collserola: De verdaguer al cel"},"content":{"rendered":"<p>Hola\u00a0<b>Treskaires<\/b>, tothom preparat per la segona sortida del Treskatecnos? Aquest segon trimestre us proposem un itinerari proper a Barcelona per descobrir Collserola, una ruta llarga per\u00f2 molt apte per tothom, fins i tot pels m\u00e9s menuts de l\u2019escola.<\/p>\n<p>Recorrerem camins farcits de fonts, coneixerem el Museu Verdaguer, passarem ben a prop del Tibidavo i gaudirem de vistes fant\u00e0stiques sobre la ciutat de Barcelona envoltats de boscos. I a sobre, si us fa mandra agafar el cotxe, teniu l\u2019opci\u00f3 de venir en tren!<\/p>\n<p>Dia:\u00a0<b>23 de mar\u00e7<\/b>\u00a0de 2014<br \/>\nHora d\u2019inici:\u00a0<b>10 h<br \/>\n<\/b>Punt d\u2019ini: <b>Estaci\u00f3 de FGC Baixador de Vallvidrera<\/b><strong><br \/>\n<\/strong><strong>\u00bb<a href=\"http:\/\/www.tecnos.cat\/ampa\/wp-content\/uploads\/2014\/03\/fitxa_23_03_14_collserola.pdf\" target=\"_blank\">FITXA SORTIDA<\/a>\u00a0<\/strong><\/p>\n<p><a href=\"http:\/\/www.tecnos.cat\/ampa\/wp-content\/uploads\/2014\/03\/collserola2.jpg\"><img loading=\"lazy\" class=\"aligncenter size-medium wp-image-1573\" alt=\"collserola2\" src=\"http:\/\/www.tecnos.cat\/ampa\/wp-content\/uploads\/2014\/03\/collserola2-300x199.jpg\" width=\"300\" height=\"199\" srcset=\"http:\/\/www.tecnos.cat\/ampa\/wp-content\/uploads\/2014\/03\/collserola2-300x199.jpg 300w, http:\/\/www.tecnos.cat\/ampa\/wp-content\/uploads\/2014\/03\/collserola2-1024x682.jpg 1024w, http:\/\/www.tecnos.cat\/ampa\/wp-content\/uploads\/2014\/03\/collserola2.jpg 1100w\" sizes=\"(max-width: 300px) 100vw, 300px\" \/><\/a><\/p>\n<p>Properament podreu descarregar-vos la fitxa de l\u2019itinerari on podreu consultar recorregut, detalls i informaci\u00f3 sobre la ruta.<br \/>\nAquesta activitat no t\u00e9 inscripci\u00f3 pr\u00e8via. Farem el grup amb les fam\u00edlies que siguin al lloc i hora de la convocat\u00f2ria. Sigueu puntuals.<\/p>\n<p>Dinarem a prop del final del recorregut. Com sempre, carmanyola, entrepans i bunyols ja depenen de cadasc\u00fa.<\/p>\n<p>Si hi ha possibilitat de mal temps, el dissabte dia 22 de mar\u00e7 a les 20 hores es penjar\u00e0 una nota al blog i al Facebook per avisar si s\u2019anul\u00b7la o mant\u00e9 l\u2019activitat.<br \/>\nEl Treskatecnos l\u2019organitzem des del Grup d\u2019Activitats de l\u2019Ampa, si teniu propostes, idees, comentaris, o encara millor, si us voleu afegir al grup, nom\u00e9s cal que ens ho feu saber.<br \/>\nPer qualsevol consulta, podeu contactar-nos a l\u2019adre\u00e7a\u00a0<a href=\"mailto:treskatecnos@tecnos.cat\">treskatecnos@tecnos.cat<\/a>\u00a0o als tel\u00e8fons 645174230 (Javier), 636579712 (Xavi) o 606666004 (S\u00edlvia).<\/p>\n<p><b>Esperem ser una bona colla de nou, no hi falteu!<\/b><\/p>\n<p>La participaci\u00f3 a l\u2019activitat implica acceptar que l\u2019organitzaci\u00f3 no es fa responsable de les incid\u00e8ncies que es puguin produir durant la sortida i que els menors d\u2019edat estan sota la responsabilitat directa dels seus pares o adults acompanyants en qui els pares hagin delegat aquesta responsabilitat.<\/p>\n<p><a title=\"Haz clic para imprimir\" href=\"http:\/\/www.tecnos.cat\/ampa\/sortida-al-montseny-lempedrat-i-el-turo-de-morou-diumenge-10-de-novembre13\/\"><br \/>\n<\/a><\/p>\n<p>&nbsp;<\/p>\n<p>&nbsp;<\/p>\n<p>&nbsp;<\/p>\n<p>&nbsp;<\/p>\n<p>&nbsp;<\/p>\n<p>&nbsp;<\/p>\n<p>&nbsp;<\/p>\n<p>Aquesta activitat no t\u00e9 inscripci\u00f3 pr\u00e8via. Farem el grup amb les fam\u00edlies que siguin al lloc i hora de la convocat\u00f2ria. Sigueu molt puntuals, al punt d\u2019inici no hi ha cobertura telef\u00f2nica.<\/p>\n<p>Dinarem al final del recorregut, o a l\u2019\u00e0rea de Can Casades o a l\u2019\u00e0rea d\u2019Informaci\u00f3 del Montseny, segons el nombre total de participants. Com sempre, carmanyola, entrepans i panellets ja depenen de cadasc\u00fa.<\/p>\n<p>Si hi ha possibilitat de mal temps, el dissabte dia 9 de novembre a les 20 hores es penjar\u00e0 una nota al blog per avisar si s\u2019anul\u00b7la o mant\u00e9 l\u2019activitat.<\/p>\n<p>El Treskatecnos l\u2019organitzem des del Grup d\u2019Activitats de l\u2019Ampa, si teniu propostes, idees, comentaris, o encara millor, si us voleu afegir al grup, nom\u00e9s cal que ens ho feu saber.<\/p>\n<p>Per qualsevol consulta, podeu contactar-nos a l\u2019adre\u00e7a <a href=\"mailto:treskatecnos@tecnos.cat\">treskatecnos@tecnos.cat<\/a> o als tel\u00e8fons 654706352 (Carles), 645174230 (Javier) o 606666004 (S\u00edlvia).<\/p>\n<p><strong>Esperem ser una bona colla de nou, no hi falteu!<\/strong><\/p>\n<p>La participaci\u00f3 a l\u2019activitat implica acceptar que l\u2019organitzaci\u00f3 no es fa responsable de les incid\u00e8ncies que es puguin produir durant la sortida i que els menors d\u2019edat estan sota la responsabilitat directa dels seus pares o adults acompanyants en qui els pares hagin delegat aquesta responsabilitat.<\/p>\n<div class=\"sharedaddy sd-sharing-enabled\"><div class=\"robots-nocontent sd-block sd-social sd-social-icon sd-sharing\"><h3 class=\"sd-title\">Share this:<\/h3><div class=\"sd-content\"><ul><li class=\"share-print\"><a rel=\"nofollow noopener noreferrer\" data-shared=\"\" class=\"share-print sd-button share-icon no-text\" href=\"http:\/\/www.tecnos.cat\/ampa\/collserola-de-verdaguer-al-cel-ampa-tecnos\/\" target=\"_blank\" title=\"Click to print\" ><span><\/span><span class=\"sharing-screen-reader-text\">Click to print (Opens in new window)<\/span><\/a><\/li><li class=\"share-email\"><a rel=\"nofollow noopener noreferrer\" data-shared=\"\" class=\"share-email sd-button share-icon no-text\" href=\"mailto:?subject=%5BShared%20Post%5D%20Sortida%20a%20Collserola%3A%20De%20verdaguer%20al%20cel&body=http%3A%2F%2Fwww.tecnos.cat%2Fampa%2Fcollserola-de-verdaguer-al-cel-ampa-tecnos%2F&share=email\" target=\"_blank\" title=\"Click to email a link to a friend\" data-email-share-error-title=\"Do you have email set up?\" data-email-share-error-text=\"If you&#039;re having problems sharing via email, you might not have email set up for your browser. You may need to create a new email yourself.\" data-email-share-nonce=\"081808bcc0\" data-email-share-track-url=\"http:\/\/www.tecnos.cat\/ampa\/collserola-de-verdaguer-al-cel-ampa-tecnos\/?share=email\"><span><\/span><span class=\"sharing-screen-reader-text\">Click to email a link to a friend (Opens in new window)<\/span><\/a><\/li><li class=\"share-facebook\"><a rel=\"nofollow noopener noreferrer\" data-shared=\"sharing-facebook-1572\" class=\"share-facebook sd-button share-icon no-text\" href=\"http:\/\/www.tecnos.cat\/ampa\/collserola-de-verdaguer-al-cel-ampa-tecnos\/?share=facebook\" target=\"_blank\" title=\"Click to share on Facebook\" ><span><\/span><span class=\"sharing-screen-reader-text\">Click to share on Facebook (Opens in new window)<\/span><\/a><\/li><li class=\"share-linkedin\"><a rel=\"nofollow noopener noreferrer\" data-shared=\"sharing-linkedin-1572\" class=\"share-linkedin sd-button share-icon no-text\" href=\"http:\/\/www.tecnos.cat\/ampa\/collserola-de-verdaguer-al-cel-ampa-tecnos\/?share=linkedin\" target=\"_blank\" title=\"Click to share on LinkedIn\" ><span><\/span><span class=\"sharing-screen-reader-text\">Click to share on LinkedIn (Opens in new window)<\/span><\/a><\/li><li class=\"share-twitter\"><a rel=\"nofollow noopener noreferrer\" data-shared=\"sharing-twitter-1572\" class=\"share-twitter sd-button share-icon no-text\" href=\"http:\/\/www.tecnos.cat\/ampa\/collserola-de-verdaguer-al-cel-ampa-tecnos\/?share=twitter\" target=\"_blank\" title=\"Click to share on Twitter\" ><span><\/span><span class=\"sharing-screen-reader-text\">Click to share on Twitter (Opens in new window)<\/span><\/a><\/li><li class=\"share-end\"><\/li><\/ul><\/div><\/div><\/div>","protected":false},"excerpt":{"rendered":"<p>Hola\u00a0Treskaires, tothom preparat per la segona sortida del Treskatecnos? Aquest segon trimestre us proposem un itinerari proper a Barcelona per descobrir Collserola, una ruta llarga per\u00f2 molt apte per tothom, fins i tot pels m\u00e9s menuts de l\u2019escola. Recorrerem camins farcits de fonts, coneixerem el Museu Verdaguer, passarem ben a prop del Tibidavo i gaudirem &hellip; <a href=\"http:\/\/www.tecnos.cat\/ampa\/collserola-de-verdaguer-al-cel-ampa-tecnos\/\" class=\"more-link\">Continua la lectura de <span class=\"screen-reader-text\">Sortida a Collserola: De verdaguer al cel<\/span><\/a><\/p>\n<div class=\"sharedaddy sd-sharing-enabled\"><div class=\"robots-nocontent sd-block sd-social sd-social-icon sd-sharing\"><h3 class=\"sd-title\">Share this:<\/h3><div class=\"sd-content\"><ul><li class=\"share-print\"><a rel=\"nofollow noopener noreferrer\" data-shared=\"\" class=\"share-print sd-button share-icon no-text\" href=\"http:\/\/www.tecnos.cat\/ampa\/collserola-de-verdaguer-al-cel-ampa-tecnos\/\" target=\"_blank\" title=\"Click to print\" ><span><\/span><span class=\"sharing-screen-reader-text\">Click to print (Opens in new window)<\/span><\/a><\/li><li class=\"share-email\"><a rel=\"nofollow noopener noreferrer\" data-shared=\"\" class=\"share-email sd-button share-icon no-text\" href=\"mailto:?subject=%5BShared%20Post%5D%20Sortida%20a%20Collserola%3A%20De%20verdaguer%20al%20cel&body=http%3A%2F%2Fwww.tecnos.cat%2Fampa%2Fcollserola-de-verdaguer-al-cel-ampa-tecnos%2F&share=email\" target=\"_blank\" title=\"Click to email a link to a friend\" data-email-share-error-title=\"Do you have email set up?\" data-email-share-error-text=\"If you&#039;re having problems sharing via email, you might not have email set up for your browser. You may need to create a new email yourself.\" data-email-share-nonce=\"081808bcc0\" data-email-share-track-url=\"http:\/\/www.tecnos.cat\/ampa\/collserola-de-verdaguer-al-cel-ampa-tecnos\/?share=email\"><span><\/span><span class=\"sharing-screen-reader-text\">Click to email a link to a friend (Opens in new window)<\/span><\/a><\/li><li class=\"share-facebook\"><a rel=\"nofollow noopener noreferrer\" data-shared=\"sharing-facebook-1572\" class=\"share-facebook sd-button share-icon no-text\" href=\"http:\/\/www.tecnos.cat\/ampa\/collserola-de-verdaguer-al-cel-ampa-tecnos\/?share=facebook\" target=\"_blank\" title=\"Click to share on Facebook\" ><span><\/span><span class=\"sharing-screen-reader-text\">Click to share on Facebook (Opens in new window)<\/span><\/a><\/li><li class=\"share-linkedin\"><a rel=\"nofollow noopener noreferrer\" data-shared=\"sharing-linkedin-1572\" class=\"share-linkedin sd-button share-icon no-text\" href=\"http:\/\/www.tecnos.cat\/ampa\/collserola-de-verdaguer-al-cel-ampa-tecnos\/?share=linkedin\" target=\"_blank\" title=\"Click to share on LinkedIn\" ><span><\/span><span class=\"sharing-screen-reader-text\">Click to share on LinkedIn (Opens in new window)<\/span><\/a><\/li><li class=\"share-twitter\"><a rel=\"nofollow noopener noreferrer\" data-shared=\"sharing-twitter-1572\" class=\"share-twitter sd-button share-icon no-text\" href=\"http:\/\/www.tecnos.cat\/ampa\/collserola-de-verdaguer-al-cel-ampa-tecnos\/?share=twitter\" target=\"_blank\" title=\"Click to share on Twitter\" ><span><\/span><span class=\"sharing-screen-reader-text\">Click to share on Twitter (Opens in new window)<\/span><\/a><\/li><li class=\"share-end\"><\/li><\/ul><\/div><\/div><\/div>","protected":false},"author":1,"featured_media":0,"comment_status":"open","ping_status":"closed","sticky":false,"template":"","format":"standard","meta":{"jetpack_post_was_ever_published":false,"jetpack_publicize_message":"","jetpack_is_tweetstorm":false,"jetpack_publicize_feature_enabled":true},"categories":[33],"tags":[340,64,339,35],"jetpack_publicize_connections":[],"jetpack_featured_media_url":"","jetpack_sharing_enabled":true,"jetpack_shortlink":"https:\/\/wp.me\/p3fByE-pm","_links":{"self":[{"href":"http:\/\/www.tecnos.cat\/ampa\/wp-json\/wp\/v2\/posts\/1572"}],"collection":[{"href":"http:\/\/www.tecnos.cat\/ampa\/wp-json\/wp\/v2\/posts"}],"about":[{"href":"http:\/\/www.tecnos.cat\/ampa\/wp-json\/wp\/v2\/types\/post"}],"author":[{"embeddable":true,"href":"http:\/\/www.tecnos.cat\/ampa\/wp-json\/wp\/v2\/users\/1"}],"replies":[{"embeddable":true,"href":"http:\/\/www.tecnos.cat\/ampa\/wp-json\/wp\/v2\/comments?post=1572"}],"version-history":[{"count":4,"href":"http:\/\/www.tecnos.cat\/ampa\/wp-json\/wp\/v2\/posts\/1572\/revisions"}],"predecessor-version":[{"id":3217,"href":"http:\/\/www.tecnos.cat\/ampa\/wp-json\/wp\/v2\/posts\/1572\/revisions\/3217"}],"wp:attachment":[{"href":"http:\/\/www.tecnos.cat\/ampa\/wp-json\/wp\/v2\/media?parent=1572"}],"wp:term":[{"taxonomy":"category","embeddable":true,"href":"http:\/\/www.tecnos.cat\/ampa\/wp-json\/wp\/v2\/categories?post=1572"},{"taxonomy":"post_tag","embeddable":true,"href":"http:\/\/www.tecnos.cat\/ampa\/wp-json\/wp\/v2\/tags?post=1572"}],"curies":[{"name":"wp","href":"https:\/\/api.w.org\/{rel}","templated":true}]}}