{"id":1477,"date":"2013-11-24T15:52:35","date_gmt":"2013-11-24T14:52:35","guid":{"rendered":"http:\/\/www.tecnos.cat\/ampa\/?p=1477"},"modified":"2018-02-27T22:25:43","modified_gmt":"2018-02-27T21:25:43","slug":"sacosta-la-marato-de-tv3-aquest-any-per-les-malaties-neurodegeneratives","status":"publish","type":"post","link":"http:\/\/www.tecnos.cat\/ampa\/sacosta-la-marato-de-tv3-aquest-any-per-les-malaties-neurodegeneratives\/","title":{"rendered":"S&#8217;acosta la Marat\u00f3 de TV3, aquest any per les malaties neurodegeneratives."},"content":{"rendered":"<p><a href=\"http:\/\/www.tecnos.cat\/ampa\/wp-content\/uploads\/2013\/11\/marato_desembre_2013.jpg\"><img loading=\"lazy\" class=\"aligncenter size-full wp-image-1479\" title=\"marato_desembre_2013\" src=\"http:\/\/www.tecnos.cat\/ampa\/wp-content\/uploads\/2013\/11\/marato_desembre_2013.jpg\" alt=\"\" width=\"400\" height=\"564\" srcset=\"http:\/\/www.tecnos.cat\/ampa\/wp-content\/uploads\/2013\/11\/marato_desembre_2013.jpg 400w, http:\/\/www.tecnos.cat\/ampa\/wp-content\/uploads\/2013\/11\/marato_desembre_2013-212x300.jpg 212w\" sizes=\"(max-width: 400px) 100vw, 400px\" \/><\/a><\/p>\n<p>Ja s\u2019acosta l\u2019hivern, les festes de Nadal i amb elles la ja\u00a0<strong>tradicional Marat\u00f3 de TV3<\/strong>.<\/p>\n<p>Enguany, la recaptaci\u00f3 anir\u00e0 destinada a la investigaci\u00f3\u00a0<strong>per v\u00e8ncer malalties neurodegeneratives <\/strong>(ajduntem tr\u00edptic informatiu)<\/p>\n<p>Sab\u00edeu que&#8230;<\/p>\n<blockquote><p>Naixem amb 100.000 milions de neurones.<\/p><\/blockquote>\n<blockquote><p>Amb el pas del temps, algunes es van perdent i moren, per\u00f2 el nostre cos nom\u00e9s \u00e9s capa\u00e7 de crear-ne algunes de noves, molt poques. Es tracta d\u2019un proc\u00e9s natural lligat a l\u2019envelliment de les persones.<\/p>\n<p>De vegades, per\u00f2, les neurones emmalalteixen o moren m\u00e9s r\u00e0pidament del que \u00e9s normal. \u00c9s llavors quan apareixen les malalties neurodegeneratives.<\/p>\n<p>No s\u00f3n malalties de gent gran, sin\u00f3 que poden afectar qualsevol edat, des de la inf\u00e0ncia.<\/p>\n<p>Les malalties neurodegeneratives:<\/p>\n<p>No es contagien, ni s\u2019operen ni s\u2019hereten<\/p>\n<p>S\u00f3n incurables per\u00f2 amb tractament<\/p>\n<p>\u00c9s molt important el diagn\u00f2stic preco\u00e7<\/p>\n<p>I el futur \u00e9s la investigaci\u00f3<\/p><\/blockquote>\n<div>\n<p>Esperem que aquesta Marat\u00f3 serveixi per avan\u00e7ar molt m\u00e9s i que les malalties neurodegeneratives aviat puguin tenir curaci\u00f3.<\/p>\n<\/div>\n<div>\n<p>&nbsp;<\/p>\n<\/div>\n<div>\n<p>Com l\u2019any passat des de l\u2019escola s\u2019est\u00e0 treballant amb els nens i les nenes la manera\u00a0<strong>de participar amb la Marat\u00f3<\/strong>, per fomentar valors com \u00a0la solidaritat i la sensibilitat vers aquells que ho pateixen.<\/p>\n<\/div>\n<div>\n<p>&nbsp;<\/p>\n<\/div>\n<p>Aquest any participaran decorant CD\u2019s\u00a0vells\u00a0per\u00a0poder-los vendre\u00a0per recollir diners per la Marat\u00f3. Algunes classes ja han comen\u00e7at a decorar els CD\u2019s<strong>\u00a0\u00a0per poder vendre\u2019ls a<\/strong>\u00a0l\u2019escola el divendres\u00a0<strong>13 de desembre, a la jornada de portes obertes<\/strong>\u00a0i \u00a0el\u00a0<strong>dissabte<\/strong><strong>\u00a014 de desembre a la<\/strong><strong>\u00a0<\/strong><strong>parada de la Pla\u00e7a Vella.<\/strong><\/p>\n<p>Des de l\u2019AMPA solid\u00e0ria tamb\u00e9 volem donar suport aquesta iniciativa, per aquest motiu us fem extensives dues vies de participaci\u00f3 per part de tots els pares, mares i alumnes de l\u2019escola.<\/p>\n<p>1.\u00a0\u00a0\u00a0\u00a0\u00a0\u00a0\u00a0<strong>Recollint CD\u2019s\u00a0vells<\/strong>, i portant-los a l\u2019escola. A l&#8217;entrada del passad\u00eds d&#8217;infantil hi ha unes capses i sin\u00f3 els hi podeu donar als\u00a0 tutors.<\/p>\n<blockquote><p>2.\u00a0\u00a0\u00a0\u00a0\u00a0\u00a0\u00a0Poder\u00a0<strong>col\u00b7laborar en la parada\u00a0<\/strong>que hi haur\u00e0 el dissabte \u00a0<strong>14 de desembre al c\/ Major a prop de la Pla\u00e7a Vella<\/strong>durant tot el dia (de 11 del mat\u00ed fins al vespre)\u00a0estant\u00a0 una estona a la parada venent CD\u2019s. Aquelles persones que estigueu interessades a cobrir algun torn, podeu fer un correu directament a l&#8217;adre\u00e7a de\u00a0<a href=\"mailto:solidari@tecnos.cat\" target=\"_blank\" rel=\"noopener noreferrer\">solidari@tecnos.cat<\/a>\u00a0dient la franja hor\u00e0ria que us aniria millor.\u00a0Aix\u00ed anirem quadrant els horaris. Ja us passarem un correu amb la franja hor\u00e0ria que us ha tocat.<\/p><\/blockquote>\n<p>Tamb\u00e9 us recordem que el\u00a0<strong>diumenge 15 de desembre\u00a0<\/strong>l\u2019escola est\u00e0 organitzant un torneig de b\u00e0squet on cada participant haur\u00e0 de donar 1\u20ac per la marat\u00f3. Animeu-vos a participar!\u00a0<a href=\"http:\/\/esportstecnos.weebly.com\/3x3xla-maratoacute.html\" target=\"_blank\" rel=\"noopener noreferrer\">http:\/\/esportstecnos.weebly.<wbr><\/wbr>com\/3x3xla-maratoacute.html<\/a><\/p>\n<p>Esperant que us pugueu animar a participar, us recordem tots els canals que teniu de comunicaci\u00f3 amb l\u2019AMPA.<\/p>\n<p><strong>\u00a0Comissi\u00f3 solid\u00e0ria<\/strong><\/p>\n<div class=\"sharedaddy sd-sharing-enabled\"><div class=\"robots-nocontent sd-block sd-social sd-social-icon sd-sharing\"><h3 class=\"sd-title\">Share this:<\/h3><div class=\"sd-content\"><ul><li class=\"share-print\"><a rel=\"nofollow noopener noreferrer\" data-shared=\"\" class=\"share-print sd-button share-icon no-text\" href=\"http:\/\/www.tecnos.cat\/ampa\/sacosta-la-marato-de-tv3-aquest-any-per-les-malaties-neurodegeneratives\/\" target=\"_blank\" title=\"Click to print\" ><span><\/span><span class=\"sharing-screen-reader-text\">Click to print (Opens in new window)<\/span><\/a><\/li><li class=\"share-email\"><a rel=\"nofollow noopener noreferrer\" data-shared=\"\" class=\"share-email sd-button share-icon no-text\" href=\"mailto:?subject=%5BShared%20Post%5D%20S%27acosta%20la%20Marat%C3%B3%20de%20TV3%2C%20aquest%20any%20per%20les%20malaties%20neurodegeneratives.&body=http%3A%2F%2Fwww.tecnos.cat%2Fampa%2Fsacosta-la-marato-de-tv3-aquest-any-per-les-malaties-neurodegeneratives%2F&share=email\" target=\"_blank\" title=\"Click to email a link to a friend\" data-email-share-error-title=\"Do you have email set up?\" data-email-share-error-text=\"If you&#039;re having problems sharing via email, you might not have email set up for your browser. You may need to create a new email yourself.\" data-email-share-nonce=\"61d1861f2f\" data-email-share-track-url=\"http:\/\/www.tecnos.cat\/ampa\/sacosta-la-marato-de-tv3-aquest-any-per-les-malaties-neurodegeneratives\/?share=email\"><span><\/span><span class=\"sharing-screen-reader-text\">Click to email a link to a friend (Opens in new window)<\/span><\/a><\/li><li class=\"share-facebook\"><a rel=\"nofollow noopener noreferrer\" data-shared=\"sharing-facebook-1477\" class=\"share-facebook sd-button share-icon no-text\" href=\"http:\/\/www.tecnos.cat\/ampa\/sacosta-la-marato-de-tv3-aquest-any-per-les-malaties-neurodegeneratives\/?share=facebook\" target=\"_blank\" title=\"Click to share on Facebook\" ><span><\/span><span class=\"sharing-screen-reader-text\">Click to share on Facebook (Opens in new window)<\/span><\/a><\/li><li class=\"share-linkedin\"><a rel=\"nofollow noopener noreferrer\" data-shared=\"sharing-linkedin-1477\" class=\"share-linkedin sd-button share-icon no-text\" href=\"http:\/\/www.tecnos.cat\/ampa\/sacosta-la-marato-de-tv3-aquest-any-per-les-malaties-neurodegeneratives\/?share=linkedin\" target=\"_blank\" title=\"Click to share on LinkedIn\" ><span><\/span><span class=\"sharing-screen-reader-text\">Click to share on LinkedIn (Opens in new window)<\/span><\/a><\/li><li class=\"share-twitter\"><a rel=\"nofollow noopener noreferrer\" data-shared=\"sharing-twitter-1477\" class=\"share-twitter sd-button share-icon no-text\" href=\"http:\/\/www.tecnos.cat\/ampa\/sacosta-la-marato-de-tv3-aquest-any-per-les-malaties-neurodegeneratives\/?share=twitter\" target=\"_blank\" title=\"Click to share on Twitter\" ><span><\/span><span class=\"sharing-screen-reader-text\">Click to share on Twitter (Opens in new window)<\/span><\/a><\/li><li class=\"share-end\"><\/li><\/ul><\/div><\/div><\/div>","protected":false},"excerpt":{"rendered":"<p>Ja s\u2019acosta l\u2019hivern, les festes de Nadal i amb elles la ja\u00a0tradicional Marat\u00f3 de TV3. Enguany, la recaptaci\u00f3 anir\u00e0 destinada a la investigaci\u00f3\u00a0per v\u00e8ncer malalties neurodegeneratives (ajduntem tr\u00edptic informatiu) Sab\u00edeu que&#8230; Naixem amb 100.000 milions de neurones. Amb el pas del temps, algunes es van perdent i moren, per\u00f2 el nostre cos nom\u00e9s \u00e9s capa\u00e7 &hellip; <a href=\"http:\/\/www.tecnos.cat\/ampa\/sacosta-la-marato-de-tv3-aquest-any-per-les-malaties-neurodegeneratives\/\" class=\"more-link\">Continua la lectura de <span class=\"screen-reader-text\">S&#8217;acosta la Marat\u00f3 de TV3, aquest any per les malaties neurodegeneratives.<\/span><\/a><\/p>\n<div class=\"sharedaddy sd-sharing-enabled\"><div class=\"robots-nocontent sd-block sd-social sd-social-icon sd-sharing\"><h3 class=\"sd-title\">Share this:<\/h3><div class=\"sd-content\"><ul><li class=\"share-print\"><a rel=\"nofollow noopener noreferrer\" data-shared=\"\" class=\"share-print sd-button share-icon no-text\" href=\"http:\/\/www.tecnos.cat\/ampa\/sacosta-la-marato-de-tv3-aquest-any-per-les-malaties-neurodegeneratives\/\" target=\"_blank\" title=\"Click to print\" ><span><\/span><span class=\"sharing-screen-reader-text\">Click to print (Opens in new window)<\/span><\/a><\/li><li class=\"share-email\"><a rel=\"nofollow noopener noreferrer\" data-shared=\"\" class=\"share-email sd-button share-icon no-text\" href=\"mailto:?subject=%5BShared%20Post%5D%20S%27acosta%20la%20Marat%C3%B3%20de%20TV3%2C%20aquest%20any%20per%20les%20malaties%20neurodegeneratives.&body=http%3A%2F%2Fwww.tecnos.cat%2Fampa%2Fsacosta-la-marato-de-tv3-aquest-any-per-les-malaties-neurodegeneratives%2F&share=email\" target=\"_blank\" title=\"Click to email a link to a friend\" data-email-share-error-title=\"Do you have email set up?\" data-email-share-error-text=\"If you&#039;re having problems sharing via email, you might not have email set up for your browser. You may need to create a new email yourself.\" data-email-share-nonce=\"61d1861f2f\" data-email-share-track-url=\"http:\/\/www.tecnos.cat\/ampa\/sacosta-la-marato-de-tv3-aquest-any-per-les-malaties-neurodegeneratives\/?share=email\"><span><\/span><span class=\"sharing-screen-reader-text\">Click to email a link to a friend (Opens in new window)<\/span><\/a><\/li><li class=\"share-facebook\"><a rel=\"nofollow noopener noreferrer\" data-shared=\"sharing-facebook-1477\" class=\"share-facebook sd-button share-icon no-text\" href=\"http:\/\/www.tecnos.cat\/ampa\/sacosta-la-marato-de-tv3-aquest-any-per-les-malaties-neurodegeneratives\/?share=facebook\" target=\"_blank\" title=\"Click to share on Facebook\" ><span><\/span><span class=\"sharing-screen-reader-text\">Click to share on Facebook (Opens in new window)<\/span><\/a><\/li><li class=\"share-linkedin\"><a rel=\"nofollow noopener noreferrer\" data-shared=\"sharing-linkedin-1477\" class=\"share-linkedin sd-button share-icon no-text\" href=\"http:\/\/www.tecnos.cat\/ampa\/sacosta-la-marato-de-tv3-aquest-any-per-les-malaties-neurodegeneratives\/?share=linkedin\" target=\"_blank\" title=\"Click to share on LinkedIn\" ><span><\/span><span class=\"sharing-screen-reader-text\">Click to share on LinkedIn (Opens in new window)<\/span><\/a><\/li><li class=\"share-twitter\"><a rel=\"nofollow noopener noreferrer\" data-shared=\"sharing-twitter-1477\" class=\"share-twitter sd-button share-icon no-text\" href=\"http:\/\/www.tecnos.cat\/ampa\/sacosta-la-marato-de-tv3-aquest-any-per-les-malaties-neurodegeneratives\/?share=twitter\" target=\"_blank\" title=\"Click to share on Twitter\" ><span><\/span><span class=\"sharing-screen-reader-text\">Click to share on Twitter (Opens in new window)<\/span><\/a><\/li><li class=\"share-end\"><\/li><\/ul><\/div><\/div><\/div>","protected":false},"author":1,"featured_media":0,"comment_status":"open","ping_status":"open","sticky":false,"template":"","format":"standard","meta":{"jetpack_post_was_ever_published":false,"jetpack_publicize_message":"","jetpack_is_tweetstorm":false,"jetpack_publicize_feature_enabled":true},"categories":[8],"tags":[64,333,331,220,332],"jetpack_publicize_connections":[],"jetpack_featured_media_url":"","jetpack_sharing_enabled":true,"jetpack_shortlink":"https:\/\/wp.me\/p3fByE-nP","_links":{"self":[{"href":"http:\/\/www.tecnos.cat\/ampa\/wp-json\/wp\/v2\/posts\/1477"}],"collection":[{"href":"http:\/\/www.tecnos.cat\/ampa\/wp-json\/wp\/v2\/posts"}],"about":[{"href":"http:\/\/www.tecnos.cat\/ampa\/wp-json\/wp\/v2\/types\/post"}],"author":[{"embeddable":true,"href":"http:\/\/www.tecnos.cat\/ampa\/wp-json\/wp\/v2\/users\/1"}],"replies":[{"embeddable":true,"href":"http:\/\/www.tecnos.cat\/ampa\/wp-json\/wp\/v2\/comments?post=1477"}],"version-history":[{"count":7,"href":"http:\/\/www.tecnos.cat\/ampa\/wp-json\/wp\/v2\/posts\/1477\/revisions"}],"predecessor-version":[{"id":3195,"href":"http:\/\/www.tecnos.cat\/ampa\/wp-json\/wp\/v2\/posts\/1477\/revisions\/3195"}],"wp:attachment":[{"href":"http:\/\/www.tecnos.cat\/ampa\/wp-json\/wp\/v2\/media?parent=1477"}],"wp:term":[{"taxonomy":"category","embeddable":true,"href":"http:\/\/www.tecnos.cat\/ampa\/wp-json\/wp\/v2\/categories?post=1477"},{"taxonomy":"post_tag","embeddable":true,"href":"http:\/\/www.tecnos.cat\/ampa\/wp-json\/wp\/v2\/tags?post=1477"}],"curies":[{"name":"wp","href":"https:\/\/api.w.org\/{rel}","templated":true}]}}